{"id":1046062,"date":"2025-12-12T13:28:36","date_gmt":"2025-12-12T10:28:36","guid":{"rendered":"https:\/\/analyse.optim.biz\/?p=1046062"},"modified":"2025-12-12T13:28:36","modified_gmt":"2025-12-12T10:28:36","slug":"ziua-pasarilor-sarbatorita-la-muzeul-de-stiintele-naturii","status":"publish","type":"post","link":"https:\/\/analyse.optim.biz\/?p=1046062","title":{"rendered":"Ziua P\u0103s\u0103rilor, s\u0103rb\u0103torit\u0103 la Muzeul de \u0218tiin\u021bele Naturii"},"content":{"rendered":"<div class=\"entry-content\">\n<p><img decoding=\"async\" loading=\"lazy\" class=\"alignright size-medium wp-image-291051\" src=\"https:\/\/suceavanews.ro\/wp-content\/uploads\/2019\/03\/afis-ziua-pasarilor-2019-212x300.jpg\" alt=\"\" width=\"212\" height=\"300\">\u00cen perioada 1-5 aprilie 2019 la Muzeul de \u015etiin\u0163ele Naturii din Suceava vor avea loc activit\u0103\u0163ile cuprinse \u00een Programul Educa\u0163ional \u201eZiua p\u0103s\u0103rilor\u201d.<\/p>\n<p>Cea mai veche s\u0103rb\u0103toare din calendarul mediului este Ziua Interna\u0163ional\u0103 a P\u0103s\u0103rilor, s\u0103rb\u0103torit\u0103 \u00een 1 aprilie \u00eenc\u0103 din anul 1906, \u015fi are la baz\u0103 Conven\u0163ia pentru ap\u0103rarea p\u0103s\u0103rilor care promoveaz\u0103 principii legate de importan\u0163a lor \u00een ecosistemul planetei.<\/p>\n<p>Conven\u0163ia interna\u0163ional\u0103 pentru ap\u0103rarea p\u0103s\u0103rilor, adoptat\u0103 \u00een 1 aprilie 1906, a fost unul din primele documente interna\u0163ionale privind protec\u0163ia mediului, iar Ziua Interna\u0163ional\u0103 a P\u0103s\u0103rilor este marcat\u0103 anual la 1 aprilie, \u00een cadrul programului UNESCO sub titulatura \u201eOmul \u015fi biosfera\u201d.<\/p>\n<p>Informa\u0163ii \u015fi program\u0103ri la standul Muzeului de \u015etiin\u0163ele Naturii sau la telefon 0230213775.<\/p>\n<\/div>\n","protected":false},"excerpt":{"rendered":"<p>\u00cen perioada 1-5 aprilie 2019 la Muzeul de \u015etiin\u0163ele Naturii din Suceava vor avea loc activit\u0103\u0163ile cuprinse \u00een Programul Educa\u0163ional \u201eZiua p\u0103s\u0103rilor\u201d. Cea mai veche s\u0103rb\u0103toare din calendarul mediului este Ziua Interna\u0163ional\u0103 a P\u0103s\u0103rilor, s\u0103rb\u0103torit\u0103 \u00een 1 aprilie \u00eenc\u0103 din anul 1906, \u015fi are la baz\u0103 Conven\u0163ia pentru ap\u0103rarea p\u0103s\u0103rilor care promoveaz\u0103 principii legate de [&hellip;]<\/p>\n","protected":false},"author":1,"featured_media":0,"comment_status":"open","ping_status":"","sticky":false,"template":"","format":"standard","meta":{"footnotes":""},"categories":[89],"tags":[174],"class_list":["post-1046062","post","type-post","status-publish","format-standard","hentry","category-romania","tag-suceavanews-ro"],"_links":{"self":[{"href":"https:\/\/analyse.optim.biz\/index.php?rest_route=\/wp\/v2\/posts\/1046062","targetHints":{"allow":["GET"]}}],"collection":[{"href":"https:\/\/analyse.optim.biz\/index.php?rest_route=\/wp\/v2\/posts"}],"about":[{"href":"https:\/\/analyse.optim.biz\/index.php?rest_route=\/wp\/v2\/types\/post"}],"author":[{"embeddable":true,"href":"https:\/\/analyse.optim.biz\/index.php?rest_route=\/wp\/v2\/users\/1"}],"replies":[{"embeddable":true,"href":"https:\/\/analyse.optim.biz\/index.php?rest_route=%2Fwp%2Fv2%2Fcomments&post=1046062"}],"version-history":[{"count":0,"href":"https:\/\/analyse.optim.biz\/index.php?rest_route=\/wp\/v2\/posts\/1046062\/revisions"}],"wp:attachment":[{"href":"https:\/\/analyse.optim.biz\/index.php?rest_route=%2Fwp%2Fv2%2Fmedia&parent=1046062"}],"wp:term":[{"taxonomy":"category","embeddable":true,"href":"https:\/\/analyse.optim.biz\/index.php?rest_route=%2Fwp%2Fv2%2Fcategories&post=1046062"},{"taxonomy":"post_tag","embeddable":true,"href":"https:\/\/analyse.optim.biz\/index.php?rest_route=%2Fwp%2Fv2%2Ftags&post=1046062"}],"curies":[{"name":"wp","href":"https:\/\/api.w.org\/{rel}","templated":true}]}}