{"id":1046060,"date":"2025-12-12T13:28:17","date_gmt":"2025-12-12T10:28:17","guid":{"rendered":"https:\/\/analyse.optim.biz\/?p=1046060"},"modified":"2025-12-12T13:28:17","modified_gmt":"2025-12-12T10:28:17","slug":"prima-expozitie-personala-a-ioanei-holca-o-artista-de-numai-10-ani","status":"publish","type":"post","link":"https:\/\/analyse.optim.biz\/?p=1046060","title":{"rendered":"Prima expozi\u021bie personal\u0103 a Ioanei Holca, o artist\u0103 de numai 10 ani"},"content":{"rendered":"<div class=\"entry-content\">\n<p><img decoding=\"async\" loading=\"lazy\" class=\"alignright size-medium wp-image-291186\" src=\"https:\/\/suceavanews.ro\/wp-content\/uploads\/2019\/04\/ioana-holca-215x300.jpg\" alt=\"\" width=\"215\" height=\"300\">Ioana Holca -10 ani, descoperit\u0103 \u015fi format\u0103 \u00eenc\u0103 de la v\u00e2rsta de 5 ani \u00een cadrul mi\u015fc\u0103rii artistice Academia Liber\u0103 de Art\u0103 Paula \u015ealar, prezint\u0103 cu mult\u0103 credin\u0163\u0103 \u015fi curaj prima expozi\u0163ie personal\u0103, cuprinz\u00e2nd un num\u0103r substan\u0163ial de lucr\u0103ri, peste 35 de picturi, acrylic pe p\u00e2nz\u0103, abord\u00e2nd tehnici, compozi\u0163ii \u015fi idei complexe. Vernisajul va avea loc miercuri, 3 aprilie, ora 11.00, la Galeria Bibliotecii Bucovinei (corp A, et. 1).<\/p>\n<p>Binecuv\u00e2ntat\u0103 cu mari Daruri suflete\u015fti \u015fi artistice, cu o receptivitate, inteligen\u0163\u0103, capacitate de a iubi tot \u015fi toate, ce dep\u0103\u015fesc cu mult nivelul de manifestare al genera\u0163iei pe care o reprezint\u0103, Ioana exprim\u0103 \u015fi se exprim\u0103 \u00een desenul \u015fi pictura sa \u00eentr-un mod uluitor!<\/p>\n<p>Ea este elev\u0103 \u00een clasa a IV-a a \u015ecolii generale nr.3 Suceava.<br \/>\nCompozi\u0163iile sale se construiesc cu jovialitatea, senin\u0103tatea copilului luminos, creativ \u015fi plin de energie curat\u0103, surprinz\u00e2nd adesea prin profunzimi \u015fi corela\u0163ii de o maturitate, ce v\u0103desc Lucrarea Aleas\u0103 ce se faptuie\u015fte \u00een sufletului s\u0103u. De multe ori, desen\u00e2nd, pict\u00e2nd sau pur \u015fi simplu exprim\u00e2nd in cuvinte ceea ce VEDE, ochii ei cap\u0103t\u0103 luciri ad\u00e2nci, parc\u0103 ating\u00e2nd cu dege\u0163elul imagina\u0163iei \u015fi \u00een\u0163elegerii sale, izvoare limpezi de \u00een\u0163elepciune, ce nu sunt accesibile oricui. Apoi se \u00eenal\u0163\u0103 cu libertatea \u00eendr\u0103znea\u0163\u0103 a copil\u0103riei sale, c\u0103tre lumi fantastice, populate cu personaje \u015fi elemente inedite, c\u0103rora le d\u0103 via\u0163\u0103 \u015fi expresivitate artistic\u0103 de net\u0103g\u0103duit. Face totul cu naturale\u0163e, firesc, \u00eentru bucurie, c\u0103ci Harul \u00eei deschide c\u0103i de crea\u0163ie mereu noi \u015fi aparte. Totul o inspir\u0103, pentru c\u0103 spiritul ei este treaz, viu \u015fi mereu lucr\u0103tor. Picteaz\u0103, deseneaz\u0103, a\u015fa cum respir\u0103, c\u0103ci tr\u0103ie\u015fte intens \u015fi adev\u0103rat tot ce creeaz\u0103.<\/p>\n<p>E at\u0103t de aparte capacitatea de a se conecta parc\u0103 la filonul marilor clasici, reprezentan\u0163i ai picturii rom\u00e2ne\u015fti din alte timpuri, \u00een compozi\u0163ii de mare expresivitate, manifest\u00e2nd un sim\u0163 cromatic remarcabil, abord\u00e2nd tema peisajului,a naturii statice, cea a portretului \u015fi a florilor, dar \u00een acela\u015fi timp conect\u00e2ndu-se la modernitate, prin expresivitatea formelor \u015fi rezolv\u0103rii compozi\u0163ionale inedite, imagina\u0163ia sa model\u00e2nd f\u0103pturi pline de mi\u015fcare, universuri, lumi neexplorate pline de magie, expresivitate \u015fi culoare. Nimic nu e static, totul e \u00eentr-o dinamic\u0103 spumoas\u0103, ce adesea are leg\u0103tur\u0103 cu tainicul din mintea \u015fi sufletul ei de copil ghidu\u015f \u015fi n\u0103zdr\u0103van, c\u0103ruia creionul, pensonul, cu\u0163itul de palet\u0103, culorile \u00eei sunt prieteni dedica\u0163i, cu care \u00ee\u015fi petrece timpul \u015fi atunci c\u00e2nd simte s\u0103 lucreze intens \u015fi c\u00e2nd se relaxeaz\u0103. Da, alege s\u0103 schi\u0163eze personaje de desen animat, face band\u0103 desenat\u0103, ilustra\u0163ie de carte la pove\u015ftile pe care le iube\u015fte \u015fi caricatur\u0103 pe subiecte ale timpurilor pe care le tr\u0103ie\u015fte, atunci c\u00e2nd se relaxeaz\u0103.<\/p>\n<p>A f\u0103cut parte din echipa micilor caricaturi\u015fti, care a ob\u0163inut trofeul, Premiul Special al Juriului \u015fi diplome de excelen\u0163\u0103, cu lucr\u0103rile lor de grafic\u0103 satiric\u0103 la \u201cTHE TENTH INTERNATIONAL CARTOON EXHIBITION\u201d, 2018, ,, Popas \u00eentr-un z\u00e2mbet de copil\u201d- Drobeta Turnu-Severin-aprecierile venind din partea unui juriu de specialitate, av\u00e2ndu-l ca pre\u015fedinte al juriului pe binecunoscutul caricaturist de talie interna\u0163ional\u0103 \u015etefan Popa Popa\u2019s.<\/p>\n<p>\u201eSunt recunosc\u0103toare bunului Dumnezeu c\u0103 am \u015fansa de a descoperi, forma \u015fi promova copii \u015fi tineri at\u00e2t de D\u0103rui\u0163i, suflete minunate \u015fi nobile, venite cu Iubire de semeni \u015fi iubire pentru toat\u0103 Crea\u0163ia Tat\u0103lui, cu capacit\u0103\u0163i de excep\u0163ie care, cu siguran\u0163\u0103, sunt \u015fi vor fi v\u00e2rfuri de genera\u0163ie \u00een noile timpuri\u201d-\u00a0 Paula \u015ealar- artist plastic, profesor<\/p>\n<\/div>\n","protected":false},"excerpt":{"rendered":"<p>Ioana Holca -10 ani, descoperit\u0103 \u015fi format\u0103 \u00eenc\u0103 de la v\u00e2rsta de 5 ani \u00een cadrul mi\u015fc\u0103rii artistice Academia Liber\u0103 de Art\u0103 Paula \u015ealar, prezint\u0103 cu mult\u0103 credin\u0163\u0103 \u015fi curaj prima expozi\u0163ie personal\u0103, cuprinz\u00e2nd un num\u0103r substan\u0163ial de lucr\u0103ri, peste 35 de picturi, acrylic pe p\u00e2nz\u0103, abord\u00e2nd tehnici, compozi\u0163ii \u015fi idei complexe. Vernisajul va avea [&hellip;]<\/p>\n","protected":false},"author":1,"featured_media":0,"comment_status":"open","ping_status":"","sticky":false,"template":"","format":"standard","meta":{"footnotes":""},"categories":[89],"tags":[174],"class_list":["post-1046060","post","type-post","status-publish","format-standard","hentry","category-romania","tag-suceavanews-ro"],"_links":{"self":[{"href":"https:\/\/analyse.optim.biz\/index.php?rest_route=\/wp\/v2\/posts\/1046060","targetHints":{"allow":["GET"]}}],"collection":[{"href":"https:\/\/analyse.optim.biz\/index.php?rest_route=\/wp\/v2\/posts"}],"about":[{"href":"https:\/\/analyse.optim.biz\/index.php?rest_route=\/wp\/v2\/types\/post"}],"author":[{"embeddable":true,"href":"https:\/\/analyse.optim.biz\/index.php?rest_route=\/wp\/v2\/users\/1"}],"replies":[{"embeddable":true,"href":"https:\/\/analyse.optim.biz\/index.php?rest_route=%2Fwp%2Fv2%2Fcomments&post=1046060"}],"version-history":[{"count":0,"href":"https:\/\/analyse.optim.biz\/index.php?rest_route=\/wp\/v2\/posts\/1046060\/revisions"}],"wp:attachment":[{"href":"https:\/\/analyse.optim.biz\/index.php?rest_route=%2Fwp%2Fv2%2Fmedia&parent=1046060"}],"wp:term":[{"taxonomy":"category","embeddable":true,"href":"https:\/\/analyse.optim.biz\/index.php?rest_route=%2Fwp%2Fv2%2Fcategories&post=1046060"},{"taxonomy":"post_tag","embeddable":true,"href":"https:\/\/analyse.optim.biz\/index.php?rest_route=%2Fwp%2Fv2%2Ftags&post=1046060"}],"curies":[{"name":"wp","href":"https:\/\/api.w.org\/{rel}","templated":true}]}}