{"id":1046059,"date":"2025-12-12T13:28:01","date_gmt":"2025-12-12T10:28:01","guid":{"rendered":"https:\/\/analyse.optim.biz\/?p=1046059"},"modified":"2025-12-12T13:28:01","modified_gmt":"2025-12-12T10:28:01","slug":"vezi-cine-sunt-laureatii-festivalului-concurs-national-de-muzica-religioasa-corala-ortodoxa-buna-vestire","status":"publish","type":"post","link":"https:\/\/analyse.optim.biz\/?p=1046059","title":{"rendered":"Vezi cine sunt laurea\u021bii Festivalului \u2013 Concurs Na\u0163ional de Muzic\u0103 Religioas\u0103 Coral\u0103 Ortodox\u0103 \u201eBuna Vestire\u201c!"},"content":{"rendered":"<div class=\"entry-content\">\n<p><img decoding=\"async\" loading=\"lazy\" class=\"alignright size-medium wp-image-291276\" src=\"https:\/\/suceavanews.ro\/wp-content\/uploads\/2019\/04\/festival-300x225.jpg\" alt=\"\" width=\"300\" height=\"225\">Pentru o zi, comuna Fundu Moldovei din jude\u021bul Suceava a devenit capitala muzicii corale din \u00eentreaga Moldov\u0103. O zi plin\u0103 de evenimente care se circumscriu tradi\u021biilor \u00een Bucovina cu ocazia S\u0103rb\u0103torilor Pascale \u0219i cu venirea prim\u0103verii. Un public de ni\u0219\u0103 foarte rafinat, selectat de aceast\u0103 necru\u021b\u0103toare pasiune a muzicii, turi\u0219ti de peste tot, personalit\u0103\u021bi din toate domeniile, dar mai ales cele care provin din mediul cultural \u0219i politic. O zi magnific\u0103 \u00een comuna Fundu Moldovei, o comun\u0103 patrimoniu \u2013 stindard, care \u0219i-a onorat, cu noble\u021be, blazonul. La aceast\u0103 manifestare au participat, pe l\u00e2ng\u0103 mul\u021bi al\u021bii, aproape ca de fiecare dat\u0103, pre\u0219edintele CJ Suceava, domnul Gheorghe Flutur, vicepre\u0219edintele Gheorghe Ni\u021b\u0103, consilieri locali, consilieri jude\u021beni.<\/p>\n<p>Evenimentul, ajuns la a XXIX-a edi\u021bie \u0219i organizat de Arhiepiscopia Sucevei \u0219i R\u0103d\u0103u\u021bilor, Consiliul Jude\u021bean Suceava, Centrul Cultural \u201eBucovina\u201d, Prim\u0103ria \u0219i Consiliul Local Fundu Moldovei, Inspectoratul \u0218colar Jude\u021bean Suceava, C\u0103minul Cultural Botu\u0219 \u0219i Societatea de Cultur\u0103 \u201eDimitrie Gusti\u201d Fundu Moldovei, s-a desf\u0103\u0219urat duminic\u0103, 31 martie a.c., la C\u0103minul Cultural Botu\u0219.<\/p>\n<p>Trofeul edi\u021biei 2019 a Festivalului-Concurs Na\u021bional de Muzic\u0103 Religioasa Coral\u0103 Ortodox\u0103 \u201cBuna Vestire\u201d, organizat de c\u0103tre Consiliul Jude\u021bean Suceava, prin Centrul Cultural \u201dBUCOVINA\u201d, a fost adjudecat de c\u0103tre Corala \u201dUniversitas\u201da Universit\u0103\u021bii Alexandru Ioan Cuza \u2013 Ia\u0219i. Dirijor, lector universitar, dr. preot Ionu\u021b Gabriel Nastas\u0103.<\/p>\n<p>Sec\u021biunea coruri de copii<\/p>\n<p>Premiul I<\/p>\n<p>Corul \u201dVivat\u201d al \u0218colii Gimnaziale Bogdan Vod\u0103 din C\u00c2MPULUNG MOLDOVENESC \u2013 Dirijor Otilia Mahu.<\/p>\n<p>Premiul II<\/p>\n<p>Corul \u201dLuca Arbore\u201d din Vorona Mare \u2013 Boto\u0219ani<\/p>\n<p>Dirijor \u2013 prof. Gabriela Pricope<\/p>\n<p>Premiul III<\/p>\n<p>Corul \u201dOctave\u201d al \u0218colii Gimnaziale \u201dAurelian Stanciu\u201d din localitatea Salcea \u2013 Suceava<\/p>\n<p>Dirijor \u2013 Valentna Maria Tablan \u2013Popescu.<\/p>\n<p>Men\u021biune \u2013 Corul \u201dNikolaus\u201dal Parohiei din localitatea Sadova.<\/p>\n<p>Dirijor \u2013 Iustinian Ion M\u00e2ndril\u0103.<\/p>\n<p>Men\u021biune \u2013 Corul \u201dAdagio\u201d al \u0218colii Gimnaziale\u201d Spiru Haret\u201d din Dorohoi \u2013 Boto\u0219ani.<\/p>\n<p>Dirijor \u2013 prpf. Gheorghe Gu\u0219ulei<\/p>\n<p>Sec\u021biunea coruri licee cu alt profil<\/p>\n<p>Premiul I \u2013 Nu se acord\u0103!<\/p>\n<p>Premiul II<\/p>\n<p>Corul \u201dFlorile Prutului\u201d al Liceului \u201d\u0218tefan Luchian\u201d di localitatea \u0218tef\u0103ne\u0219ti \u2013 Boto\u0219ani.<\/p>\n<p>Dirijor \u2013 prof. Elena Marineac Elena \u0219i prof. Maria Crengu\u021ba Volintiru<\/p>\n<p>Sec\u021biunea coruri a\u0219ez\u0103minte culturale<\/p>\n<p>Premiul I<\/p>\n<p>Corul \u201dDivertis\u201d din Republica Moldova<\/p>\n<p>Dirijor \u2013 Viorica Popa<\/p>\n<p>Premiul II<\/p>\n<p>Corul Casei de Cultur\u0103 \u201dAlexandru Ar\u0219inel\u201d din localitatea Dolhasca.<\/p>\n<p>Premiul III<\/p>\n<p>Corul \u201dRaluca Iura\u0219cu\u201d din localitatea Vorona, jude\u021bul Boto\u0219ani<\/p>\n<p>Dirijor \u2013 prof. Gabriela Pricope.<\/p>\n<p>Men\u021biune:<\/p>\n<p>Corul \u201dTroi\u021ba\u201d din localitatea Siret \u2013 Suceava.<\/p>\n<p>Dirijor \u2013 Florin Gabriel Varga<\/p>\n<p>Men\u021biune:<\/p>\n<p>Grup vocal \u201dArmonia\u201d din localitatea \u0218tef\u0103ne\u0219ti \u2013 Boto\u0219ani.<\/p>\n<p>Dirijori \u2013 Maria Crengu\u021ba Volintiru \u0219i prof. Elena Marineac<\/p>\n<p>Sec\u021biunea coruri parohiale<\/p>\n<p>Premiul I<\/p>\n<p>Corul \u201dEcoul Dornean\u201d din localitatea Dorna Arini<\/p>\n<p>Dirijor \u2013 preot Iulian Nicolae Borgneanu<\/p>\n<p>Premiul II<\/p>\n<p>Corul parohial \u201dSf\u00e2ntul Dumitru\u201d din localitatea C\u00e2mpulung Moldovenesc<\/p>\n<p>Dirijor \u2013 Preot Liviu \u0218olovan<\/p>\n<p>Premiul III<\/p>\n<p>Nu se acord\u0103!<\/p>\n<p>Men\u021biune:<\/p>\n<p>Grup vocal \u201dP\u0103str\u0103torii de tradi\u021bii\u201d din localitatea Marginea Suceava.<\/p>\n<p>Coordonator \u2013 Aurel Halip<\/p>\n<p>Sec\u021biunea coruri profesioniste<\/p>\n<p>Premiul I<\/p>\n<p>Corala \u201eSf\u00e2ntul Leontie\u201d din R\u0103d\u0103u\u021bi<\/p>\n<p>Dirijor \u2013 Ovidiu Foca, dirijor, directorul Casei de Cultur\u0103 R\u0103d\u0103u\u021bi<\/p>\n<p>Premiul II<\/p>\n<p>Corala \u201dMitropolit Dosoftei\u201d<\/p>\n<p>Dirijor \u2013 Preot prof. Lucian Tablan Popescu<\/p>\n<p>Premii speciale<\/p>\n<p>Premiul Special pentru cel mai bun dirijor<\/p>\n<p>Ovidiu Foca \u2013 R\u0103d\u0103u\u021bi, directorul Casei de Cultur\u0103<\/p>\n<p>Premiul Special pentru corul de la cea mai mare distan\u021b\u0103<\/p>\n<p>Corul \u201dDivertis\u201d din Republica Moldova<\/p>\n<p>Au evoluat \u00een recital:<\/p>\n<p>Corul Parohiei \u201dPogor\u00e2rea Sf\u00e2ntului Duh\u201d din localitatea Botu\u0219<\/p>\n<p>Dirijor \u2013 prof. Adriana Lati\u0219<\/p>\n<p>Corul Bisericii \u201dCuvioasa Parascheva\u201d din localitatea Boto\u0219ani, c\u00e2\u0219tig\u0103torul Marelui Premiu de la edi\u021bia precedent\u0103.<\/p>\n<p>Dirijor \u2013 prof. Lauren\u021biu Palade<\/p>\n<p>La acest festival, cu puternic\u0103 tradi\u021bie, au mai participat, \u00een afara concursului, evident, peste 40 de me\u0219teri populari din jude\u021bele Suceava \u0219i Neam\u021b.<\/p>\n<\/div>\n","protected":false},"excerpt":{"rendered":"<p>Pentru o zi, comuna Fundu Moldovei din jude\u021bul Suceava a devenit capitala muzicii corale din \u00eentreaga Moldov\u0103. O zi plin\u0103 de evenimente care se circumscriu tradi\u021biilor \u00een Bucovina cu ocazia S\u0103rb\u0103torilor Pascale \u0219i cu venirea prim\u0103verii. Un public de ni\u0219\u0103 foarte rafinat, selectat de aceast\u0103 necru\u021b\u0103toare pasiune a muzicii, turi\u0219ti de peste tot, personalit\u0103\u021bi din [&hellip;]<\/p>\n","protected":false},"author":1,"featured_media":0,"comment_status":"open","ping_status":"","sticky":false,"template":"","format":"standard","meta":{"footnotes":""},"categories":[89],"tags":[174],"class_list":["post-1046059","post","type-post","status-publish","format-standard","hentry","category-romania","tag-suceavanews-ro"],"_links":{"self":[{"href":"https:\/\/analyse.optim.biz\/index.php?rest_route=\/wp\/v2\/posts\/1046059","targetHints":{"allow":["GET"]}}],"collection":[{"href":"https:\/\/analyse.optim.biz\/index.php?rest_route=\/wp\/v2\/posts"}],"about":[{"href":"https:\/\/analyse.optim.biz\/index.php?rest_route=\/wp\/v2\/types\/post"}],"author":[{"embeddable":true,"href":"https:\/\/analyse.optim.biz\/index.php?rest_route=\/wp\/v2\/users\/1"}],"replies":[{"embeddable":true,"href":"https:\/\/analyse.optim.biz\/index.php?rest_route=%2Fwp%2Fv2%2Fcomments&post=1046059"}],"version-history":[{"count":0,"href":"https:\/\/analyse.optim.biz\/index.php?rest_route=\/wp\/v2\/posts\/1046059\/revisions"}],"wp:attachment":[{"href":"https:\/\/analyse.optim.biz\/index.php?rest_route=%2Fwp%2Fv2%2Fmedia&parent=1046059"}],"wp:term":[{"taxonomy":"category","embeddable":true,"href":"https:\/\/analyse.optim.biz\/index.php?rest_route=%2Fwp%2Fv2%2Fcategories&post=1046059"},{"taxonomy":"post_tag","embeddable":true,"href":"https:\/\/analyse.optim.biz\/index.php?rest_route=%2Fwp%2Fv2%2Ftags&post=1046059"}],"curies":[{"name":"wp","href":"https:\/\/api.w.org\/{rel}","templated":true}]}}