{"id":1046057,"date":"2025-12-12T13:27:40","date_gmt":"2025-12-12T10:27:40","guid":{"rendered":"https:\/\/analyse.optim.biz\/?p=1046057"},"modified":"2025-12-12T13:27:40","modified_gmt":"2025-12-12T10:27:40","slug":"robert-voitchevici-castigatorul-marelui-premiu-la-concursul-nicolae-milord","status":"publish","type":"post","link":"https:\/\/analyse.optim.biz\/?p=1046057","title":{"rendered":"Robert Voitchevici, c\u00e2\u0219tig\u0103torul marelui premiu la concursul \u201eNicolae Milord\u201d"},"content":{"rendered":"<div class=\"entry-content\">\n<p><img decoding=\"async\" loading=\"lazy\" class=\"alignright size-medium wp-image-291739\" src=\"https:\/\/suceavanews.ro\/wp-content\/uploads\/2019\/04\/concurs-300x237.jpg\" alt=\"\" width=\"300\" height=\"237\">Robert Voitchevici este c\u00e2\u0219tig\u0103torul marelui premiu la concursul \u201eNicolae Milord\u201d.\u00a0Reprezentantul \u015ecolii de Arte \u201cIon Irimescu\u201d din cadrul Centrului Cultural \u201cBucovina\u201d din Suceava are 50 de ani, este c\u0103s\u0103torit \u015fi lucreaz\u0103 ca inginer la o societate privat\u0103.<\/p>\n<p>Pasionat, \u00eenc\u0103 din copil\u0103rie, de desen \u015fi pictur\u0103 (acuarel\u0103, gua\u015fe, tempera), a fost orientat de p\u0103rin\u0163i c\u0103tre \u015ftiin\u0163ele exacte (matematic\u0103-fizic\u0103). Astfel c\u0103 pe parcursul liceului \u015fi facult\u0103\u0163ii leg\u0103turile cu pasiunea sa, arta plastic\u0103, au fost, a\u015fa cum \u00eensu\u015fi spune, \u201cpu\u0163in rupte\u201d.<\/p>\n<p>Desenul \u015fi pictura, odat\u0103 intrate \u00een suflet, nu au fost nicic\u00e2nd uitate. A exersat ocazional \u015fi astfel a ajuns la \u00eent\u00e2lnirea cu \u201culeiul, care s-a produs \u00een urma cu treizeci de ani, \u00eencerc\u00e2nd singur s\u0103-mi perfec\u0163ionez tehnica picturii (de la execu\u0163ia \u015fasiului, grunduirea suporturilor, folosirea diferitelor mediumuri \u015fi vernisuri), am experimentat aproape toate tehnicile picturii \u00een ulei.\u201d<\/p>\n<p>Aplecarea c\u0103tre pictur\u0103 a fost, mult timp, \u201c\u00eenchis\u0103 \u00eentre pere\u0163ii casei, av\u00e2nd ca public \u015fi critici doar familia \u015fi prietenii\u201d. Ace\u015ftia l-au \u00eendemnat s\u0103 se \u201cdeschid\u0103\u201d. A\u015fa a ajuns la cursul de pictur\u0103 al \u015ecolii de Arte \u201cIon Irimescu\u201d, la clasa pictorului Dumitru Rusu.<\/p>\n<p>\u201c\u00cent\u00e2lnirea cu maestrul Rusu a fost de bun augur, acesta v\u0103z\u00e2nd la mine \u00eenclinarea spre pictura \u00een ulei. R\u0103bdarea \u015fi bun\u0103tatea acestuia m-au convins s\u0103 merg mai departe pe acest drum. Am \u00eencercat, sub \u00eendrumarea sa, s\u0103-mi perfec\u0163ionez tehnica.\u201d<\/p>\n<p>Rezultatele au ap\u0103rut spre finalul anului 2018, c\u00e2nd la Expozi\u0163ia anual\u0103 \u201cIon Irimescu\u201d, unde au participat fo\u015fti \u015fi actuali elevi ai \u015ecolii Populare care poart\u0103 numele marelui sculptor, suceveanul a ob\u0163inut Locul I la sec\u0163ia pictur\u0103. Apoi, la Concursul na\u0163ional de pictur\u0103 \u015fi grafic\u0103 \u201cIon Irimescu\u201d, organizat la Suceava \u00een februarie, ob\u0163ine o Men\u0163iune la sec\u0163iunea pictur\u0103.<\/p>\n<p>O lun\u0103 mai t\u00e2rziu, la finalul lunii martie, Robert Voitchevici este recompensat pentru lucrarea sa, \u201cPeisaj de iarn\u0103\u201d, Marele Premiu la Concursul na\u0163ional de arte plastice \u201cNicolae Milord\u201d, organizat de Centrul pentru Cultur\u0103 \u015fi Arte \u201cCarmen Saeculare\u201d Neam\u0163.<\/p>\n<p>Despre experien\u0163a tr\u0103it\u0103 la Piatra-Neam\u0163, laureatul edi\u0163iei a treia spune:<\/p>\n<p>\u201cAm participat la vernisaj \u015fi am v\u0103zut lucr\u0103ri foarte bune. Vreau s\u0103-i felicit pe to\u0163i ceilal\u0163i premian\u0163i, dar \u015fi pe to\u0163i participan\u0163ii. Consider c\u0103 nu trebuie s\u0103 uitam c\u0103 fiecare dintre noi \u00eenc\u0103 mai este \u00een perioada de studiu, de c\u0103utare, de perfec\u0163ionare. Mul\u0163umesc juriului pentru apreciere \u015fi organizatorilor pentru invita\u0163ie, personal dar \u015fi \u00een calitate de reprezentant al \u015ecolii de Arte \u201cIon Irimescu\u201d din cadrul Centrului Cultural \u2018Bucovina\u2019 din Suceava.\u201d<\/p>\n<\/div>\n","protected":false},"excerpt":{"rendered":"<p>Robert Voitchevici este c\u00e2\u0219tig\u0103torul marelui premiu la concursul \u201eNicolae Milord\u201d.\u00a0Reprezentantul \u015ecolii de Arte \u201cIon Irimescu\u201d din cadrul Centrului Cultural \u201cBucovina\u201d din Suceava are 50 de ani, este c\u0103s\u0103torit \u015fi lucreaz\u0103 ca inginer la o societate privat\u0103. Pasionat, \u00eenc\u0103 din copil\u0103rie, de desen \u015fi pictur\u0103 (acuarel\u0103, gua\u015fe, tempera), a fost orientat de p\u0103rin\u0163i c\u0103tre \u015ftiin\u0163ele exacte [&hellip;]<\/p>\n","protected":false},"author":1,"featured_media":0,"comment_status":"open","ping_status":"","sticky":false,"template":"","format":"standard","meta":{"footnotes":""},"categories":[89],"tags":[174],"class_list":["post-1046057","post","type-post","status-publish","format-standard","hentry","category-romania","tag-suceavanews-ro"],"_links":{"self":[{"href":"https:\/\/analyse.optim.biz\/index.php?rest_route=\/wp\/v2\/posts\/1046057","targetHints":{"allow":["GET"]}}],"collection":[{"href":"https:\/\/analyse.optim.biz\/index.php?rest_route=\/wp\/v2\/posts"}],"about":[{"href":"https:\/\/analyse.optim.biz\/index.php?rest_route=\/wp\/v2\/types\/post"}],"author":[{"embeddable":true,"href":"https:\/\/analyse.optim.biz\/index.php?rest_route=\/wp\/v2\/users\/1"}],"replies":[{"embeddable":true,"href":"https:\/\/analyse.optim.biz\/index.php?rest_route=%2Fwp%2Fv2%2Fcomments&post=1046057"}],"version-history":[{"count":0,"href":"https:\/\/analyse.optim.biz\/index.php?rest_route=\/wp\/v2\/posts\/1046057\/revisions"}],"wp:attachment":[{"href":"https:\/\/analyse.optim.biz\/index.php?rest_route=%2Fwp%2Fv2%2Fmedia&parent=1046057"}],"wp:term":[{"taxonomy":"category","embeddable":true,"href":"https:\/\/analyse.optim.biz\/index.php?rest_route=%2Fwp%2Fv2%2Fcategories&post=1046057"},{"taxonomy":"post_tag","embeddable":true,"href":"https:\/\/analyse.optim.biz\/index.php?rest_route=%2Fwp%2Fv2%2Ftags&post=1046057"}],"curies":[{"name":"wp","href":"https:\/\/api.w.org\/{rel}","templated":true}]}}