{"id":1046055,"date":"2025-12-12T13:27:18","date_gmt":"2025-12-12T10:27:18","guid":{"rendered":"https:\/\/analyse.optim.biz\/?p=1046055"},"modified":"2025-12-12T13:27:18","modified_gmt":"2025-12-12T10:27:18","slug":"mii-de-carti-donate-in-judetul-suceava-in-cadrul-programului-cartile-copilariei","status":"publish","type":"post","link":"https:\/\/analyse.optim.biz\/?p=1046055","title":{"rendered":"Mii de c\u0103r\u021bi donate \u00een jude\u021bul Suceava \u00een cadrul programului C\u0103r\u021bile Copil\u0103riei"},"content":{"rendered":"<div class=\"entry-content\">\n<p><img decoding=\"async\" loading=\"lazy\" class=\"alignright size-medium wp-image-292300\" src=\"https:\/\/suceavanews.ro\/wp-content\/uploads\/2019\/04\/AsociatiaCurteaVeche_1-300x200.jpg\" alt=\"\" width=\"300\" height=\"200\">Asocia\u021bia Curtea Veche continu\u0103 campania de dona\u021bii din cadrul programului na\u021bional de lectur\u0103 \u201eC\u0103r\u021bile copil\u0103riei\u201d \u00een jude\u021bul Suceava, \u00eenceput\u0103 acum doi ani cu sprijinul Funda\u021biei EGGER. P\u00e2n\u0103 \u00een prezent, la ini\u021biativa t\u00e2n\u0103rului Luca Ciubotaru care a propus implementarea acestui program \u0219i \u00een jude\u021bul Suceava, au fost oferite, prin sprijinul Asocia\u021biei Curtea Veche \u0219i al Funda\u021biei EGGER, peste 5.000 de volume potrivite v\u00e2rstei elevilor din 36 \u0219coli din jude\u021bul Suceava.<\/p>\n<p>Dona\u021biile de carte au avut loc la \u00eenceputul acestei s\u0103pt\u0103m\u00e2ni \u00een cadrul unor \u00eent\u00e2lniri cu elevii institu\u021biilor: \u0218coala Gimnazial\u0103 \u201eIulian Vesper\u201d Horodnic de Sus, Liceul Tehnic \u201eVasile Gherasim\u201d Marginea, \u0218coala Gimnazial\u0103 \u201eI G Sbiera\u201d Horodnic de Jos, \u0218coala Gimnazial\u0103 B\u0103lc\u0103u\u021bi, \u0218coala Gimnazial\u0103 Burla \u0219i \u0218coala Gimnazial\u0103 \u201eLuca Arbore\u201d din Arbore.<\/p>\n<p>\u00cen cadrul evenimentelor au participat cu discursuri motiva\u021bionale: Alina Chifan (Director V\u00e2nz\u0103ri EGGER Rom\u00e2nia \u0219i membru \u00een Consiliul Director al Funda\u021biei EGGER), doamna Angela Sehlanec (reprezentant, Inspectoratul Jude\u021bean Suceava), Valentina Roman (director executiv, Asocia\u0163ia Curtea Veche) \u0219i Andreea Lupescu, jurnalist \u0219i artist, care a sus\u021binut un moment interactiv de lectur\u0103 prin care le-a demonstrat copiilor c\u0103 cititul poate fi distractiv dac\u0103 \u00ee\u0219i activeaz\u0103 imagina\u021bia. Proiectul continu\u0103 prin \u00eenfiin\u021barea cluburilor de lectur\u0103 \u201eC\u0103r\u021bile copil\u0103riei\u201d cu activit\u0103\u021bi interactive sus\u021binute de profesori \u0219i voluntari locali \u0219i cu nou\u0103 serie de dona\u021bii \u00een luna septembrie.<\/p>\n<p>Sus\u021bin\u0103torul principal al acestei ac\u021biuni, Funda\u021bia EGGER,\u00a0este o organiza\u021bie non-guvernamental\u0103 \u00eenfiin\u021bat\u0103 cu scopul de a oferi beneficii adi\u021bionale comunit\u0103\u021bilor din regiunea R\u0103d\u0103u\u021bi prin dezvoltarea \u0219i implementarea de proiecte menite s\u0103 \u00eembun\u0103t\u0103\u021beasc\u0103 condi\u021biile de via\u021b\u0103 investind \u00een proiecte de educa\u021bie \u0219i mediu. Statisticile din ce \u00een ce mai \u00eengrijor\u0103toare privind rezultatele slabe \u00een sistemul educa\u0163ional, sc\u0103derea dramatic\u0103 a lecturii \u00een r\u00e2ndul celor mici, dificult\u0103\u0163ile \u00een \u00een\u0163elegerea textelor \u015fi lipsa programelor de lectur\u0103 sunt doar c\u00e2teva dintre aspectele pentru care reprezentan\u021bii acesteia au decis s\u0103 se al\u0103ture programului na\u021bional de lectur\u0103 ini\u021biat de Asocia\u021bia Curtea Veche \u0219i s\u0103 continue. \u00cen luna ianuarie a fost adoptat un proiect de lege prin care anul 2019 este instituit ca \u201eAnul C\u0103r\u0163ii\u201d \u00een Rom\u00e2nia pentru \u00eencurajarea obiceiului lecturii \u00een r\u00e2ndul copiilor.<\/p>\n<p><img decoding=\"async\" loading=\"lazy\" class=\"alignleft size-medium wp-image-292301\" src=\"https:\/\/suceavanews.ro\/wp-content\/uploads\/2019\/04\/AsociatiaCurteaVeche_4-300x200.jpg\" alt=\"\" width=\"300\" height=\"200\">\u201e\u00centreb\u00e2nd care este cea mai mare dorin\u021b\u0103 a sa \u00een urm\u0103torii 5 ani, unul dintre elevii din mediul rural la care acest program a ajuns mi-a spus c\u0103 ar vrea s\u0103 vad\u0103 Ia\u0219iul. O carte citit\u0103 la momentul potrivit poate schimba \u00een bine via\u021ba unui t\u00e2n\u0103r \u0219i poate deschide noi orizonturi, poate motiva un elev s\u0103 \u00ee\u0219i doreasc\u0103 mai mult de la viitorul s\u0103u \u0219i s\u0103 munceasc\u0103 pentru a ajunge acolo. Acesta este motivul pentru care am propus Asocia\u021biei Curtea Veche \u0219i Funda\u021biei EGGER ca acest proiect implementat cu succes \u00een Bucure\u0219ti \u0219i \u00een alte zone din \u021bar\u0103 s\u0103 ajung\u0103 \u0219i \u00een zona noastr\u0103. Societatea nu poate evolua dec\u00e2t prin educa\u021bie.\u201d declar\u0103 Luca Ciubotaru, ini\u021biatorul acestor ac\u021biuni, cel care a propus sprijinirea activit\u0103\u021bilor Asocia\u021biei Curtea Veche \u0219i Funda\u021biei EGGER, \u00een calitate de membru al consiliului consultativ al acesteia din urm\u0103.<\/p>\n<\/div>\n","protected":false},"excerpt":{"rendered":"<p>Asocia\u021bia Curtea Veche continu\u0103 campania de dona\u021bii din cadrul programului na\u021bional de lectur\u0103 \u201eC\u0103r\u021bile copil\u0103riei\u201d \u00een jude\u021bul Suceava, \u00eenceput\u0103 acum doi ani cu sprijinul Funda\u021biei EGGER. P\u00e2n\u0103 \u00een prezent, la ini\u021biativa t\u00e2n\u0103rului Luca Ciubotaru care a propus implementarea acestui program \u0219i \u00een jude\u021bul Suceava, au fost oferite, prin sprijinul Asocia\u021biei Curtea Veche \u0219i al Funda\u021biei [&hellip;]<\/p>\n","protected":false},"author":1,"featured_media":0,"comment_status":"open","ping_status":"","sticky":false,"template":"","format":"standard","meta":{"footnotes":""},"categories":[89],"tags":[174],"class_list":["post-1046055","post","type-post","status-publish","format-standard","hentry","category-romania","tag-suceavanews-ro"],"_links":{"self":[{"href":"https:\/\/analyse.optim.biz\/index.php?rest_route=\/wp\/v2\/posts\/1046055","targetHints":{"allow":["GET"]}}],"collection":[{"href":"https:\/\/analyse.optim.biz\/index.php?rest_route=\/wp\/v2\/posts"}],"about":[{"href":"https:\/\/analyse.optim.biz\/index.php?rest_route=\/wp\/v2\/types\/post"}],"author":[{"embeddable":true,"href":"https:\/\/analyse.optim.biz\/index.php?rest_route=\/wp\/v2\/users\/1"}],"replies":[{"embeddable":true,"href":"https:\/\/analyse.optim.biz\/index.php?rest_route=%2Fwp%2Fv2%2Fcomments&post=1046055"}],"version-history":[{"count":0,"href":"https:\/\/analyse.optim.biz\/index.php?rest_route=\/wp\/v2\/posts\/1046055\/revisions"}],"wp:attachment":[{"href":"https:\/\/analyse.optim.biz\/index.php?rest_route=%2Fwp%2Fv2%2Fmedia&parent=1046055"}],"wp:term":[{"taxonomy":"category","embeddable":true,"href":"https:\/\/analyse.optim.biz\/index.php?rest_route=%2Fwp%2Fv2%2Fcategories&post=1046055"},{"taxonomy":"post_tag","embeddable":true,"href":"https:\/\/analyse.optim.biz\/index.php?rest_route=%2Fwp%2Fv2%2Ftags&post=1046055"}],"curies":[{"name":"wp","href":"https:\/\/api.w.org\/{rel}","templated":true}]}}