{"id":1046053,"date":"2025-12-12T13:26:59","date_gmt":"2025-12-12T10:26:59","guid":{"rendered":"https:\/\/analyse.optim.biz\/?p=1046053"},"modified":"2025-12-12T13:26:59","modified_gmt":"2025-12-12T10:26:59","slug":"tehnica-de-incondeiere-a-oualor-la-atelierul-de-creatie-la-usv","status":"publish","type":"post","link":"https:\/\/analyse.optim.biz\/?p=1046053","title":{"rendered":"Tehnica de \u00eencondeiere a ou\u0103lor la atelierul de crea\u021bie, la USV"},"content":{"rendered":"<div class=\"entry-content\">\n<p><img decoding=\"async\" loading=\"lazy\" class=\"alignright size-medium wp-image-292533\" src=\"https:\/\/suceavanews.ro\/wp-content\/uploads\/2019\/04\/usv-oua-300x169.jpg\" alt=\"\" width=\"300\" height=\"169\">\u00cen pragul S\u0103rb\u0103torii \u00cenvierii, studen\u021bii Facult\u0103\u021bii de Drept \u0219i \u0218tiin\u021be Administrative din cadrul Universit\u0103\u021bii \u201e\u0218tefan cel Mare\u201d din Suceava, reuni\u021bi \u00een Grupurile de ini\u0163iativ\u0103 studen\u0163easc\u0103 Administra\u0163ie Public\u0103 \u015fi Poli\u0163ie Local\u0103, organizeaz\u0103 evenimentul Tehnica de \u00eencondeiere a ou\u0103lor la atelierul de crea\u0163ie \u2013 USV \u00eentre art\u0103, tradi\u0163ie \u015fi cultur\u0103, care va avea loc luni, 22 aprilie 2019, \u00eencep\u00e2nd cu ora 12:00, \u00een campusul universitar, corp B, sala FIM1.<\/p>\n<p>Evenimentul va include prezentarea me\u015fte\u015fugurilor ce \u0163in de specificul perioadei pascale, prin \u00eencondeiatul ou\u0103lor de Pa\u015fte \u015fi priceasn\u0103, cu participarea a dou\u0103 tinere talente (surorile Ionela \u0219i Marinela PENTELESCU, cea de a doua invitat\u0103 fiind student\u0103 a USV-FDSA). Cu acest prilej, se va organiza \u0219i o expozi\u021bie de ou\u0103 \u00eencondeiate, iar dup\u0103 prezentarea tehnicii de \u00eencondeiere a ou\u0103lor, la atelierul de crea\u021bie va fi organizat\u0103 \u015fi o competi\u021bie de \u00eencondeiat ou\u0103.<\/p>\n<p>Evenimentul este organizat \u00een contextul implement\u0103rii proiectului cu titlul DEZVOLT\u0102M IDEI NOI PENTRU VOI \u015eI PENTRU NOI \u2013 DIVON, \u00een valoare de 20.000 lei, finan\u021bat de c\u0103tre Casa de Cultur\u0103 a Studen\u021bilor \u2013 CCS din Municipiul Suceava \u0219i cofinan\u021bat de c\u0103tre un colectiv de cadre didactice ale Facult\u0103\u021bii de Drept \u0219i \u0218tiin\u021be Administrative, precum \u0219i de c\u0103tre Asocia\u021bia LUMEN. \u00cen implementarea proiectului, pentru care studen\u021bii au ob\u021binut finan\u021bare \u00een cadrul Competi\u021biei de proiecte studen\u021be\u0219ti \u2013 Edi\u021bia 2019, ace\u0219tia sunt consilia\u021bi de c\u0103tre echipa de cadre didactice \u0219i cercet\u0103tori a Centrului de Formare \u0219i Cercetare \u00een Administra\u021bia Public\u0103 \u2013 CEFCAP.<\/p>\n<p>Echipa de proiect este format\u0103 din studen\u021bi de la programele de studii Administra\u021bie Public\u0103, Poli\u021bie Local\u0103, Management \u0219i Administra\u021bie European\u0103: Marinela PENTELESCU, Andrei MALANCIUC, Mihaela-Br\u00eendu\u0219a \u0218UHAN \u0219i Ingrid-Roxana ROOS. Fiind o aplica\u021bie cu caracter deschis, la preg\u0103tirea \u0219i elaborarea proiectului au participat \u0219i al\u021bi studen\u021bi de la programele de studii Administra\u021bie Public\u0103 \u0219i Poli\u021bie Local\u0103.<\/p>\n<\/div>\n","protected":false},"excerpt":{"rendered":"<p>\u00cen pragul S\u0103rb\u0103torii \u00cenvierii, studen\u021bii Facult\u0103\u021bii de Drept \u0219i \u0218tiin\u021be Administrative din cadrul Universit\u0103\u021bii \u201e\u0218tefan cel Mare\u201d din Suceava, reuni\u021bi \u00een Grupurile de ini\u0163iativ\u0103 studen\u0163easc\u0103 Administra\u0163ie Public\u0103 \u015fi Poli\u0163ie Local\u0103, organizeaz\u0103 evenimentul Tehnica de \u00eencondeiere a ou\u0103lor la atelierul de crea\u0163ie \u2013 USV \u00eentre art\u0103, tradi\u0163ie \u015fi cultur\u0103, care va avea loc luni, 22 aprilie [&hellip;]<\/p>\n","protected":false},"author":1,"featured_media":0,"comment_status":"open","ping_status":"","sticky":false,"template":"","format":"standard","meta":{"footnotes":""},"categories":[89],"tags":[174],"class_list":["post-1046053","post","type-post","status-publish","format-standard","hentry","category-romania","tag-suceavanews-ro"],"_links":{"self":[{"href":"https:\/\/analyse.optim.biz\/index.php?rest_route=\/wp\/v2\/posts\/1046053","targetHints":{"allow":["GET"]}}],"collection":[{"href":"https:\/\/analyse.optim.biz\/index.php?rest_route=\/wp\/v2\/posts"}],"about":[{"href":"https:\/\/analyse.optim.biz\/index.php?rest_route=\/wp\/v2\/types\/post"}],"author":[{"embeddable":true,"href":"https:\/\/analyse.optim.biz\/index.php?rest_route=\/wp\/v2\/users\/1"}],"replies":[{"embeddable":true,"href":"https:\/\/analyse.optim.biz\/index.php?rest_route=%2Fwp%2Fv2%2Fcomments&post=1046053"}],"version-history":[{"count":0,"href":"https:\/\/analyse.optim.biz\/index.php?rest_route=\/wp\/v2\/posts\/1046053\/revisions"}],"wp:attachment":[{"href":"https:\/\/analyse.optim.biz\/index.php?rest_route=%2Fwp%2Fv2%2Fmedia&parent=1046053"}],"wp:term":[{"taxonomy":"category","embeddable":true,"href":"https:\/\/analyse.optim.biz\/index.php?rest_route=%2Fwp%2Fv2%2Fcategories&post=1046053"},{"taxonomy":"post_tag","embeddable":true,"href":"https:\/\/analyse.optim.biz\/index.php?rest_route=%2Fwp%2Fv2%2Ftags&post=1046053"}],"curies":[{"name":"wp","href":"https:\/\/api.w.org\/{rel}","templated":true}]}}