{"id":1046052,"date":"2025-12-12T13:26:37","date_gmt":"2025-12-12T10:26:37","guid":{"rendered":"https:\/\/analyse.optim.biz\/?p=1046052"},"modified":"2025-12-12T13:26:37","modified_gmt":"2025-12-12T10:26:37","slug":"noaptea-muzeelor-sarbatorita-in-mai-multe-locatii-din-suceava-spectacol-cu-focuri-la-cetatea-de-scaun-a-sucevei","status":"publish","type":"post","link":"https:\/\/analyse.optim.biz\/?p=1046052","title":{"rendered":"Noaptea Muzeelor s\u0103rb\u0103torit\u0103 \u00een mai multe loca\u021bii din Suceava. Spectacol cu focuri la Cetatea de Scaun a Sucevei"},"content":{"rendered":"<div class=\"entry-content\">\n<p><img decoding=\"async\" loading=\"lazy\" class=\"alignright size-medium wp-image-293771\" src=\"https:\/\/suceavanews.ro\/wp-content\/uploads\/2019\/05\/noaptea-muzeelor-2019-cu-program-212x300.jpg\" alt=\"\" width=\"212\" height=\"300\">Noaptea European\u0103 a Muzeelor este un eveniment de succes ini\u0163iat de Ministerul Culturii \u015fi Comunic\u0103rii din Fran\u0163a. Evenimentul este patronat, \u00een mod tradi\u0163ional, de Consiliul Europei, de UNESCO \u0219i de Consiliul Interna\u021bional al Muzeelor (ICOM). Noaptea European\u0103 a Muzeelor este pandantul nocturn al Zilei Interna\u0163ionale a Muzeelor, care are loc anul pe 18 mai.<\/p>\n<p>Muzeul Bucovinei va puncta manifestarea Noaptea muzeelor din seara zilei de s\u00e2mb\u0103t\u0103, 18 mai 2019, printr-o serie de manifest\u0103ri culturale oferite publicului sucevean \u0219i nu numai, desf\u0103\u0219urate \u00een mai multe loca\u021bii ( Muzeul de Istorie, Cetatea de Scaun, Muzeul Satului Bucovinean, Hanul Domnesc \u0219i Muzeul de \u0218tiin\u021bele Naturii).<\/p>\n<p>La Muzeul Satului Bucovinean, accesul vizitatorilor este \u00eentre orele 10 \u2013 20.<br \/>\nIntrarea vizitatorilor este gratuit\u0103 \u00eentre orele 18 \u2013 20.<br \/>\nLa Muzeul de Istorie, accesul vizitatorilor este permis \u00eencep\u00e2nd cu ora 10 p\u00e2n\u0103 la ora 24.<br \/>\nIntrarea vizitatorilor este gratuit\u0103 \u00eentre orele 18 \u2013 24.<br \/>\nLa Muzeul de \u0218tiin\u021bele Naturii, accesul vizitatorilor este permis \u00eencep\u00e2nd cu ora 10 p\u00e2n\u0103 la ora 24.<br \/>\nIntrarea vizitatorilor este gratuit\u0103 \u00eentre orele 18 \u2013 24.<br \/>\nLa Hanul Domnesc accesul vizitatorilor este permis \u00eencep\u00e2nd cu ora 10 p\u00e2n\u0103 la ora 24.<br \/>\nIntrarea vizitatorilor este gratuit\u0103 \u00eentre orele 18 \u2013 24.<br \/>\nLa Cetatea de Scaun, accesul vizitatorilor este permis \u00eencep\u00e2nd cu ora 10 p\u00e2n\u0103 la ora 24.<br \/>\nIntrarea vizitatorilor este gratuit\u0103 \u00eentre orele 18 \u2013 24.<\/p>\n<p>Muzeul Bucovinei \u00eempreun\u0103 cu Muzeul de Art\u0103 \u201eIon irimescu\u201c, Muzeul \u201cMihail Sadoveanu\u201d, Muzeul Apelor \u201cMihai B\u0103cescu\u201d \u0219i Galeria Oamenilor de Seam\u0103 \u2013 din F\u0103lticeni, organizeaz\u0103 Noaptea Muzeelor \u00een duplex Suceava-F\u0103lticeni!<\/p>\n<p>\u00cen data de 18 mai, la ora 18 \u015fi la ora 2030, \u00een fa\u0163a Muzeului de Istorie vor fi puse la dispozi\u021bie autocare cu care vizitatorii vor c\u0103l\u0103tori, gratuit, dintr-un ora\u0219 \u00een altul cu scopul vizit\u0103rii obiectivelor muzeale.<\/p>\n<p>Programul Muzeului Bucovinei de Noaptea Muzeelor este urm\u0103torul:<br \/>\nMuzeul de Istorie<br \/>\nRecital\u00a0O Noapte la Muzeu, Mike Godoroja &amp;Blue Spirit<br \/>\nSala de conferin\u021be a Muzeului de Istorie, ora 18.<br \/>\nHanul Domnesc<br \/>\nRecital de pian\u00a0 sus\u021binut de prof. Riciard Gagiu,\u00a0( Colegiul de Art\u0103 \u201cCiprian Porumbescu\u201d Suceava),\u00a0ora 1830.<\/p>\n<p>Cetatea de Scaun a Sucevei<br \/>\nOrdinul Solomonarilor \u2013 Spectacol cu focuri, \u00een \u0219an\u021bul de ap\u0103rare al cet\u0103\u021bii,\u00a0Ciuleandra, ora 21.<\/p>\n<\/div>\n","protected":false},"excerpt":{"rendered":"<p>Noaptea European\u0103 a Muzeelor este un eveniment de succes ini\u0163iat de Ministerul Culturii \u015fi Comunic\u0103rii din Fran\u0163a. Evenimentul este patronat, \u00een mod tradi\u0163ional, de Consiliul Europei, de UNESCO \u0219i de Consiliul Interna\u021bional al Muzeelor (ICOM). Noaptea European\u0103 a Muzeelor este pandantul nocturn al Zilei Interna\u0163ionale a Muzeelor, care are loc anul pe 18 mai. Muzeul [&hellip;]<\/p>\n","protected":false},"author":1,"featured_media":0,"comment_status":"open","ping_status":"","sticky":false,"template":"","format":"standard","meta":{"footnotes":""},"categories":[89],"tags":[174],"class_list":["post-1046052","post","type-post","status-publish","format-standard","hentry","category-romania","tag-suceavanews-ro"],"_links":{"self":[{"href":"https:\/\/analyse.optim.biz\/index.php?rest_route=\/wp\/v2\/posts\/1046052","targetHints":{"allow":["GET"]}}],"collection":[{"href":"https:\/\/analyse.optim.biz\/index.php?rest_route=\/wp\/v2\/posts"}],"about":[{"href":"https:\/\/analyse.optim.biz\/index.php?rest_route=\/wp\/v2\/types\/post"}],"author":[{"embeddable":true,"href":"https:\/\/analyse.optim.biz\/index.php?rest_route=\/wp\/v2\/users\/1"}],"replies":[{"embeddable":true,"href":"https:\/\/analyse.optim.biz\/index.php?rest_route=%2Fwp%2Fv2%2Fcomments&post=1046052"}],"version-history":[{"count":0,"href":"https:\/\/analyse.optim.biz\/index.php?rest_route=\/wp\/v2\/posts\/1046052\/revisions"}],"wp:attachment":[{"href":"https:\/\/analyse.optim.biz\/index.php?rest_route=%2Fwp%2Fv2%2Fmedia&parent=1046052"}],"wp:term":[{"taxonomy":"category","embeddable":true,"href":"https:\/\/analyse.optim.biz\/index.php?rest_route=%2Fwp%2Fv2%2Fcategories&post=1046052"},{"taxonomy":"post_tag","embeddable":true,"href":"https:\/\/analyse.optim.biz\/index.php?rest_route=%2Fwp%2Fv2%2Ftags&post=1046052"}],"curies":[{"name":"wp","href":"https:\/\/api.w.org\/{rel}","templated":true}]}}