{"id":1046048,"date":"2025-12-12T13:25:57","date_gmt":"2025-12-12T10:25:57","guid":{"rendered":"https:\/\/analyse.optim.biz\/?p=1046048"},"modified":"2025-12-12T13:25:57","modified_gmt":"2025-12-12T10:25:57","slug":"campulung-film-fest-a-ajuns-la-a-patra-editie-cand-va-avea-loc","status":"publish","type":"post","link":"https:\/\/analyse.optim.biz\/?p=1046048","title":{"rendered":"C\u00e2mpulung Film Fest a ajuns la a patra edi\u021bie. C\u00e2nd va avea loc"},"content":{"rendered":"<div class=\"entry-content\">\n<p><img decoding=\"async\" loading=\"lazy\" class=\"alignright size-medium wp-image-294684\" src=\"https:\/\/suceavanews.ro\/wp-content\/uploads\/2019\/06\/Campulung-Film-Fest-foto-Andrei-Dascalescu-300x200.jpg\" alt=\"\" width=\"300\" height=\"200\">Edi\u021bia a patra a C\u00e2mpulung Film Fest, festivalul comparativ de film de la C\u00e2mpulung Moldovenesc, jude\u021bul Suceava, va avea loc anul acesta \u00een perioada 21-25 august.<\/p>\n<p>Festivalul proiecteaz\u0103 \u00eentr-o manier\u0103 comparativ\u0103, succesiv \u0219i alternativ, filme provenite din dou\u0103 \u021b\u0103ri, una din cadrul Uniunii Europene, cealalt\u0103 din afara ei. \u021a\u0103rile invitate \u00een cadrul acestei edi\u021bii sunt Spania \u0219i Maroc, care vor fi reprezentate prin scurt metraje de absolvire ale studen\u021bilor din cadrul ECAM, Madrid \u0219i ESAV, Marrakech. \u00cencep\u00e2nd din 2018, sesiunile de proiec\u021bie comparative au incluse \u0219i scurt metraje realizate de c\u0103tre tinerii regizori rom\u00e2ni, oferind astfel spectatorilor o viziune de ansamblu asupra viitorului artei cinematografice rom\u00e2ne\u0219ti \u00een raport cu cea din str\u0103in\u0103tate. Selec\u021bia scurt metrajelor rom\u00e2ne\u0219ti este asigurat\u0103 anul acesta printr-o carte blanche acordat\u0103 tinerei regizoare rom\u00e2nce Andreea L\u0103c\u0103tu\u0219.<\/p>\n<p>Nout\u0103\u021bile acestei edi\u021bii sunt: cre\u0219terea la 5 zile a duratei festivalului; cine-concert \u00een Biserica Catolic\u0103 pe filmul \u201eMetropolis\u201d\u00a0(1927, r. Fritz Lang) interpretat de un ansamblu de viori \u0219i chitar\u0103 condus de Graeme Stephen (Sco\u021bia); \u00eenfiin\u021barea \u201eCinematografului copiilor\u201d \u2013 cl\u0103dire temporar\u0103 \u00een parcul ora\u0219ului unde vor rula filme destinate exclusiv copiilor sub 12 ani; proiec\u021bie \u00een aer liber a documentarului \u201eMaria \u2013 Inima Rom\u00e2niei\u201d prezentat de nepotul Regelui Mihai, Nicolae al Rom\u00e2niei.<\/p>\n<p>La aproape dou\u0103zeci de ani de la \u00eenchiderea ultimului cinematograf, festivalul \u00ee\u0219i continu\u0103 misiunea de reintegrare \u00een con\u0219tiin\u021ba public\u0103 a mai multor spa\u021bii urbane ie\u0219ite de pe harta comunit\u0103\u021bii: sala fostului Cinema Luceaf\u0103rul, Sinagoga Veche, complexul BTT, vechea p\u00e2rtie de ski a ora\u0219ului \u0219i interven\u021bie social\u0103 prin proiec\u021bii \u00een cartierele m\u0103rgina\u0219e ale ora\u0219ului.<\/p>\n<p>Ca \u0219i \u00een cazul edi\u021biilor precedente, regizori str\u0103ini din Spania \u0219i Maroc dar \u0219i regizori \u0219i oameni de film rom\u00e2ni vor fi oaspe\u021bi ai C\u00e2mpulung Film Fest, ace\u0219tia cre\u00e2nd puntea de leg\u0103tur\u0103 \u00eentre cultura cinematografic\u0103 a \u021b\u0103rilor invitate \u0219i cea rom\u00e2neasc\u0103.<br \/>\nC\u00e2mpulung Film Fest este un eveniment organizat de Asocia\u021bia Hasma\u021buchi, \u00een parteneriat cu Prim\u0103ria Municipiului C\u00e2mpulung Moldovenesc.<\/p>\n<p>Prima edi\u021bie a avut loc \u00een 2016 \u0219i a pus fa\u021b\u0103 \u00een fa\u021b\u0103 Danemarca \u0219i India, reprezentate prin \u0218coala Na\u021bional\u0103 Danez\u0103 de Film din Copenhaga \u0219i Institutul Na\u021bional de Design din Ahmedabad. Edi\u021bia din 2017 a invitat Fran\u021ba \u0219i SUA, reprezentate prin La Femis din Paris \u0219i University of Columbia din New York. Edi\u021bia din 2018 a invitat Ungaria \u0219i Israel, reprezentate prin Universitatea de Art\u0103 Teatral\u0103 \u0219i Film din Budapesta \u0219i \u0218coala de Film \u0219i TV Sam Spiegel din Ierusalim.<\/p>\n<\/div>\n","protected":false},"excerpt":{"rendered":"<p>Edi\u021bia a patra a C\u00e2mpulung Film Fest, festivalul comparativ de film de la C\u00e2mpulung Moldovenesc, jude\u021bul Suceava, va avea loc anul acesta \u00een perioada 21-25 august. Festivalul proiecteaz\u0103 \u00eentr-o manier\u0103 comparativ\u0103, succesiv \u0219i alternativ, filme provenite din dou\u0103 \u021b\u0103ri, una din cadrul Uniunii Europene, cealalt\u0103 din afara ei. \u021a\u0103rile invitate \u00een cadrul acestei edi\u021bii sunt [&hellip;]<\/p>\n","protected":false},"author":1,"featured_media":0,"comment_status":"open","ping_status":"","sticky":false,"template":"","format":"standard","meta":{"footnotes":""},"categories":[89],"tags":[174],"class_list":["post-1046048","post","type-post","status-publish","format-standard","hentry","category-romania","tag-suceavanews-ro"],"_links":{"self":[{"href":"https:\/\/analyse.optim.biz\/index.php?rest_route=\/wp\/v2\/posts\/1046048","targetHints":{"allow":["GET"]}}],"collection":[{"href":"https:\/\/analyse.optim.biz\/index.php?rest_route=\/wp\/v2\/posts"}],"about":[{"href":"https:\/\/analyse.optim.biz\/index.php?rest_route=\/wp\/v2\/types\/post"}],"author":[{"embeddable":true,"href":"https:\/\/analyse.optim.biz\/index.php?rest_route=\/wp\/v2\/users\/1"}],"replies":[{"embeddable":true,"href":"https:\/\/analyse.optim.biz\/index.php?rest_route=%2Fwp%2Fv2%2Fcomments&post=1046048"}],"version-history":[{"count":0,"href":"https:\/\/analyse.optim.biz\/index.php?rest_route=\/wp\/v2\/posts\/1046048\/revisions"}],"wp:attachment":[{"href":"https:\/\/analyse.optim.biz\/index.php?rest_route=%2Fwp%2Fv2%2Fmedia&parent=1046048"}],"wp:term":[{"taxonomy":"category","embeddable":true,"href":"https:\/\/analyse.optim.biz\/index.php?rest_route=%2Fwp%2Fv2%2Fcategories&post=1046048"},{"taxonomy":"post_tag","embeddable":true,"href":"https:\/\/analyse.optim.biz\/index.php?rest_route=%2Fwp%2Fv2%2Ftags&post=1046048"}],"curies":[{"name":"wp","href":"https:\/\/api.w.org\/{rel}","templated":true}]}}