{"id":1046046,"date":"2025-12-12T13:25:38","date_gmt":"2025-12-12T10:25:38","guid":{"rendered":"https:\/\/analyse.optim.biz\/?p=1046046"},"modified":"2025-12-12T13:25:38","modified_gmt":"2025-12-12T10:25:38","slug":"muzeul-bucovinei-din-suceava-a-fost-confirmat-candidat-la-premiile-academiei-europene-a-muzeelor-ema-pentru-anul-2019","status":"publish","type":"post","link":"https:\/\/analyse.optim.biz\/?p=1046046","title":{"rendered":"Muzeul Bucovinei din Suceava a fost confirmat candidat la premiile Academiei Europene a Muzeelor (EMA) pentru anul 2019"},"content":{"rendered":"<div class=\"entry-content\">\n<p><img decoding=\"async\" loading=\"lazy\" class=\"alignright size-medium wp-image-295212\" src=\"https:\/\/suceavanews.ro\/wp-content\/uploads\/2019\/06\/muzeu-istorie-300x128.jpg\" alt=\"\" width=\"300\" height=\"128\">Muzeul Bucovinei din Suceava a fost confirmat, pentru al doilea an consecutiv, candidat la premiile Academiei Europene a Muzeelor (EMA).<br \/>\n\u00cen luna februarie a acestui an, Muzeul Bucovinei \u015fi-a depus candidatura pentru premiile EMA, la categoria DASA, iar data de 26 mai 2019, doi reprezentan\u0163i ai juriului EMA, Wim Van Der Weiden \u0219i Dirk Houtgraaf\u00a0au fost \u00eentr-o vizit\u0103 oficial\u0103 la Suceava.<\/p>\n<p>Anul acesta aplica\u0163ia depus\u0103 de Muzeul Bucovinei a fost dedicat\u0103 prezent\u0103rii Muzeului de Istorie. Cei doi jura\u0163i EMA s-au \u00eent\u00e2lnit cu reprezentan\u0163ii Muzeului Bucovinei, au vizitat Muzeul de Istorie \u015fi au solicitat clarific\u0103ri \u015fi infoma\u0163ii suplimentare fa\u0163\u0103 de cele prezentate \u00een aplica\u0163ia depus\u0103.<\/p>\n<p>\u00cen urma vizitelor efectuate la muzeele candidate, din diferite \u0163\u0103ri ale Europei, ca urmare a \u00eentrunirii membrilor juriului, Muzeul Bucovinei a fost informat, luni 17 iunie a.c., printr-o adres\u0103 oficial\u0103, c\u0103 este candidat confirmat pentru Premiile EMA, categoria DASA.<br \/>\nCriteriul de baz\u0103 care st\u0103 la selectarea muzeelor candidate pentru premiul DASA \u00eel reprezint\u0103 calitatea oportunit\u0103\u0163ilor de \u00eenv\u0103\u0163are, totul \u00eentr-o perspectiv\u0103 comprehensiv\u0103 care include conceptul muzeologic, felul \u00een care muzeul \u00ee\u015fi prezint\u0103 pove\u015ftile, creativitatea proiect\u0103rii expozi\u0163iilor \u015fi diversitatea programului de activit\u0103\u0163i educa\u0163ionale. O aten\u0163ie deosebit\u0103 se acord\u0103 medierii personale, a felului \u00een care este creat\u0103 leg\u0103tura \u00eentre vizitator \u015fi muzeu, particip\u0103rii interactive a publicului \u00een activit\u0103\u0163ile muzeului, c\u00e2t \u015fi modalit\u0103\u015filor de \u00eembinare eficient\u0103 a educa\u0163iei muzeale cu distrac\u0163ia.<\/p>\n<p>\u00cen aplica\u0163ia depus\u0103 \u00een Olanda, la sediul EMA din Haga, Muzeul Bucovinei \u015fi-a prezentat obiectivele muzeale, activitatea, \u015fi \u00een mod special a prezentat aspectele care recomand\u0103 Muzeul de Istorie pentru acest premiu.<\/p>\n<p>Muzeul de Istorie Suceava, obiectiv cultural din componen\u021ba Muzeului Bucovinei, este la ora actual\u0103 unul dintre cele mai moderne din Rom\u00e2nia, din punctul de vedere al conceptului muzeotehnic care \u00eembin\u0103 povestea obiectelor de patrimoniu expuse cu creativitatea designului expozi\u0163ional \u015fi tehnologia de v\u00e2rf. Tabloul este completat de diversitatea programelor culturale \u015fi a activit\u0103\u0163ilor de educa\u0163ie muzeal\u0103 desf\u0103\u015furate, determin\u00e2nd o interactivitate continu\u0103 a publicului cu institu\u0163ia muzeal\u0103. Brandul, calitatea, dot\u0103rile \u015fi profesionalismul sunt criterii care recomand\u0103 institu\u0163ia muzeal\u0103 din Suceava.<\/p>\n<p>Anun\u0163area c\u00e2\u0219tig\u0103torilor va avea loc \u00een luna septembrie la Ljubljana \u2013 Slovenia, la \u00eent\u00e2lnirea EMA unde Muzeul Bucovinei este invitat s\u0103 participe.<\/p>\n<\/div>\n","protected":false},"excerpt":{"rendered":"<p>Muzeul Bucovinei din Suceava a fost confirmat, pentru al doilea an consecutiv, candidat la premiile Academiei Europene a Muzeelor (EMA). \u00cen luna februarie a acestui an, Muzeul Bucovinei \u015fi-a depus candidatura pentru premiile EMA, la categoria DASA, iar data de 26 mai 2019, doi reprezentan\u0163i ai juriului EMA, Wim Van Der Weiden \u0219i Dirk Houtgraaf\u00a0au [&hellip;]<\/p>\n","protected":false},"author":1,"featured_media":0,"comment_status":"open","ping_status":"","sticky":false,"template":"","format":"standard","meta":{"footnotes":""},"categories":[89],"tags":[174],"class_list":["post-1046046","post","type-post","status-publish","format-standard","hentry","category-romania","tag-suceavanews-ro"],"_links":{"self":[{"href":"https:\/\/analyse.optim.biz\/index.php?rest_route=\/wp\/v2\/posts\/1046046","targetHints":{"allow":["GET"]}}],"collection":[{"href":"https:\/\/analyse.optim.biz\/index.php?rest_route=\/wp\/v2\/posts"}],"about":[{"href":"https:\/\/analyse.optim.biz\/index.php?rest_route=\/wp\/v2\/types\/post"}],"author":[{"embeddable":true,"href":"https:\/\/analyse.optim.biz\/index.php?rest_route=\/wp\/v2\/users\/1"}],"replies":[{"embeddable":true,"href":"https:\/\/analyse.optim.biz\/index.php?rest_route=%2Fwp%2Fv2%2Fcomments&post=1046046"}],"version-history":[{"count":0,"href":"https:\/\/analyse.optim.biz\/index.php?rest_route=\/wp\/v2\/posts\/1046046\/revisions"}],"wp:attachment":[{"href":"https:\/\/analyse.optim.biz\/index.php?rest_route=%2Fwp%2Fv2%2Fmedia&parent=1046046"}],"wp:term":[{"taxonomy":"category","embeddable":true,"href":"https:\/\/analyse.optim.biz\/index.php?rest_route=%2Fwp%2Fv2%2Fcategories&post=1046046"},{"taxonomy":"post_tag","embeddable":true,"href":"https:\/\/analyse.optim.biz\/index.php?rest_route=%2Fwp%2Fv2%2Ftags&post=1046046"}],"curies":[{"name":"wp","href":"https:\/\/api.w.org\/{rel}","templated":true}]}}