{"id":1046045,"date":"2025-12-12T13:25:18","date_gmt":"2025-12-12T10:25:18","guid":{"rendered":"https:\/\/analyse.optim.biz\/?p=1046045"},"modified":"2025-12-12T13:25:18","modified_gmt":"2025-12-12T10:25:18","slug":"ziua-universala-a-iei-la-hanul-domnesc","status":"publish","type":"post","link":"https:\/\/analyse.optim.biz\/?p=1046045","title":{"rendered":"Ziua Universal\u0103 a iei La Hanul Domnesc"},"content":{"rendered":"<div class=\"entry-content\">\n<p><img decoding=\"async\" loading=\"lazy\" class=\"alignright size-medium wp-image-295311\" src=\"https:\/\/suceavanews.ro\/wp-content\/uploads\/2019\/06\/afis-IA-2019-copie-1-213x300.jpg\" alt=\"\" width=\"213\" height=\"300\">Ca manifestare dedicat\u0103 promov\u0103rii \u015fi recunoa\u015fterii iei drept unul din simbolurile na\u0163ionale, Muzeul Etnografic Hanul Domnesc marcheaz\u0103 \u0219i \u00een acest an Ziua Universal\u0103 a Iei.<br \/>\nAcest eveniment celebreaz\u0103 piesa principal\u0103 a costumului popular rom\u00e2nesc dar \u015fi ideea de feminitate, deoarece termenul ie este atribuit c\u0103m\u0103\u015fii populare femeie\u015fti.<br \/>\nAstfel, \u00een data de 24 iunie 2019, la Hanul Domnesc, ora 16.00 va fi deschis\u0103 expozi\u021bia temporar\u0103 Podoabe etnografice.<\/p>\n<p>Obiectele selectate \u015fi aduse \u00een aten\u0163ia publicului fac parte din colec\u0163iile etnografice ale Muzeului Bucovinei \u015fi \u00eenso\u0163esc costumul popular de s\u0103rb\u0103toare, \u00een special c\u0103ma\u015fa femeiasc\u0103. A\u015fadar, podoabele expuse erau purtate de toate categoriile sociale, fie c\u0103 este vorba de m\u0103rgele din diferite materiale (sticl\u0103, ceramic\u0103, lemn), zg\u0103rdi\u0163e, gheordane, paftale, lan\u0163uri cu cruci,sau salbe cu bani de argint, toate reflectau ierarhia social\u0103 \u015fi statutul femeii \u00een cadrul comunit\u0103\u0163ii. Aceste piese dateaz\u0103 de la sf\u00e2r\u015fitul secolului al XIX.<\/p>\n<p>Al\u0103turi de Muzeul Etnografic, ca \u00een fiecare an, va fi Asocia\u021bia Ia Bucovina care va organiza ateliere de crea\u021bie pentru copii \u0219i adul\u021bi: pictur\u0103 pe machete din ceramic\u0103 \u0219i p\u00e2nz\u0103, podoabe din m\u0103rgele dar \u015fi alte surprize.<\/p>\n<p>Va avea loc \u0219i un concert sus\u021binut de Maria R\u0103ducanu, una din cele mai speciale voci de sopran\u0103, care abordeaz\u0103 orice gen, de la doina rom\u00e2neasc\u0103 la blues, jazz avangardist sau fado.<br \/>\nExpozi\u0163ia va putea fi deschis\u0103 \u00een perioada 24 iunie \u2013 24 iulie, de mar\u0163i p\u00e2n\u0103 duminic\u0103 \u00eentre orele 10-18.<\/p>\n<\/div>\n","protected":false},"excerpt":{"rendered":"<p>Ca manifestare dedicat\u0103 promov\u0103rii \u015fi recunoa\u015fterii iei drept unul din simbolurile na\u0163ionale, Muzeul Etnografic Hanul Domnesc marcheaz\u0103 \u0219i \u00een acest an Ziua Universal\u0103 a Iei. Acest eveniment celebreaz\u0103 piesa principal\u0103 a costumului popular rom\u00e2nesc dar \u015fi ideea de feminitate, deoarece termenul ie este atribuit c\u0103m\u0103\u015fii populare femeie\u015fti. Astfel, \u00een data de 24 iunie 2019, la [&hellip;]<\/p>\n","protected":false},"author":1,"featured_media":0,"comment_status":"open","ping_status":"","sticky":false,"template":"","format":"standard","meta":{"footnotes":""},"categories":[89],"tags":[174],"class_list":["post-1046045","post","type-post","status-publish","format-standard","hentry","category-romania","tag-suceavanews-ro"],"_links":{"self":[{"href":"https:\/\/analyse.optim.biz\/index.php?rest_route=\/wp\/v2\/posts\/1046045","targetHints":{"allow":["GET"]}}],"collection":[{"href":"https:\/\/analyse.optim.biz\/index.php?rest_route=\/wp\/v2\/posts"}],"about":[{"href":"https:\/\/analyse.optim.biz\/index.php?rest_route=\/wp\/v2\/types\/post"}],"author":[{"embeddable":true,"href":"https:\/\/analyse.optim.biz\/index.php?rest_route=\/wp\/v2\/users\/1"}],"replies":[{"embeddable":true,"href":"https:\/\/analyse.optim.biz\/index.php?rest_route=%2Fwp%2Fv2%2Fcomments&post=1046045"}],"version-history":[{"count":0,"href":"https:\/\/analyse.optim.biz\/index.php?rest_route=\/wp\/v2\/posts\/1046045\/revisions"}],"wp:attachment":[{"href":"https:\/\/analyse.optim.biz\/index.php?rest_route=%2Fwp%2Fv2%2Fmedia&parent=1046045"}],"wp:term":[{"taxonomy":"category","embeddable":true,"href":"https:\/\/analyse.optim.biz\/index.php?rest_route=%2Fwp%2Fv2%2Fcategories&post=1046045"},{"taxonomy":"post_tag","embeddable":true,"href":"https:\/\/analyse.optim.biz\/index.php?rest_route=%2Fwp%2Fv2%2Ftags&post=1046045"}],"curies":[{"name":"wp","href":"https:\/\/api.w.org\/{rel}","templated":true}]}}