{"id":1046043,"date":"2025-12-12T13:24:57","date_gmt":"2025-12-12T10:24:57","guid":{"rendered":"https:\/\/analyse.optim.biz\/?p=1046043"},"modified":"2025-12-12T13:24:57","modified_gmt":"2025-12-12T10:24:57","slug":"vezi-ce-premii-vor-fi-acordate-la-expozitia-internationala-de-grafica-satirica-bucovina","status":"publish","type":"post","link":"https:\/\/analyse.optim.biz\/?p=1046043","title":{"rendered":"Vezi ce premii vor fi acordate la Expozi\u021bia Interna\u021bional\u0103 de Grafic\u0103 Satiric\u0103 Bucovina!"},"content":{"rendered":"<div class=\"entry-content\">\n<p><img decoding=\"async\" loading=\"lazy\" class=\"alignright size-medium wp-image-295573\" src=\"https:\/\/suceavanews.ro\/wp-content\/uploads\/2019\/06\/afis-expozitie-caricatura-2019-211x300.jpg\" alt=\"\" width=\"211\" height=\"300\">Muzeul Bucovinei, Consiliul Jude\u021bean Suceava \u0219i Asocia\u0163ia \u201cG\u00e2nde\u015fte\u201d \u2013 g\u00e2nde\u0219te.org organizeaz\u0103 a XIII a edi\u021bie a Expozi\u0163iei Interna\u0163ionale de Grafic\u0103 Satiric\u0103 BUCOVINA , av\u00e2nd \u00een acest an tema\u00a0:<\/p>\n<p>\u201cOchii buni disting adev\u0103rul de minciun\u0103.\u201d<\/p>\n<p>La cea de a XIII-a edi\u021bie a expozi\u021biei interna\u021bionale s-au \u00eenscris \u00een concurs 288 de caricaturi\u0219ti cu 965 de caricaturi, din 55 de t\u0103ri. Chiar de la \u00eenceput, de la primele edi\u021bii, aceast\u0103 competi\u021bie a crescut at\u00e2t \u00een num\u0103rul de participan\u021bi c\u00e2t \u0219i \u00een calitatea lucr\u0103rilor trimise, fiind popularizat\u0103 de multe site-uri de specialitate din lume.<br \/>\nFECO a apreciat evenimentul de la Suceava.<br \/>\nJuriul expozi\u021biei:<br \/>\nMihai Pinzarul Pim \u2013 caricaturist<br \/>\nGeorge Licurici \u2013 caricaturist<br \/>\nOvidiu Ambrozie Borta BOA \u2013 caricaturist,<br \/>\n\u00eempreun\u0103 cu reprezentan\u0163ii asocia\u0163iei \u00ab\u00a0G\u00e2nde\u015fte\u00a0\u00bb, au selectat caricaturile pentru expozi\u021bia Interna\u0163ional\u0103 de Grafic\u0103 Satiric\u0103 BUCOVINA \u2013 ROMANIA, precum \u0219i lucr\u0103rile premiate din acest an.<\/p>\n<p>Reamintim c\u0103 premiile sunt:<br \/>\nPremiul I \u2013 500 \u20ac + diploma + medalia de aur<br \/>\nPremiul II \u2013 300 \u20ac + diplom\u0103<br \/>\nPremiul III \u2013 100 \u20ac + diploma<br \/>\nMen\u021biune \u2013 diploma + medalie<br \/>\nMen\u021biune \u2013 diploma + medalie<br \/>\nMen\u021biune \u2013 diploma + medalie<br \/>\n\u0219i vor fi f\u0103cute publice la deschiderea oficial\u0103 a expozi\u021biei, unde pe l\u00e2ng\u0103 caricaturile premiate vor putea fi admirate caricaturile nominalizate de juriu, precum \u0219i lucr\u0103rile selectate.<br \/>\nVernisajul expozi\u021biei va fi \u00een data de 1 iulie 2019, ora 12, \u00een foaierul Muzeului de Istorie, Muzeul Bucovinei, Suceava.<\/p>\n<\/div>\n","protected":false},"excerpt":{"rendered":"<p>Muzeul Bucovinei, Consiliul Jude\u021bean Suceava \u0219i Asocia\u0163ia \u201cG\u00e2nde\u015fte\u201d \u2013 g\u00e2nde\u0219te.org organizeaz\u0103 a XIII a edi\u021bie a Expozi\u0163iei Interna\u0163ionale de Grafic\u0103 Satiric\u0103 BUCOVINA , av\u00e2nd \u00een acest an tema\u00a0: \u201cOchii buni disting adev\u0103rul de minciun\u0103.\u201d La cea de a XIII-a edi\u021bie a expozi\u021biei interna\u021bionale s-au \u00eenscris \u00een concurs 288 de caricaturi\u0219ti cu 965 de caricaturi, din [&hellip;]<\/p>\n","protected":false},"author":1,"featured_media":0,"comment_status":"open","ping_status":"","sticky":false,"template":"","format":"standard","meta":{"footnotes":""},"categories":[89],"tags":[174],"class_list":["post-1046043","post","type-post","status-publish","format-standard","hentry","category-romania","tag-suceavanews-ro"],"_links":{"self":[{"href":"https:\/\/analyse.optim.biz\/index.php?rest_route=\/wp\/v2\/posts\/1046043","targetHints":{"allow":["GET"]}}],"collection":[{"href":"https:\/\/analyse.optim.biz\/index.php?rest_route=\/wp\/v2\/posts"}],"about":[{"href":"https:\/\/analyse.optim.biz\/index.php?rest_route=\/wp\/v2\/types\/post"}],"author":[{"embeddable":true,"href":"https:\/\/analyse.optim.biz\/index.php?rest_route=\/wp\/v2\/users\/1"}],"replies":[{"embeddable":true,"href":"https:\/\/analyse.optim.biz\/index.php?rest_route=%2Fwp%2Fv2%2Fcomments&post=1046043"}],"version-history":[{"count":0,"href":"https:\/\/analyse.optim.biz\/index.php?rest_route=\/wp\/v2\/posts\/1046043\/revisions"}],"wp:attachment":[{"href":"https:\/\/analyse.optim.biz\/index.php?rest_route=%2Fwp%2Fv2%2Fmedia&parent=1046043"}],"wp:term":[{"taxonomy":"category","embeddable":true,"href":"https:\/\/analyse.optim.biz\/index.php?rest_route=%2Fwp%2Fv2%2Fcategories&post=1046043"},{"taxonomy":"post_tag","embeddable":true,"href":"https:\/\/analyse.optim.biz\/index.php?rest_route=%2Fwp%2Fv2%2Ftags&post=1046043"}],"curies":[{"name":"wp","href":"https:\/\/api.w.org\/{rel}","templated":true}]}}