{"id":1045057,"date":"2025-12-12T09:02:10","date_gmt":"2025-12-12T06:02:10","guid":{"rendered":"https:\/\/analyse.optim.biz\/?p=1045057"},"modified":"2025-12-12T09:02:10","modified_gmt":"2025-12-12T06:02:10","slug":"foto-ansamblul-artistic-cetina-din-vama-a-reprezentat-romania-la-festivalul-international-intalniri-bucovinene-din-polonia","status":"publish","type":"post","link":"https:\/\/analyse.optim.biz\/?p=1045057","title":{"rendered":"FOTO Ansamblul artistic \u201eCetina\u201d din Vama a reprezentat Rom\u00e2nia la Festivalul Interna\u021bional \u201e\u00cent\u00e2lniri Bucovinene\u201d din Polonia"},"content":{"rendered":"<div class=\"entry-content\">\n<p><img decoding=\"async\" loading=\"lazy\" class=\"alignright size-medium wp-image-297827\" src=\"https:\/\/suceavanews.ro\/wp-content\/uploads\/2019\/08\/ansamblul-cetina-din-vama-4-300x200.jpg\" alt=\"\" width=\"300\" height=\"200\">Ansamblul Artistic \u201eCetina\u201d din comuna Vama a reprezentat Rom\u00e2nia la Festivalul Interna\u021bional \u00cent\u00e2lniri Bucovinene desf\u0103\u0219urat \u00een perioada 23-25 august \u00een Polonia. Arti\u0219tii au prezentat trei suite de jocuri populare din Bucovina \u0219i c\u00e2ntece, vocal \u0219i instrumental, \u00eempreun\u0103 cu solist\u0103 Ilinca Stiglet.<\/p>\n<p>Prima suita de dansuri a fost formata din: Hora C\u00e2mpulungului, Trilisestiul, Fudula \u0219i Balaceana A2a, iar suita a fost formata din: Clopo\u021belul, Ilenuta, Polobocul, P\u0103dure\u021bul \u0219i \u021a\u0103r\u0103neasca.<\/p>\n<p>Pe 25 august, Ansamblul Cetina a avut de oferit un recital de 30 de minute. La acest recital a mai fost ad\u0103ugat\u0103 o alta suit\u0103 de dansuri formata din: de 3 ori pe dup\u0103 mas\u0103, Arcanul \u0219i Ciobanasul. Doi dintre instrumenti\u0219ti au oferit c\u00e2te o melodie instrumental, ace\u0219tia fiind: Marius Iosep la clarinet \u0219i Ionu\u021b Badale la trompet\u0103.<\/p>\n<p>Directorul ansamblului Cetina este Nicolae Ciocan, iar coregraf: Michaiel Piticar.<\/p>\n<div id=\"gallery-1\" class=\"gallery galleryid-297823 gallery-columns-3 gallery-size-thumbnail\">\n<dl class=\"gallery-item\">\n<dt class=\"gallery-icon landscape\"><a href=\"https:\/\/suceavanews.ro\/wp-content\/uploads\/2019\/08\/ansamblul-cetina-din-vama-1.jpg\"><img decoding=\"async\" width=\"150\" height=\"150\" src=\"https:\/\/suceavanews.ro\/wp-content\/uploads\/2019\/08\/ansamblul-cetina-din-vama-1-150x150.jpg\" class=\"attachment-thumbnail size-thumbnail\" alt=\"\" loading=\"lazy\"><\/a><\/dt>\n<\/dl>\n<dl class=\"gallery-item\">\n<dt class=\"gallery-icon landscape\"><a href=\"https:\/\/suceavanews.ro\/wp-content\/uploads\/2019\/08\/ansamblul-cetina-din-vama-2.jpg\"><img decoding=\"async\" width=\"150\" height=\"150\" src=\"https:\/\/suceavanews.ro\/wp-content\/uploads\/2019\/08\/ansamblul-cetina-din-vama-2-150x150.jpg\" class=\"attachment-thumbnail size-thumbnail\" alt=\"\" loading=\"lazy\"><\/a><\/dt>\n<\/dl>\n<dl class=\"gallery-item\">\n<dt class=\"gallery-icon landscape\"><a href=\"https:\/\/suceavanews.ro\/wp-content\/uploads\/2019\/08\/ansamblul-cetina-din-vama-3.jpg\"><img decoding=\"async\" width=\"150\" height=\"150\" src=\"https:\/\/suceavanews.ro\/wp-content\/uploads\/2019\/08\/ansamblul-cetina-din-vama-3-150x150.jpg\" class=\"attachment-thumbnail size-thumbnail\" alt=\"\" loading=\"lazy\"><\/a><\/dt>\n<\/dl>\n<p><\/p>\n<dl class=\"gallery-item\">\n<dt class=\"gallery-icon landscape\"><a href=\"https:\/\/suceavanews.ro\/wp-content\/uploads\/2019\/08\/ansamblul-cetina-din-vama-4.jpg\"><img decoding=\"async\" width=\"150\" height=\"150\" src=\"https:\/\/suceavanews.ro\/wp-content\/uploads\/2019\/08\/ansamblul-cetina-din-vama-4-150x150.jpg\" class=\"attachment-thumbnail size-thumbnail\" alt=\"\" loading=\"lazy\"><\/a><\/dt>\n<\/dl>\n<p><\/div>\n<\/div>\n","protected":false},"excerpt":{"rendered":"<p>Ansamblul Artistic \u201eCetina\u201d din comuna Vama a reprezentat Rom\u00e2nia la Festivalul Interna\u021bional \u00cent\u00e2lniri Bucovinene desf\u0103\u0219urat \u00een perioada 23-25 august \u00een Polonia. Arti\u0219tii au prezentat trei suite de jocuri populare din Bucovina \u0219i c\u00e2ntece, vocal \u0219i instrumental, \u00eempreun\u0103 cu solist\u0103 Ilinca Stiglet. Prima suita de dansuri a fost formata din: Hora C\u00e2mpulungului, Trilisestiul, Fudula \u0219i Balaceana [&hellip;]<\/p>\n","protected":false},"author":1,"featured_media":0,"comment_status":"open","ping_status":"","sticky":false,"template":"","format":"standard","meta":{"footnotes":""},"categories":[89],"tags":[174],"class_list":["post-1045057","post","type-post","status-publish","format-standard","hentry","category-romania","tag-suceavanews-ro"],"_links":{"self":[{"href":"https:\/\/analyse.optim.biz\/index.php?rest_route=\/wp\/v2\/posts\/1045057","targetHints":{"allow":["GET"]}}],"collection":[{"href":"https:\/\/analyse.optim.biz\/index.php?rest_route=\/wp\/v2\/posts"}],"about":[{"href":"https:\/\/analyse.optim.biz\/index.php?rest_route=\/wp\/v2\/types\/post"}],"author":[{"embeddable":true,"href":"https:\/\/analyse.optim.biz\/index.php?rest_route=\/wp\/v2\/users\/1"}],"replies":[{"embeddable":true,"href":"https:\/\/analyse.optim.biz\/index.php?rest_route=%2Fwp%2Fv2%2Fcomments&post=1045057"}],"version-history":[{"count":0,"href":"https:\/\/analyse.optim.biz\/index.php?rest_route=\/wp\/v2\/posts\/1045057\/revisions"}],"wp:attachment":[{"href":"https:\/\/analyse.optim.biz\/index.php?rest_route=%2Fwp%2Fv2%2Fmedia&parent=1045057"}],"wp:term":[{"taxonomy":"category","embeddable":true,"href":"https:\/\/analyse.optim.biz\/index.php?rest_route=%2Fwp%2Fv2%2Fcategories&post=1045057"},{"taxonomy":"post_tag","embeddable":true,"href":"https:\/\/analyse.optim.biz\/index.php?rest_route=%2Fwp%2Fv2%2Ftags&post=1045057"}],"curies":[{"name":"wp","href":"https:\/\/api.w.org\/{rel}","templated":true}]}}