{"id":1045055,"date":"2025-12-12T09:01:50","date_gmt":"2025-12-12T06:01:50","guid":{"rendered":"https:\/\/analyse.optim.biz\/?p=1045055"},"modified":"2025-12-12T09:01:50","modified_gmt":"2025-12-12T06:01:50","slug":"inalt-prea-sfintitul-parinte-arhiepiscop-pimen-suspectat-de-covid-19-mitropolia-indeamna-la-rugaciune-pentru-sanatatea-acestuia","status":"publish","type":"post","link":"https:\/\/analyse.optim.biz\/?p=1045055","title":{"rendered":"\u00cenalt Prea Sfin\u021bitul P\u0103rinte Arhiepiscop Pimen, suspectat de COVID-19. Mitropolia \u00eendeamn\u0103 la rug\u0103ciune pentru s\u0103n\u0103tatea acestuia"},"content":{"rendered":"<div class=\"entry-content\">\n<p><img decoding=\"async\" loading=\"lazy\" class=\"alignright size-medium wp-image-303733\" src=\"https:\/\/suceavanews.ro\/wp-content\/uploads\/2020\/04\/ips_pimen-300x200.jpg\" alt=\"\" width=\"300\" height=\"200\">\u00cenaltpreasfin\u021bitul P\u0103rinte Pimen, Arhiepiscopul Sucevei \u0219i R\u0103d\u0103u\u021bilor este internat pentru tratament medical \u00een urma infect\u0103rii cu noul coronavirus.<\/p>\n<p>Mitropolia Moldovei \u0219i Bucuvinei a postat pe pagina sa de internet urm\u0103torul mesaj: \u201eSa ne unim \u00een rug\u0103ciune c\u0103tre Dumnezeu pentru \u00eens\u0103n\u0103to\u0219irea sa!\u201d.<\/p>\n<p>\u00cePS Pimen are 90 de ani.<\/p>\n<\/div>\n","protected":false},"excerpt":{"rendered":"<p>\u00cenaltpreasfin\u021bitul P\u0103rinte Pimen, Arhiepiscopul Sucevei \u0219i R\u0103d\u0103u\u021bilor este internat pentru tratament medical \u00een urma infect\u0103rii cu noul coronavirus. Mitropolia Moldovei \u0219i Bucuvinei a postat pe pagina sa de internet urm\u0103torul mesaj: \u201eSa ne unim \u00een rug\u0103ciune c\u0103tre Dumnezeu pentru \u00eens\u0103n\u0103to\u0219irea sa!\u201d. \u00cePS Pimen are 90 de ani.<\/p>\n","protected":false},"author":1,"featured_media":0,"comment_status":"open","ping_status":"","sticky":false,"template":"","format":"standard","meta":{"footnotes":""},"categories":[89],"tags":[174],"class_list":["post-1045055","post","type-post","status-publish","format-standard","hentry","category-romania","tag-suceavanews-ro"],"_links":{"self":[{"href":"https:\/\/analyse.optim.biz\/index.php?rest_route=\/wp\/v2\/posts\/1045055","targetHints":{"allow":["GET"]}}],"collection":[{"href":"https:\/\/analyse.optim.biz\/index.php?rest_route=\/wp\/v2\/posts"}],"about":[{"href":"https:\/\/analyse.optim.biz\/index.php?rest_route=\/wp\/v2\/types\/post"}],"author":[{"embeddable":true,"href":"https:\/\/analyse.optim.biz\/index.php?rest_route=\/wp\/v2\/users\/1"}],"replies":[{"embeddable":true,"href":"https:\/\/analyse.optim.biz\/index.php?rest_route=%2Fwp%2Fv2%2Fcomments&post=1045055"}],"version-history":[{"count":0,"href":"https:\/\/analyse.optim.biz\/index.php?rest_route=\/wp\/v2\/posts\/1045055\/revisions"}],"wp:attachment":[{"href":"https:\/\/analyse.optim.biz\/index.php?rest_route=%2Fwp%2Fv2%2Fmedia&parent=1045055"}],"wp:term":[{"taxonomy":"category","embeddable":true,"href":"https:\/\/analyse.optim.biz\/index.php?rest_route=%2Fwp%2Fv2%2Fcategories&post=1045055"},{"taxonomy":"post_tag","embeddable":true,"href":"https:\/\/analyse.optim.biz\/index.php?rest_route=%2Fwp%2Fv2%2Ftags&post=1045055"}],"curies":[{"name":"wp","href":"https:\/\/api.w.org\/{rel}","templated":true}]}}