{"id":1045053,"date":"2025-12-12T09:01:29","date_gmt":"2025-12-12T06:01:29","guid":{"rendered":"https:\/\/analyse.optim.biz\/?p=1045053"},"modified":"2025-12-12T09:01:29","modified_gmt":"2025-12-12T06:01:29","slug":"doliu-in-cultura-a-murit-fostul-director-al-centrului-de-creatie-si-al-scolii-populare-de-arta-suceava","status":"publish","type":"post","link":"https:\/\/analyse.optim.biz\/?p=1045053","title":{"rendered":"Doliu \u00een cultur\u0103! A murit fostul director al Centrului de Crea\u021bie \u0219i al \u0218colii Populare de Art\u0103 Suceava"},"content":{"rendered":"<div class=\"entry-content\">\n<p><img decoding=\"async\" loading=\"lazy\" class=\"alignright size-medium wp-image-273553\" src=\"https:\/\/suceavanews.ro\/wp-content\/uploads\/2018\/08\/lumanare-doliu-300x168.jpg\" alt=\"\" width=\"300\" height=\"168\">O fost\u0103 actri\u021b\u0103 \u0219i profesoar\u0103 s-a stins din via\u021b\u0103, la v\u00e2rsta de 76 de ani. Este vorba despre\u00a0Rodica Dominte, fost director al Centrului de Crea\u021bie \u0219i al \u0218colii Populare de Art\u0103 Suceava, care a murit, \u00een a doua zi de Pa\u0219ti, la C\u00e2mpulung Moldovenesc.<\/p>\n<p>Dominte s-a n\u0103scut pe 31 ianuarie 1944 \u00een Boto\u0219ani, unde a absolvit liceul \u201dMihai Eminescu\u201d. \u00cen 1969 a absolvit Conservatorul \u201dGheorghe Dima\u201d din Cluj Napoca. A devenit profesoar\u0103 la Liceul \u201dDrago\u0219 Vod\u0103\u201d din C\u00e2mpulung Moldovenesc, a jucat teatru la Casa de Cultur\u0103, a fost metodist la Casa Culturii \u00a0Suceava, a pus bazele\u00a0 Teatrului Popular \u201dMatei Millo\u201d din Suceava.<\/p>\n<p>De asemenea, a fost director la Centrul de \u00cendrumare a Crea\u021biei Populare a jude\u021bului Suceava \u0219i a \u0218colii Populare de Art\u0103 Suceava.<\/p>\n<\/div>\n","protected":false},"excerpt":{"rendered":"<p>O fost\u0103 actri\u021b\u0103 \u0219i profesoar\u0103 s-a stins din via\u021b\u0103, la v\u00e2rsta de 76 de ani. Este vorba despre\u00a0Rodica Dominte, fost director al Centrului de Crea\u021bie \u0219i al \u0218colii Populare de Art\u0103 Suceava, care a murit, \u00een a doua zi de Pa\u0219ti, la C\u00e2mpulung Moldovenesc. Dominte s-a n\u0103scut pe 31 ianuarie 1944 \u00een Boto\u0219ani, unde a [&hellip;]<\/p>\n","protected":false},"author":1,"featured_media":0,"comment_status":"open","ping_status":"","sticky":false,"template":"","format":"standard","meta":{"footnotes":""},"categories":[89],"tags":[174],"class_list":["post-1045053","post","type-post","status-publish","format-standard","hentry","category-romania","tag-suceavanews-ro"],"_links":{"self":[{"href":"https:\/\/analyse.optim.biz\/index.php?rest_route=\/wp\/v2\/posts\/1045053","targetHints":{"allow":["GET"]}}],"collection":[{"href":"https:\/\/analyse.optim.biz\/index.php?rest_route=\/wp\/v2\/posts"}],"about":[{"href":"https:\/\/analyse.optim.biz\/index.php?rest_route=\/wp\/v2\/types\/post"}],"author":[{"embeddable":true,"href":"https:\/\/analyse.optim.biz\/index.php?rest_route=\/wp\/v2\/users\/1"}],"replies":[{"embeddable":true,"href":"https:\/\/analyse.optim.biz\/index.php?rest_route=%2Fwp%2Fv2%2Fcomments&post=1045053"}],"version-history":[{"count":0,"href":"https:\/\/analyse.optim.biz\/index.php?rest_route=\/wp\/v2\/posts\/1045053\/revisions"}],"wp:attachment":[{"href":"https:\/\/analyse.optim.biz\/index.php?rest_route=%2Fwp%2Fv2%2Fmedia&parent=1045053"}],"wp:term":[{"taxonomy":"category","embeddable":true,"href":"https:\/\/analyse.optim.biz\/index.php?rest_route=%2Fwp%2Fv2%2Fcategories&post=1045053"},{"taxonomy":"post_tag","embeddable":true,"href":"https:\/\/analyse.optim.biz\/index.php?rest_route=%2Fwp%2Fv2%2Ftags&post=1045053"}],"curies":[{"name":"wp","href":"https:\/\/api.w.org\/{rel}","templated":true}]}}