{"id":1045052,"date":"2025-12-12T09:01:08","date_gmt":"2025-12-12T06:01:08","guid":{"rendered":"https:\/\/analyse.optim.biz\/?p=1045052"},"modified":"2025-12-12T09:01:08","modified_gmt":"2025-12-12T06:01:08","slug":"filmul-we-put-the-world-to-sleep-al-radauteanului-adrian-tofei-inclus-in-top-100-cele-mai-anticipate-filme-ale-anului-la-cannes","status":"publish","type":"post","link":"https:\/\/analyse.optim.biz\/?p=1045052","title":{"rendered":"Filmul \u201eWe Put the World to Sleep\u201d al r\u0103d\u0103u\u021beanului Adrian \u021aofei inclus \u00een top 100 cele mai anticipate filme ale anului la Cannes"},"content":{"rendered":"<div class=\"entry-content\">\n<p><img decoding=\"async\" loading=\"lazy\" class=\"alignright size-medium wp-image-304294\" src=\"https:\/\/suceavanews.ro\/wp-content\/uploads\/2020\/05\/Adrian-Tofei-in-We-Put-the-World-to-Sleep-300x169.jpg\" alt=\"\" width=\"300\" height=\"169\">Filmul rom\u00e2nesc \u201eWe Put the World to Sleep\u201d regizat de r\u0103d\u0103u\u021beanul Adrian \u021aofei a fost inclus de publica\u021bia francez\u0103 Wask pe locul 52 \u00een top 100 cele mai anticipate filme ale anului 2020 ce ar trebui incluse \u00een Festivalul de la Cannes. Publica\u021bia ofer\u0103 sec\u021biunea Quinzaine des Realisateurs ca sec\u021biune poten\u021bial\u0103 pentru \u201eWe Put the World to Sleep\u201d, care este \u0219i singurul film rom\u00e2nesc din top.<\/p>\n<p>Printre celelalte filme din top se num\u0103r\u0103 \u201eBenedetta\u201d (regia Paul Verhoeven), \u201eThe French Dispatch\u201d (r. Wes Anderson), \u201eUn monde\u201d (r. Laura Wendel), \u201eDrunk\u201d (r. Thomas Vinterberg), \u201eL\u2019histoire de ma femme\u201d (r. Ildiko Enyedi), \u201eFlag Day\u201d (r. Sean Penn), \u201ePeninsula\u201d (r. Yeon Sang-ho), \u201eOn the Rocks\u201d (r. Sofia Coppola), \u201eFalling\u201d (r. Viggo Mortensen), \u201eMandibules\u201d (Quentin Dupieux) \u0219i \u201eTop Gun: Maverick\u201d (r. Joseph Kosinski).<\/p>\n<p><img decoding=\"async\" loading=\"lazy\" class=\"alignleft size-medium wp-image-304295\" src=\"https:\/\/suceavanews.ro\/wp-content\/uploads\/2020\/05\/Poster-of-We-Put-the-World-to-Sleep-203x300.jpg\" alt=\"\" width=\"203\" height=\"300\">Din distribu\u021bia \u201eWe Put the World to Sleep\u201d fac parte Adrian \u021aofei, Duru Yucel-\u021aofei, Erisse Peterson, Andreea Enciu \u0219i Danha Yunes. Adrian \u021aofei este \u0219i produc\u0103torul \u0219i scenaristul filmului ce are ca subiect un film apocaliptic despre doi iubi\u021bi ce provoac\u0103 sf\u00e2r\u0219itul lumii. Cei doi actori se pierd \u00een personajele pe care le interpreteaz\u0103 \u0219i pornesc \u00eentr-o misiune de a sf\u0103r\u0219i lumea \u00een mod real.<\/p>\n<p>Film\u0103rile s-au realizat \u00een Rom\u00e2nia, Turcia \u0219i Ucraina, inclusiv \u00een R\u0103d\u0103u\u021bi, Cern\u0103u\u021bi, Sucevi\u021ba, Gura Humorului. Filmul se afl\u0103 momentan \u00een etapa de post-produc\u021bie \u0219i este a doua parte a unei ambi\u021biose trilogii din care va face parte \u0219i primul film al lui Adrian \u021aofei, \u201eBe My Cat: A Film for Anne\u201d, \u0219i cel de-al treilea film al s\u0103u, \u201eDr. Frankenstein\u201d, aflat acum \u00een faza de proiect, ce-i va avea \u00een distribu\u021bie pe Adrian \u021aofei, Duru Yucel-\u021aofei \u0219i Mircea Gheorghiu.<\/p>\n<p>Oricine poate sus\u021bine trilogia pe pagina de Patreon a lui Adrian \u021aofei. Metoda sa de lucru fiind una bazat\u0103 pe improviza\u021bie, f\u0103r\u0103 un scenariu clasic, \u00eei este aproape imposibil s\u0103 ob\u021bin\u0103 finan\u021b\u0103ri \u0219i colabot\u0103ri cu casele de produc\u021bie, motiv pentru care Adrian se bazeaz\u0103 pe sprijinul celor ce-i apreciaz\u0103 filmele \u0219i-i \u00een\u021beleg metoda.<\/p>\n<\/div>\n","protected":false},"excerpt":{"rendered":"<p>Filmul rom\u00e2nesc \u201eWe Put the World to Sleep\u201d regizat de r\u0103d\u0103u\u021beanul Adrian \u021aofei a fost inclus de publica\u021bia francez\u0103 Wask pe locul 52 \u00een top 100 cele mai anticipate filme ale anului 2020 ce ar trebui incluse \u00een Festivalul de la Cannes. Publica\u021bia ofer\u0103 sec\u021biunea Quinzaine des Realisateurs ca sec\u021biune poten\u021bial\u0103 pentru \u201eWe Put the [&hellip;]<\/p>\n","protected":false},"author":1,"featured_media":0,"comment_status":"open","ping_status":"","sticky":false,"template":"","format":"standard","meta":{"footnotes":""},"categories":[89],"tags":[174],"class_list":["post-1045052","post","type-post","status-publish","format-standard","hentry","category-romania","tag-suceavanews-ro"],"_links":{"self":[{"href":"https:\/\/analyse.optim.biz\/index.php?rest_route=\/wp\/v2\/posts\/1045052","targetHints":{"allow":["GET"]}}],"collection":[{"href":"https:\/\/analyse.optim.biz\/index.php?rest_route=\/wp\/v2\/posts"}],"about":[{"href":"https:\/\/analyse.optim.biz\/index.php?rest_route=\/wp\/v2\/types\/post"}],"author":[{"embeddable":true,"href":"https:\/\/analyse.optim.biz\/index.php?rest_route=\/wp\/v2\/users\/1"}],"replies":[{"embeddable":true,"href":"https:\/\/analyse.optim.biz\/index.php?rest_route=%2Fwp%2Fv2%2Fcomments&post=1045052"}],"version-history":[{"count":0,"href":"https:\/\/analyse.optim.biz\/index.php?rest_route=\/wp\/v2\/posts\/1045052\/revisions"}],"wp:attachment":[{"href":"https:\/\/analyse.optim.biz\/index.php?rest_route=%2Fwp%2Fv2%2Fmedia&parent=1045052"}],"wp:term":[{"taxonomy":"category","embeddable":true,"href":"https:\/\/analyse.optim.biz\/index.php?rest_route=%2Fwp%2Fv2%2Fcategories&post=1045052"},{"taxonomy":"post_tag","embeddable":true,"href":"https:\/\/analyse.optim.biz\/index.php?rest_route=%2Fwp%2Fv2%2Ftags&post=1045052"}],"curies":[{"name":"wp","href":"https:\/\/api.w.org\/{rel}","templated":true}]}}