{"id":1045050,"date":"2025-12-12T09:00:49","date_gmt":"2025-12-12T06:00:49","guid":{"rendered":"https:\/\/analyse.optim.biz\/?p=1045050"},"modified":"2025-12-12T09:00:49","modified_gmt":"2025-12-12T06:00:49","slug":"ips-pimen-va-fi-inmormantat-la-manastirea-sihastria-putnei","status":"publish","type":"post","link":"https:\/\/analyse.optim.biz\/?p=1045050","title":{"rendered":"\u00cePS Pimen va fi \u00eenmorm\u00e2ntat la M\u0103n\u0103stirea Sih\u0103stria Putnei"},"content":{"rendered":"<div class=\"entry-content\">\n<p><img decoding=\"async\" loading=\"lazy\" class=\"alignright size-medium wp-image-243130\" src=\"https:\/\/suceavanews.ro\/wp-content\/uploads\/2017\/08\/pimen-200x300.jpg\" alt=\"\" width=\"200\" height=\"300\">Mitropolia Moldovei \u0219i Bucovinei a anun\u021bat c\u0103 arhiepiscopul Sucevei \u0219i R\u0103d\u0103u\u021bilor, \u00cePS Pimen, va fi \u00eenmorm\u00e2ntat la M\u0103n\u0103stirea Sih\u0103stria Putnei.<\/p>\n<p>\u00cePS Pimen s-a stins din via\u021b\u0103, miercuri, \u00een Institutul de Boli Infec\u021bioase Matei Bals din Bucure\u0219ti, unde fusese internat \u00een urm\u0103 cu exact o lun\u0103, dup\u0103 ce a fost diagnosticat cu COVID-19.<\/p>\n<p><em><strong>\u201eDac\u0103 va fi posibil, slujba \u00eenmorm\u00e2nt\u0103rii se va face la Suceava, apoi trupul ne\u00eensufle\u021bit va fi dus la aceast\u0103 m\u0103n\u0103stire\u201d<\/strong><\/em>, a anun\u021bat Mitropolia.<\/p>\n<p>Oficialii Bisericii spun, de asemenea, c\u0103 \u00eenc\u0103 nu a fost stabilit\u0103 ziua \u00eenmorm\u00e2nt\u0103rii.<\/p>\n<\/div>\n","protected":false},"excerpt":{"rendered":"<p>Mitropolia Moldovei \u0219i Bucovinei a anun\u021bat c\u0103 arhiepiscopul Sucevei \u0219i R\u0103d\u0103u\u021bilor, \u00cePS Pimen, va fi \u00eenmorm\u00e2ntat la M\u0103n\u0103stirea Sih\u0103stria Putnei. \u00cePS Pimen s-a stins din via\u021b\u0103, miercuri, \u00een Institutul de Boli Infec\u021bioase Matei Bals din Bucure\u0219ti, unde fusese internat \u00een urm\u0103 cu exact o lun\u0103, dup\u0103 ce a fost diagnosticat cu COVID-19. \u201eDac\u0103 va fi [&hellip;]<\/p>\n","protected":false},"author":1,"featured_media":0,"comment_status":"open","ping_status":"","sticky":false,"template":"","format":"standard","meta":{"footnotes":""},"categories":[89],"tags":[174],"class_list":["post-1045050","post","type-post","status-publish","format-standard","hentry","category-romania","tag-suceavanews-ro"],"_links":{"self":[{"href":"https:\/\/analyse.optim.biz\/index.php?rest_route=\/wp\/v2\/posts\/1045050","targetHints":{"allow":["GET"]}}],"collection":[{"href":"https:\/\/analyse.optim.biz\/index.php?rest_route=\/wp\/v2\/posts"}],"about":[{"href":"https:\/\/analyse.optim.biz\/index.php?rest_route=\/wp\/v2\/types\/post"}],"author":[{"embeddable":true,"href":"https:\/\/analyse.optim.biz\/index.php?rest_route=\/wp\/v2\/users\/1"}],"replies":[{"embeddable":true,"href":"https:\/\/analyse.optim.biz\/index.php?rest_route=%2Fwp%2Fv2%2Fcomments&post=1045050"}],"version-history":[{"count":0,"href":"https:\/\/analyse.optim.biz\/index.php?rest_route=\/wp\/v2\/posts\/1045050\/revisions"}],"wp:attachment":[{"href":"https:\/\/analyse.optim.biz\/index.php?rest_route=%2Fwp%2Fv2%2Fmedia&parent=1045050"}],"wp:term":[{"taxonomy":"category","embeddable":true,"href":"https:\/\/analyse.optim.biz\/index.php?rest_route=%2Fwp%2Fv2%2Fcategories&post=1045050"},{"taxonomy":"post_tag","embeddable":true,"href":"https:\/\/analyse.optim.biz\/index.php?rest_route=%2Fwp%2Fv2%2Ftags&post=1045050"}],"curies":[{"name":"wp","href":"https:\/\/api.w.org\/{rel}","templated":true}]}}