{"id":1045048,"date":"2025-12-12T09:00:21","date_gmt":"2025-12-12T06:00:21","guid":{"rendered":"https:\/\/analyse.optim.biz\/?p=1045048"},"modified":"2025-12-12T09:00:21","modified_gmt":"2025-12-12T06:00:21","slug":"crescut-pe-muzica-cum-au-fost-atelierele-pe-zoom-si-cine-sunt-participantii","status":"publish","type":"post","link":"https:\/\/analyse.optim.biz\/?p=1045048","title":{"rendered":"Crescut pe Muzic\u0103! Cum au fost atelierele pe Zoom \u0219i cine sunt participan\u021bii"},"content":{"rendered":"<div class=\"entry-content\">\n<p><img decoding=\"async\" loading=\"lazy\" class=\"alignright size-medium wp-image-305558\" src=\"https:\/\/suceavanews.ro\/wp-content\/uploads\/2020\/07\/Alexandru-Boicu-240x300.jpg\" alt=\"\" width=\"240\" height=\"300\">20\u00a0 de tineri au participat timp de o lun\u0103 la \u0219ase serii de ateliere online de jurnalism, fotografie, film documentar, scriere creativ\u0103, etnomuzicologie \u0219i media literacy. La atelierele sus\u021binute pe Zoom tinerii au fost ini\u021bia\u021bi \u0219i ghida\u021bi s\u0103 creeze propriile materiale documentare. Prin aplica\u021biile \u0219i temele propuse, ei au cercetat istoria familiei \u0219i comunit\u0103\u021bii din care fac parte, chestion\u00e2nd importan\u021ba p\u0103str\u0103rii \u0219i prezent\u0103rii tradi\u021biilor locale. \u00cen proces, tinerii au ar\u0103tat c\u0103 au competen\u021bele digitale necesare vremurilor \u00een care tr\u0103im \u0219i c\u0103 globalizarea educa\u021biei este posibil\u0103, at\u00e2t timp c\u00e2t exist\u0103 acces printr-un smartphone \u0219i o conexiune bun\u0103 la internet.<\/p>\n<p>Atelierele nu au fost lipsite de provoc\u0103ri, tinerii din mediul rural au avut probleme de conexiune la internet, chiar \u0219i de semnal. Au fost \u0219i multe momente pl\u0103cute, de exemplu atunci c\u00e2nd participan\u021bii s-au intervievat reciproc, au avut discu\u021bii aprinse despre geneza unor anumite stiluri muzicale sau au c\u00e2ntat la trompet\u0103, fluier \u0219i harmo\u0219c\u0103. Aceste momente au fost surprinse \u0219i puse pe Tik Tok <a href=\"https:\/\/tinyurl.com\/ybd83ox5\">https:\/\/tinyurl.com\/ybd83ox5<\/a>.<\/p>\n<p><strong>Bogdan Mihai Simion (trainer Entomuzicologie)<\/strong><\/p>\n<p><em>\u201eInterac\u021biunea general\u0103 a fost minunat\u0103. \u00cen afar\u0103 de c\u00e2teva cazuri punctuale \u2013 unde am avut probleme tehnice din cauza conexiunii la internet \u2013 am lucrat bine cu to\u021bi copiii.\u00a0 Cele mai importante provoc\u0103ri au fost 5G-ul, device-urile care nu ascult\u0103 \u0219i cum convingi tineri de 15 \u2013 16 ani s\u0103 fac\u0103 teme \u00een vacan\u021b\u0103. Exist\u0103 c\u00e2\u021biva participan\u021bi model, Alexandra Listrat \u00ee\u0219i dore\u0219te foarte mult s\u0103 lase o marc\u0103 \u00een leg\u0103tur\u0103 cu lipovenii pentru propria ei genera\u021bie, Darius Jecan este super pasionat, iar \u0218tefan Milutinovici are cuno\u0219tin\u021be muzicale solide, este autodidact, a \u00eenv\u0103\u021bat s\u0103 c\u00e2nte la multe instrumente de suflat \u0219i este proasp\u0103t student la Consevatorul din Bra\u0219ov.\u201d<\/em><\/p>\n<p><strong>Descoperirea<\/strong><strong> participan\u021bilor <\/strong><\/p>\n<p><img decoding=\"async\" loading=\"lazy\" class=\"alignleft size-medium wp-image-305559\" src=\"https:\/\/suceavanews.ro\/wp-content\/uploads\/2020\/07\/Atelier-de-Jurnalism-cu-Delia-Marinescu-300x157.jpg\" alt=\"\" width=\"300\" height=\"157\">Participan\u021bii la ateliere au fost g\u0103si\u021bi \u0219i contacta\u021bi \u00een pricipal prin intermediul re\u021belei stabilite acum cinci ani de ini\u021biatoare proiectului Crescut Pe Muzic\u0103, Simona Constantin. Pe atunci Simona lucra la o cercetare pe teren \u00een vederea lans\u0103rii unui catalog cu ultimii l\u0103utari din \u021bar\u0103. Cei 20 de copii \u0219i adolescenti g\u0103si\u021bi din toat\u0103 \u021bara c\u00e2nt\u0103 sau danseaz\u0103 \u0219i sunt activi \u00een domeniul patrimoniului imaterial al muzicii tradi\u021bionale, din regiunea \u00een care tr\u0103iesc.<\/p>\n<p><strong>Participan\u021bii Crescut Pe Muzic\u0103 \u2013 cine \u0219i de unde sunt <\/strong><\/p>\n<p>Din <strong>Muntenia<\/strong>, chiar din C\u0103l\u0103ra\u0219i, locul unde-\u0219i are sediul Asocia\u021bia ACCES, entitate ce st\u0103 la baza organiz\u0103rii proiectului, provine acordeonistul Lucian George. Bucure\u0219tiul este reprezentat prin \u0218tefan Milutinovici, un t\u00e2n\u0103r c\u00e2nt\u0103re\u021b la fluier \u0219i caval, care \u0219i-a g\u0103sit timp pentru ateliere \u00een timp ce d\u0103dea BAC-ul \u0219i se preg\u0103tea pentru admiterea la Conservatorul din Bra\u0219ov, unde a \u0219i fost admis. Din Br\u0103ila, mai exact din F\u0103urei este acordeonistul Florinel Caraivan, adolescent care a venit ulterior \u00een proiect \u0219i care a suprins organizatorii \u0219i trainerii prin gradul mare de implicare.<\/p>\n<p><strong><img decoding=\"async\" loading=\"lazy\" class=\"alignright size-medium wp-image-305560\" src=\"https:\/\/suceavanews.ro\/wp-content\/uploads\/2020\/07\/Gabriel-Marin-240x300.jpg\" alt=\"\" width=\"240\" height=\"300\">Dobrogea<\/strong> face parte din proiect prin c\u00e2nt\u0103rea\u021ba la harmo\u0219c\u0103 din comunitatea ru\u0219ilor lipoveni, Alexandra Listrat (14 ani) din Sarichioi (Tulcea), care a dat admiterea la liceu chiar \u00een timpul atelierelor, dar \u0219i prin Gabriel Gheorghe un acordeonist de 14 ani din Constan\u021ba care s-a apucat de muzic\u0103, inspirat de unchiul s\u0103u.<\/p>\n<p><em>\u201eAm vorbit mult cu trainerii care mereu au \u00eencercat s\u0103-mi ofere diferite sfaturi legate de ce a<\/em><em>\u0219<\/em><em> putea face ca s\u0103-mi ias\u0103 tema mai bine. Mi-au pl\u0103cut to\u021bi trainerii, chiar nu am unul preferat. To\u021bi \u0219i-au dat silin\u021ba \u0219i \u00eei super apreciez pentru asta.\u201d, <\/em>spune <strong>Alexandra Listrat din Sarichioi.<\/strong><\/p>\n<p>Mul\u021bi dintre participan\u021bi sunt din zona <strong>Moldovei<\/strong>, din Vaslui sunt trei b\u0103ie\u021bi de pe l\u00e2ng\u0103 comunitatea creat\u0103 \u00een jurul Fanfarei de la Valea Mare. Andrei Stoica \u0219i Ionut Alexandru c\u00e2nt\u0103 la trompet\u0103, iar M\u0103d\u0103lin Mavroianu (13 ani) la bariton. Mai sus, chiar din satul Fanfarei 10 Pr\u0103jini, vin trei muzicieni: Andrei Viziru care c\u00e2nt\u0103 la tobe \u0219i este foarte activ pe Tik-Tok, Leonard Radu, cel mai t\u00e2n\u0103r muzician din proiect, c\u00e2nt\u0103re\u021b la trompet\u0103 \u0219i Alex Pan\u021biru, saxofonist. Din Suceava particip\u0103 Ionu\u021b P\u00eentiuc (16 ani), adolescent pasionat de trompet\u0103, care face parte din taraful condus de Dan L\u0103c\u0103tu\u0219, al\u0103turi de clarinetistul Iulian Harbaca \u0219i trompetistul Alexandru Boicu. Tot din zona Sucevei este \u0219i Gabriel Marin (18 ani), trompetist din satul Mironu, care de\u0219i nu a participat la ateliere pentru c\u0103 mergea la munc\u0103, a \u021binut leg\u0103tura cu echipa proiectului prin telefon \u0219i a preg\u0103tit materiale despre muzicienii din sat.<\/p>\n<p><strong><img decoding=\"async\" loading=\"lazy\" class=\"alignleft size-medium wp-image-305561\" src=\"https:\/\/suceavanews.ro\/wp-content\/uploads\/2020\/07\/Ionut-Pintiuc-240x300.jpg\" alt=\"\" width=\"240\" height=\"300\">Transilvania<\/strong> este pe harta proiectului prin Darius Jecan, dansator \u00eentr-un ansamblu de muzic\u0103 popular\u0103 din comuna Frata. Din regiunea <strong>Maramure\u0219<\/strong>, din ora\u0219ul Carei (Satu Mare) particip\u0103 dou\u0103 soliste \u0219i dansatoare de muzic\u0103 popular\u0103, Claudia Silaghi \u0219i Andreea Abrudean. Din jude\u021bul Bistri\u021ba N\u0103s\u0103ud, ora\u0219ul S\u00e2ngeorz-B\u0103i, proiectul va ar\u0103ta via\u021ba muzical\u0103 a Florinei \u0219i Ioanei Gabor, soliste cu experien\u021b\u0103 de cinci ani \u00een dansuri populare, care acum fac \u0219i dansuri contemporane \u0219i \u00eembin\u0103 tradi\u021bia cu prezentul.<\/p>\n<p><strong>Delia Marinescu (trainer Jurnalism) <\/strong><\/p>\n<p><em>\u201ePu\u0219tii mi s-au p\u0103rut maturi pentru cei 13, 15 sau 18 ani pe care \u00eei au. Am observat c\u0103 cei care au auzit de mici \u00een familie sau comunitate c\u0103 sunt datori cumva s\u0103 duc\u0103 mai departe muzica sau dansul zonei din care vin s-au implicat cel mai mult, pentru c\u0103 acest proiect nu era dec\u00e2t o parte din misiunea pe care o aveau deja. Un exemplu este Alexandra Listrat din localitatea de ru\u0219i lipoveni, Sarichioi, care c\u00e2nt\u0103 la harmo\u0219c\u0103. Ne-a zis c\u0103 din interviul pe care l-a facut \u00een cadrul proiectului cu proful ei, Pimon Bejenaru, a aflat lucruri pe care nici ea, \u0219i nici al\u021bii din comunitate nu le \u0219tiau \u0219i c\u0103 e e bucuroas\u0103 c\u0103 o s\u0103 le \u00eemp\u0103rt\u0103\u0219easc\u0103 cu c\u00e2t mai mult\u0103 lume.\u201d <\/em><\/p>\n<p><strong><img decoding=\"async\" loading=\"lazy\" class=\"alignright size-medium wp-image-305562\" src=\"https:\/\/suceavanews.ro\/wp-content\/uploads\/2020\/07\/Iulian-Harbaca-240x300.jpg\" alt=\"\" width=\"240\" height=\"300\">Fragment din interviul Alexandrei cu Pimon Bejenaru.<\/strong><strong> Restul interviului va putea fi citit \u00een expozi\u021bia online de pe 15 august. <\/strong><\/p>\n<p><em>\u201eA: Care a fost cel mai frumos moment al dvs cu muzica?<\/em><\/p>\n<p><em>PB: Atunci c\u00e2nd mi-am f\u0103cut chitara dintr-o sc\u00e2ndur\u0103 si am \u00eentins corzi de la vi\u021ba de vie , din s\u00e2rme.<br \/>\nA: La ce a\u021bi renun\u021bat de-a lungul anilor pentru muzic\u0103?<br \/>\nPB: La m\u00e2ncare. Am luat banii \u0219i mi-am luat chitara. \u0218i to\u021bi banii pe care i-am avut i-am investit \u00een chitara. N-am m\u00e2ncat o lun\u0103 de zile dec\u00e2t\u2026M\u0103 duceam \u00een p\u0103dure, atunci lucram \u00een Sibiu, \u0219i adunam mere \u0219i varz\u0103 \u0219i am m\u00e2ncat asta toat\u0103 luna.\u201d<\/em><\/p>\n<p><strong>Preg\u0103tirea expozi\u021biei de pe 15 august <\/strong><\/p>\n<p>\u00cen timpul r\u0103mas p\u00e2na la expozi\u021bia online de pe 15 august, participan\u021bii vor termina materialele \u00eencepute \u0219i se va \u00eencepe lucrul la site-ul ce va g\u0103zdui expozi\u021bia. Dup\u0103 lansare se vor organiza c\u00e2teva evenimente tip Artist Talk cu participan\u021bii \u0219i alte dou\u0103 mese rotunde cu profesori \u0219i partenerii culturali.<\/p>\n<p>Prin proiectul Crescut Pe Muzic\u0103 organizatorii \u0219i trainerii \u0219i-au propus s\u0103 g\u0103seasc\u0103 \u0219i s\u0103 lucreze \u00eempreun\u0103 cu 20 de adolescen\u021bi ce provin din familii de muzicieni tradi\u021bionali din toate zonele \u021b\u0103rii. Adolescen\u021bii vor realiza materiale de auto-documentare, cu sprijinul a \u0219ase profesioni\u0219ti din domenii creative \u0219i informa\u021bionale diverse. La final, materialele realizate de ei vor compune o expozi\u021bie online, dedicat\u0103 \u00een special publicului t\u00e2n\u0103r.<\/p>\n<p>Crescut pe Muzic\u0103 este un proiect cultural finan\u021bat de Ministerul Culturii \u0219i Identit\u0103\u021bii<\/p>\n<p>Na\u021bionale.<\/p>\n<p>Proiectul este organizat de c\u0103tre Asocia\u021bia ACCES C\u0103l\u0103ra\u0219i.<\/p>\n<p>Parteneri media: Radio Guerilla, Scena9, PressOne, Revista Zeppelin, Un site de muzica, IQads, VICE Rom\u00e2nia, Promenada Culturala, Munteanu.<\/p>\n<p>Parteneri institu\u021bionali: Muzeul Na\u021bional al \u021a\u0103ranului Rom\u00e2n, Inspectoratul \u0218colar Jude\u021bean C\u0103l\u0103ra\u0219i, Prim\u0103ria Municipiului C\u0103l\u0103ra\u0219i.<\/p>\n<p>Cu sprijinul: Asocia\u021bia Cultural\u0103 Contrasens, Asocia\u021bia Solidart, Asocia\u021bia \u00cenCAP (Ini\u021biative \u00een Cinematografie \u0219i Arte Performative), Asocia\u021bia HASMA\u021aUCHI, PLUS EAST Cultural Association (Portugalia), STICHTING EASTWARDS (Olanda), VRTW ARTISTS, Asocia\u021bia Cultural\u0103 Metropolis, Asocia\u021bia Bloc Zero, Asocia\u021bia T.E.T. Alexandria<\/p>\n<\/div>\n","protected":false},"excerpt":{"rendered":"<p>20\u00a0 de tineri au participat timp de o lun\u0103 la \u0219ase serii de ateliere online de jurnalism, fotografie, film documentar, scriere creativ\u0103, etnomuzicologie \u0219i media literacy. La atelierele sus\u021binute pe Zoom tinerii au fost ini\u021bia\u021bi \u0219i ghida\u021bi s\u0103 creeze propriile materiale documentare. Prin aplica\u021biile \u0219i temele propuse, ei au cercetat istoria familiei \u0219i comunit\u0103\u021bii din [&hellip;]<\/p>\n","protected":false},"author":1,"featured_media":0,"comment_status":"open","ping_status":"","sticky":false,"template":"","format":"standard","meta":{"footnotes":""},"categories":[89],"tags":[174],"class_list":["post-1045048","post","type-post","status-publish","format-standard","hentry","category-romania","tag-suceavanews-ro"],"_links":{"self":[{"href":"https:\/\/analyse.optim.biz\/index.php?rest_route=\/wp\/v2\/posts\/1045048","targetHints":{"allow":["GET"]}}],"collection":[{"href":"https:\/\/analyse.optim.biz\/index.php?rest_route=\/wp\/v2\/posts"}],"about":[{"href":"https:\/\/analyse.optim.biz\/index.php?rest_route=\/wp\/v2\/types\/post"}],"author":[{"embeddable":true,"href":"https:\/\/analyse.optim.biz\/index.php?rest_route=\/wp\/v2\/users\/1"}],"replies":[{"embeddable":true,"href":"https:\/\/analyse.optim.biz\/index.php?rest_route=%2Fwp%2Fv2%2Fcomments&post=1045048"}],"version-history":[{"count":0,"href":"https:\/\/analyse.optim.biz\/index.php?rest_route=\/wp\/v2\/posts\/1045048\/revisions"}],"wp:attachment":[{"href":"https:\/\/analyse.optim.biz\/index.php?rest_route=%2Fwp%2Fv2%2Fmedia&parent=1045048"}],"wp:term":[{"taxonomy":"category","embeddable":true,"href":"https:\/\/analyse.optim.biz\/index.php?rest_route=%2Fwp%2Fv2%2Fcategories&post=1045048"},{"taxonomy":"post_tag","embeddable":true,"href":"https:\/\/analyse.optim.biz\/index.php?rest_route=%2Fwp%2Fv2%2Ftags&post=1045048"}],"curies":[{"name":"wp","href":"https:\/\/api.w.org\/{rel}","templated":true}]}}