{"id":1045043,"date":"2025-12-12T08:59:17","date_gmt":"2025-12-12T05:59:17","guid":{"rendered":"https:\/\/analyse.optim.biz\/?p=1045043"},"modified":"2025-12-12T08:59:17","modified_gmt":"2025-12-12T05:59:17","slug":"restrictii-de-circulatie-la-radauti-pentru-modernizarea-unor-strazi","status":"publish","type":"post","link":"https:\/\/analyse.optim.biz\/?p=1045043","title":{"rendered":"Restric\u021bii de circula\u021bie la R\u0103d\u0103u\u021bi pentru modernizarea unor str\u0103zi"},"content":{"rendered":"<div class=\"entry-content\">\n<p><img decoding=\"async\" loading=\"lazy\" class=\"alignright size-medium wp-image-266296\" src=\"https:\/\/suceavanews.ro\/wp-content\/uploads\/2018\/05\/modernizare-strazi-radauti-300x225.jpg\" alt=\"\" width=\"300\" height=\"225\">Vineri, 25 mai\u00a0a \u00eenceput asfaltarea str\u0103zilor Abatorului \u0219i Fr\u00e2ncei din municipiul R\u0103d\u0103u\u021bi. \u00cen perioada urm\u0103toare vor fi asfaltate str\u0103zile Mihai Bodnar \u0219i Andronic Motrescu.<br \/><span class=\"text_exposed_show\"><br \/>\nPotrivit reprezentan\u021bilor Prim\u0103riei, \u00een acest moment, strada Fr\u00e2ncei este \u00eenchis\u0103 circula\u021biei dinspre Calea Bucovinei \u0219i pe strada Abatorului circula\u021bia este \u00eenchis\u0103 dinspre Calea Cern\u0103u\u021bi.<\/span><\/p>\n<p>Contractul pentru modernizarea a patru str\u0103zi importante din municipiul R\u0103d\u0103u\u021bi a fost semnat dup\u0103 ce pe 26 februarie,\u00a0Curtea de Apel Suceava, prin Hotararea 1024\/2018, r\u0103mas\u0103 definitiv\u0103, a hot\u0103rat respingerea recursului declarat de reclamanta SC CALCARUL SA, la licita\u021bia proiectului de modernizare a str\u0103zilor Francei, Abatorului, Mihai Bodnar \u0219i Andronic Motrescu.<br \/><a href=\"https:\/\/www.facebook.com\/suceavanews.ro\/\"><img decoding=\"async\" loading=\"lazy\" class=\"alignleft size-full wp-image-139939\" src=\"https:\/\/suceavanews.ro\/wp-content\/uploads\/2014\/02\/like-facebook.jpg\" alt=\"\" width=\"50\" height=\"23\"><\/a><br \/>\nDrept urmare, lucr\u0103rile de modernizare au fost \u00eencredin\u021bate spre execu\u021bie SC AUTOTEHNOROM SRL \u0218cheia.<\/p>\n<\/div>\n","protected":false},"excerpt":{"rendered":"<p>Vineri, 25 mai\u00a0a \u00eenceput asfaltarea str\u0103zilor Abatorului \u0219i Fr\u00e2ncei din municipiul R\u0103d\u0103u\u021bi. \u00cen perioada urm\u0103toare vor fi asfaltate str\u0103zile Mihai Bodnar \u0219i Andronic Motrescu. Potrivit reprezentan\u021bilor Prim\u0103riei, \u00een acest moment, strada Fr\u00e2ncei este \u00eenchis\u0103 circula\u021biei dinspre Calea Bucovinei \u0219i pe strada Abatorului circula\u021bia este \u00eenchis\u0103 dinspre Calea Cern\u0103u\u021bi. Contractul pentru modernizarea a patru str\u0103zi importante [&hellip;]<\/p>\n","protected":false},"author":1,"featured_media":0,"comment_status":"open","ping_status":"","sticky":false,"template":"","format":"standard","meta":{"footnotes":""},"categories":[89],"tags":[174],"class_list":["post-1045043","post","type-post","status-publish","format-standard","hentry","category-romania","tag-suceavanews-ro"],"_links":{"self":[{"href":"https:\/\/analyse.optim.biz\/index.php?rest_route=\/wp\/v2\/posts\/1045043","targetHints":{"allow":["GET"]}}],"collection":[{"href":"https:\/\/analyse.optim.biz\/index.php?rest_route=\/wp\/v2\/posts"}],"about":[{"href":"https:\/\/analyse.optim.biz\/index.php?rest_route=\/wp\/v2\/types\/post"}],"author":[{"embeddable":true,"href":"https:\/\/analyse.optim.biz\/index.php?rest_route=\/wp\/v2\/users\/1"}],"replies":[{"embeddable":true,"href":"https:\/\/analyse.optim.biz\/index.php?rest_route=%2Fwp%2Fv2%2Fcomments&post=1045043"}],"version-history":[{"count":0,"href":"https:\/\/analyse.optim.biz\/index.php?rest_route=\/wp\/v2\/posts\/1045043\/revisions"}],"wp:attachment":[{"href":"https:\/\/analyse.optim.biz\/index.php?rest_route=%2Fwp%2Fv2%2Fmedia&parent=1045043"}],"wp:term":[{"taxonomy":"category","embeddable":true,"href":"https:\/\/analyse.optim.biz\/index.php?rest_route=%2Fwp%2Fv2%2Fcategories&post=1045043"},{"taxonomy":"post_tag","embeddable":true,"href":"https:\/\/analyse.optim.biz\/index.php?rest_route=%2Fwp%2Fv2%2Ftags&post=1045043"}],"curies":[{"name":"wp","href":"https:\/\/api.w.org\/{rel}","templated":true}]}}