{"id":1045039,"date":"2025-12-12T08:58:34","date_gmt":"2025-12-12T05:58:34","guid":{"rendered":"https:\/\/analyse.optim.biz\/?p=1045039"},"modified":"2025-12-12T08:58:34","modified_gmt":"2025-12-12T05:58:34","slug":"un-barbat-si-un-copil-raniti-de-petarde","status":"publish","type":"post","link":"https:\/\/analyse.optim.biz\/?p=1045039","title":{"rendered":"Un b\u0103rbat \u0219i un copil, r\u0103ni\u021bi de petarde"},"content":{"rendered":"<div class=\"entry-content\">\n<p><a href=\"https:\/\/suceavanews.ro\/wp-content\/uploads\/2017\/01\/petarda.jpg\"><img decoding=\"async\" loading=\"lazy\" class=\"alignright size-medium wp-image-223119\" src=\"https:\/\/suceavanews.ro\/wp-content\/uploads\/2017\/01\/petarda-300x225.jpg\" alt=\"petarda\" width=\"300\" height=\"225\"><\/a>Un b\u0103rbat de 50 de ani din localitatea Dorna Arini \u0219i un copil de 12 ani din P\u0103tr\u0103u\u021bi au ajuns la Spitalul Jude\u021bean Suceava, duminic\u0103, dup\u0103 ce au fost r\u0103ni\u021bi de petarde.<\/p>\n<p>B\u0103rbatul avea un traumatism la ochiul drept, iar copilul o arsur\u0103 de gradul I-II, \u00een zona interfesier\u0103.<\/p>\n<p><a href=\"https:\/\/www.facebook.com\/suceavanews.ro\/?fref=ts\"><img decoding=\"async\" loading=\"lazy\" class=\"alignleft size-full wp-image-139939\" src=\"https:\/\/suceavanews.ro\/wp-content\/uploads\/2014\/02\/like-facebook.jpg\" alt=\"like-facebook\" width=\"50\" height=\"23\"><\/a>Cei doi au fost interna\u021bi pe sec\u021biile de Oftalmologie, respectiv Chirurgie Infantil\u0103.<\/p>\n<p>\u00a0<\/p>\n<\/div>\n","protected":false},"excerpt":{"rendered":"<p>Un b\u0103rbat de 50 de ani din localitatea Dorna Arini \u0219i un copil de 12 ani din P\u0103tr\u0103u\u021bi au ajuns la Spitalul Jude\u021bean Suceava, duminic\u0103, dup\u0103 ce au fost r\u0103ni\u021bi de petarde. B\u0103rbatul avea un traumatism la ochiul drept, iar copilul o arsur\u0103 de gradul I-II, \u00een zona interfesier\u0103. Cei doi au fost interna\u021bi pe [&hellip;]<\/p>\n","protected":false},"author":1,"featured_media":0,"comment_status":"open","ping_status":"","sticky":false,"template":"","format":"standard","meta":{"footnotes":""},"categories":[89],"tags":[174],"class_list":["post-1045039","post","type-post","status-publish","format-standard","hentry","category-romania","tag-suceavanews-ro"],"_links":{"self":[{"href":"https:\/\/analyse.optim.biz\/index.php?rest_route=\/wp\/v2\/posts\/1045039","targetHints":{"allow":["GET"]}}],"collection":[{"href":"https:\/\/analyse.optim.biz\/index.php?rest_route=\/wp\/v2\/posts"}],"about":[{"href":"https:\/\/analyse.optim.biz\/index.php?rest_route=\/wp\/v2\/types\/post"}],"author":[{"embeddable":true,"href":"https:\/\/analyse.optim.biz\/index.php?rest_route=\/wp\/v2\/users\/1"}],"replies":[{"embeddable":true,"href":"https:\/\/analyse.optim.biz\/index.php?rest_route=%2Fwp%2Fv2%2Fcomments&post=1045039"}],"version-history":[{"count":0,"href":"https:\/\/analyse.optim.biz\/index.php?rest_route=\/wp\/v2\/posts\/1045039\/revisions"}],"wp:attachment":[{"href":"https:\/\/analyse.optim.biz\/index.php?rest_route=%2Fwp%2Fv2%2Fmedia&parent=1045039"}],"wp:term":[{"taxonomy":"category","embeddable":true,"href":"https:\/\/analyse.optim.biz\/index.php?rest_route=%2Fwp%2Fv2%2Fcategories&post=1045039"},{"taxonomy":"post_tag","embeddable":true,"href":"https:\/\/analyse.optim.biz\/index.php?rest_route=%2Fwp%2Fv2%2Ftags&post=1045039"}],"curies":[{"name":"wp","href":"https:\/\/api.w.org\/{rel}","templated":true}]}}