{"id":1044889,"date":"2017-04-30T08:22:37","date_gmt":"2017-04-30T05:22:37","guid":{"rendered":"https:\/\/analyse.optim.biz\/?p=1044889"},"modified":"2017-04-30T08:22:37","modified_gmt":"2017-04-30T05:22:37","slug":"timisoara-uitata-romul-nutiu-artistul-nascut-in-bilbor-care-s-a-indragostit-de-timisoara-vezi-unde-a-reusit-sa-expuna-in-perioada-comunista-foto","status":"publish","type":"post","link":"https:\/\/analyse.optim.biz\/?p=1044889","title":{"rendered":"TIMI\u0218OARA UITAT\u0102 Romul Nu\u021biu, artistul n\u0103scut \u00een Bilbor care s-a \u00eendr\u0103gostit de Timi\u0219oara. Vezi unde a reu\u0219it s\u0103 expun\u0103 \u00een perioada comunist\u0103 FOTO"},"content":{"rendered":"<article id=\"post-272435\" class=\"post-272435 post type-post status-publish format-standard has-post-thumbnail hentry category-campanii-pressalert category-timisoara-uitata-campanii-pressalert tag-aprecieri-internationale tag-expresionism-abstract tag-lucrarim-expozitii tag-pictor tag-pictor-avangardist tag-romul-nutiu tag-timisoara tag-timisoara-uitata\">\n<div class=\"td-post-header td-pb-padding-side\">\n<div class=\"entry-crumbs\"><span><a title class=\"entry-crumb\" href=\"https:\/\/www.pressalert.ro\/\"><span>Acas\u0103<\/span><\/a><\/span><span><a title=\"Vede\u021bi toate articolele \u00een Campanii PRESSALERT\" class=\"entry-crumb\" href=\"https:\/\/www.pressalert.ro\/category\/campanii-pressalert\/\"><span>Campanii PRESSALERT<\/span><\/a><\/span><span class=\"td-bred-no-url-last\">TIMI\u0218OARA UITAT\u0102 Romul Nu\u021biu, artistul n\u0103scut \u00een Bilbor care s-a \u00eendr\u0103gostit de&#8230;<\/span><\/div>\n<ul class=\"td-category\">\n<li class=\"entry-category\"><a href=\"https:\/\/www.pressalert.ro\/category\/campanii-pressalert\/\">Campanii PRESSALERT<\/a><\/li>\n<li class=\"entry-category\"><a href=\"https:\/\/www.pressalert.ro\/category\/campanii-pressalert\/timisoara-uitata-campanii-pressalert\/\">Timi\u0219oara uitat\u0103<\/a><\/li>\n<\/ul>\n<header>\n<h1 class=\"entry-title\">TIMI\u0218OARA UITAT\u0102 Romul Nu\u021biu, artistul n\u0103scut \u00een Bilbor care s-a \u00eendr\u0103gostit de Timi\u0219oara. Vezi unde a reu\u0219it s\u0103 expun\u0103 \u00een perioada comunist\u0103 FOTO<\/h1>\n<div class=\"meta-info\">\n<div class=\"td-post-author-name\">\n<div class=\"td-author-by\">De<\/div>\n<p><a href=\"https:\/\/www.pressalert.ro\/author\/liana-paun\/\">Liana P\u0103un<\/a><\/p>\n<div class=\"td-author-line\"> &#8211; <\/div>\n<\/div>\n<p><span class=\"td-post-date\"><time class=\"entry-date updated td-module-date\" datetime=\"2017-04-30T08:22:37+00:00\">apr. 30, 2017<\/time><\/span><\/p>\n<div class=\"td-post-comments\"><a href=\"https:\/\/www.pressalert.ro\/2017\/04\/timisoara-uitata-romul-nutiu-artistul-nascut-bilbor-care-s-indragostit-de-timisoara-vezi-unde-reusit-sa-expuna-perioada-comunista-foto\/#respond\">0<\/a><\/div>\n<\/div>\n<\/header>\n<\/div>\n<div class=\"td-post-sharing td-post-sharing-top td-pb-padding-side\"><span class=\"td-post-share-title\">DISTRIBUI\u021aI<\/span><\/p>\n<div class=\"td-default-sharing \"><a class=\"td-social-sharing-buttons td-social-facebook\" href=\"http:\/\/www.facebook.com\/sharer.php?u=https%3A%2F%2Fwww.pressalert.ro%2F2017%2F04%2Ftimisoara-uitata-romul-nutiu-artistul-nascut-bilbor-care-s-indragostit-de-timisoara-vezi-unde-reusit-sa-expuna-perioada-comunista-foto%2F\"><\/p>\n<div class=\"td-social-but-text\">Facebook<\/div>\n<p><\/a><a class=\"td-social-sharing-buttons td-social-twitter\" href=\"https:\/\/twitter.com\/intent\/tweet?text=TIMI%C8%98OARA+UITAT%C4%82+Romul+Nu%C8%9Biu%2C+artistul+n%C4%83scut+%C3%AEn+Bilbor+care+s-a+%C3%AEndr%C4%83gostit+de+Timi%C8%99oara.+Vezi+unde+a+reu%C8%99it+s%C4%83+expun%C4%83+%C3%AEn+perioada+comunist%C4%83+FOTO&amp;url=https%3A%2F%2Fwww.pressalert.ro%2F2017%2F04%2Ftimisoara-uitata-romul-nutiu-artistul-nascut-bilbor-care-s-indragostit-de-timisoara-vezi-unde-reusit-sa-expuna-perioada-comunista-foto%2F&amp;via=PRESSALERT.ro\"><\/p>\n<div class=\"td-social-but-text\">Twitter<\/div>\n<p><\/a><\/div>\n<\/div>\n<div class=\"td-post-content td-pb-padding-side\">\n<p><img decoding=\"async\" loading=\"lazy\" class=\"aligncenter size-medium wp-image-272436\" src=\"http:\/\/www.pressalert.ro\/wp-content\/uploads\/2017\/04\/1.-romul-nutiu-640x480.jpg\" alt width=\"640\" height=\"480\"><\/p>\n<p>N\u0103scut \u00een comuna Bilbor din jude\u021bul Harghita, \u00een 28 iulie 1932, Romul Nu\u021biu, cel care avea s\u0103 devin\u0103 cel mai de seam\u0103 reprezentant al expresionismului abstract \u00een pictura rom\u00e2neasc\u0103 postbelic\u0103, a urmat clasele primare \u00een satul Ca\u0219va din jude\u021bul Mure\u0219, iar dup\u0103 Diktatul de la Viena din 1940, familia s-a refugiat la Blaj.<\/p>\n<p>Romul Nu\u021biu a urmat studiile universitare la Institutul de Arte Plastice \u201eIon Andreescu\u201d din Cluj, pe care le-a absolvit \u00een 1957, \u0219i din 1958 s-a mutat la Timi\u0219oara, unde \u0219i-a petrecut cea mai mare parte a vie\u021bii.<\/p>\n<h3>Debut la Timi\u0219oara<\/h3>\n<p>A debutat \u00een pictur\u0103 imediat dup\u0103 absolvirea facult\u0103\u021bii, la Salonul Anual de Arte Frumoase din Timi\u0219oara, unde a cunoscut arti\u0219ti importan\u021bi ai vremii, precum Catul Bogdan, Petru Comarnescu, Romul Ladea sau Alexandru Ciucurencu, cu care a urmat apoi o specializare la Institutul de Arte Plastice \u201eNicolae Grigorescu\u201d din Bucure\u0219ti.<\/p>\n<p>Revenit la Timi\u0219oara, a \u00eenceput s\u0103 predea la Liceul de Arte Plastice \u0219i a continuat s\u0103 studieze cu pictorul Julius Podlipny. A devenit lector la sec\u021bia de grafic\u0103 a facult\u0103\u021bii de desen, precum \u0219i membru al Uniunii Arti\u0219tilor Plastici, apoi profesor la Facultatea de Arte. Pe parcursul anilor s-a dovedit a fi un adept al liniei expresionismului abstract din anii postbelici, ca o form\u0103 de rezisten\u021b\u0103 \u00eempotriva realismului socialist. A r\u0103mas fidel acestui mod de a picta p\u00e2n\u0103 la sf\u00e2r\u0219itul vie\u021bii, devenind cel mai important reprezentant artist rom\u00e2n al acestui curent. Tablourile sale, care se eviden\u021biaz\u0103 prin culori puternice, specifice expresionismului, eman\u0103 for\u021b\u0103 spiritual\u0103, dar \u00een acela\u0219i timp, pictura lui Romul Nu\u021biu trebuie descifrat\u0103 pentru a percepe intuitiv mesajul provocator \u0219i abstract al artistului.<\/p>\n<p>Cu timpul, acesta a trecut la lucr\u0103ri tridimensionale, la instala\u021bii \u0219i performance, \u00eentruchip\u00e2nd \u00een arta sa, potrivit criticilor, ideea de \u201eelan vital\u201d, care transpunea \u00een imagine ideile filosofului francez Henri Bergson \u0219i a reu\u0219it, \u00eenc\u0103 de la \u00eenceputul anilor \u201960, s\u0103 creeze la Timi\u0219oara, \u00eempreun\u0103 cu al\u021bi arti\u0219ti plastici, un adev\u0103rat curent de avangard\u0103 \u00een pictura rom\u00e2neasc\u0103.<\/p>\n<p><img decoding=\"async\" loading=\"lazy\" class=\"aligncenter size-full wp-image-272443\" src=\"http:\/\/www.pressalert.ro\/wp-content\/uploads\/2017\/04\/8.-canalul-bega.jpg\" alt width=\"605\" height=\"470\"><\/p>\n<h3>Expozi\u021bii \u0219i lucr\u0103ri<\/h3>\n<p>A participat la saloanele oficiale din Bucure\u0219ti \u0219i Timi\u0219oara, la numeroase expozi\u021bii colective dar mai ales personale din Bucure\u0219ti, Constan\u021ba, Timi\u0219oara, Bac\u0103u, Re\u0219i\u021ba, Sibiu, Arad, precum \u0219i la expozi\u021bii de art\u0103 rom\u00e2neasc\u0103 peste hotare \u0219i a f\u0103cut mai multe c\u0103l\u0103torii de studii \u00een URSS, Ungaria, Cehoslovacia, Iugoslavia \u0219i Italia. \u00cen anii 1969 \u2013 1970 a fost prezent cu lucr\u0103ri \u00een cadrul expozi\u021biei \u201e26 de arti\u0219ti plastici timi\u0219oreni\u201d, care a fost prezentat\u0103 la Novi Sad \u0219i Belgrad \u0219i, cu toat\u0103 izolarea Rom\u00e2niei din anii regimului comunist, a reu\u0219it s\u0103 expun\u0103 la expozi\u021bii interna\u021bionale organizate \u0219i \u00een afara lag\u0103rului socialist, precum cele de la Barcelona, Graz sau Londra.<\/p>\n<p>Printre lucr\u0103rile sale monumentale se num\u0103r\u0103 un mozaic realizat la gara B\u0103ile Herculane, dou\u0103 lucr\u0103ri monumentale la Predeal, dou\u0103 lucr\u0103ri \u00een tehnica marmurei artificiale la universitatea timi\u0219orean\u0103 \u0219i una pentru aeroport, realizat\u0103 \u00eempreun\u0103 cu artistul plastic Lidia Ciolac.<\/p>\n<p>A devenit, mai ales \u00een ultimul deceniu, unul din arti\u0219tii est-europeni foarte aprecia\u021bi la nivel interna\u021bional, dup\u0103 o fructuoas\u0103 colaborare cu galeristul \u0219i istoricul de art\u0103 dr.<\/p>\n<p> Joana Grevers din Germania. Tot \u00een anii postdecembri\u0219ti a expus, la Viena, Bruxelles \u0219i \u00een Brazilia iar lucr\u0103ri ale sale fac acum parte din importante colec\u021bii din Germania, Fran\u021ba, Italia, SUA \u0219i Canada sau sunt incluse \u00een selec\u021bia celor mai mari case de licita\u021bie din lume. \u00cen ultimii ani de via\u021b\u0103, s-a ocupat de galeria de art\u0103 Calina din Timi\u0219oara, profilat\u0103 pe expozi\u021bii de art\u0103 contemporan\u0103.<\/p>\n<p>S-a stins din via\u021b\u0103 la 5 aprilie 2012, la Timi\u0219oara, la v\u00e2rsta de 80 de ani, \u0219i a r\u0103mas un reper \u00een memoria vie\u021bii culturale a ora\u0219ului, prin pledoariile sale pentru o art\u0103 lipsit\u0103 de orice constr\u00e2ngeri.<\/p>\n<div id=\"gallery-2\" class=\"gallery galleryid-272435 gallery-columns-9 gallery-size-thumbnail\">\n<figure class=\"gallery-item\">\n<div class=\"gallery-icon landscape\"><a href=\"https:\/\/www.pressalert.ro\/wp-content\/uploads\/2017\/04\/2.-romul-nutiu.jpg\"><img decoding=\"async\" loading=\"lazy\" width=\"300\" height=\"300\" src=\"https:\/\/www.pressalert.ro\/wp-content\/uploads\/2017\/04\/2.-romul-nutiu-300x300.jpg\" class=\"attachment-thumbnail size-thumbnail\" alt><\/a><\/div>\n<\/figure>\n<figure class=\"gallery-item\">\n<div class=\"gallery-icon landscape\"><a href=\"https:\/\/www.pressalert.ro\/wp-content\/uploads\/2017\/04\/3.-romul-nutiu.jpg\"><img decoding=\"async\" loading=\"lazy\" width=\"300\" height=\"300\" src=\"https:\/\/www.pressalert.ro\/wp-content\/uploads\/2017\/04\/3.-romul-nutiu-300x300.jpg\" class=\"attachment-thumbnail size-thumbnail\" alt><\/a><\/div>\n<\/figure>\n<figure class=\"gallery-item\">\n<div class=\"gallery-icon landscape\"><a href=\"https:\/\/www.pressalert.ro\/wp-content\/uploads\/2017\/04\/4.-piramida-memoriei.jpg\"><img decoding=\"async\" loading=\"lazy\" width=\"300\" height=\"300\" src=\"https:\/\/www.pressalert.ro\/wp-content\/uploads\/2017\/04\/4.-piramida-memoriei-300x300.jpg\" class=\"attachment-thumbnail size-thumbnail\" alt><\/a><\/div>\n<\/figure>\n<figure class=\"gallery-item\">\n<div class=\"gallery-icon portrait\"><a href=\"https:\/\/www.pressalert.ro\/wp-content\/uploads\/2017\/04\/5.-expozitie.jpg\"><img decoding=\"async\" loading=\"lazy\" width=\"300\" height=\"300\" src=\"https:\/\/www.pressalert.ro\/wp-content\/uploads\/2017\/04\/5.-expozitie-300x300.jpg\" class=\"attachment-thumbnail size-thumbnail\" alt><\/a><\/div>\n<\/figure>\n<figure class=\"gallery-item\">\n<div class=\"gallery-icon landscape\"><a href=\"https:\/\/www.pressalert.ro\/wp-content\/uploads\/2017\/04\/6.-expozitie.jpg\"><img decoding=\"async\" loading=\"lazy\" width=\"300\" height=\"300\" src=\"https:\/\/www.pressalert.ro\/wp-content\/uploads\/2017\/04\/6.-expozitie-300x300.jpg\" class=\"attachment-thumbnail size-thumbnail\" alt><\/a><\/div>\n<\/figure>\n<figure class=\"gallery-item\">\n<div class=\"gallery-icon landscape\"><a href=\"https:\/\/www.pressalert.ro\/wp-content\/uploads\/2017\/04\/7.-tablou.jpg\"><img decoding=\"async\" loading=\"lazy\" width=\"300\" height=\"300\" src=\"https:\/\/www.pressalert.ro\/wp-content\/uploads\/2017\/04\/7.-tablou-300x300.jpg\" class=\"attachment-thumbnail size-thumbnail\" alt><\/a><\/div>\n<\/figure>\n<figure class=\"gallery-item\">\n<div class=\"gallery-icon landscape\"><a href=\"https:\/\/www.pressalert.ro\/wp-content\/uploads\/2017\/04\/8.-canalul-bega.jpg\"><img decoding=\"async\" loading=\"lazy\" width=\"300\" height=\"300\" src=\"https:\/\/www.pressalert.ro\/wp-content\/uploads\/2017\/04\/8.-canalul-bega-300x300.jpg\" class=\"attachment-thumbnail size-thumbnail\" alt><\/a><\/div>\n<\/figure>\n<figure class=\"gallery-item\">\n<div class=\"gallery-icon landscape\"><a href=\"https:\/\/www.pressalert.ro\/wp-content\/uploads\/2017\/04\/9.-peisaj-timisorean.jpg\"><img decoding=\"async\" loading=\"lazy\" width=\"300\" height=\"300\" src=\"https:\/\/www.pressalert.ro\/wp-content\/uploads\/2017\/04\/9.-peisaj-timisorean-300x300.jpg\" class=\"attachment-thumbnail size-thumbnail\" alt><\/a><\/div>\n<\/figure>\n<figure class=\"gallery-item\">\n<div class=\"gallery-icon landscape\"><a href=\"https:\/\/www.pressalert.ro\/wp-content\/uploads\/2017\/04\/10.-tablou-campii-fertile.jpg\"><img decoding=\"async\" loading=\"lazy\" width=\"300\" height=\"300\" src=\"https:\/\/www.pressalert.ro\/wp-content\/uploads\/2017\/04\/10.-tablou-campii-fertile-300x300.jpg\" class=\"attachment-thumbnail size-thumbnail\" alt><\/a><\/div>\n<\/figure>\n<\/div>\n<p>Surse foto: paginidecultura.ro, modernism.ro, artnet.com<\/p>\n<\/div>\n<footer>\n<div class=\"td-post-source-tags td-pb-padding-side\">\n<ul class=\"td-tags td-post-small-box clearfix\">\n<li><span>ETICHETE<\/span><\/li>\n<li><a href=\"https:\/\/www.pressalert.ro\/tag\/aprecieri-internationale\/\">aprecieri interna\u021bionale<\/a><\/li>\n<li><a href=\"https:\/\/www.pressalert.ro\/tag\/expresionism-abstract\/\">expresionism abstract<\/a><\/li>\n<li><a href=\"https:\/\/www.pressalert.ro\/tag\/lucrarim-expozitii\/\">lucr\u0103rim expozi\u021bii<\/a><\/li>\n<li><a href=\"https:\/\/www.pressalert.ro\/tag\/pictor\/\">pictor<\/a><\/li>\n<li><a href=\"https:\/\/www.pressalert.ro\/tag\/pictor-avangardist\/\">pictor avangardist<\/a><\/li>\n<li><a href=\"https:\/\/www.pressalert.ro\/tag\/romul-nutiu\/\">Romul Nutiu<\/a><\/li>\n<li><a href=\"https:\/\/www.pressalert.ro\/tag\/timisoara\/\">Timisoara<\/a><\/li>\n<li><a href=\"https:\/\/www.pressalert.ro\/tag\/timisoara-uitata\/\">timisoara uitata<\/a><\/li>\n<\/ul>\n<\/div>\n<div class=\"td-post-sharing td-post-sharing-bottom td-pb-padding-side\"><span class=\"td-post-share-title\">DISTRIBUI\u021aI<\/span><\/p>\n<div class=\"td-default-sharing \"><a class=\"td-social-sharing-buttons td-social-facebook\" href=\"http:\/\/www.facebook.com\/sharer.php?u=https%3A%2F%2Fwww.pressalert.ro%2F2017%2F04%2Ftimisoara-uitata-romul-nutiu-artistul-nascut-bilbor-care-s-indragostit-de-timisoara-vezi-unde-reusit-sa-expuna-perioada-comunista-foto%2F\"><\/p>\n<div class=\"td-social-but-text\">Facebook<\/div>\n<p><\/a><a class=\"td-social-sharing-buttons td-social-twitter\" href=\"https:\/\/twitter.com\/intent\/tweet?text=TIMI%C8%98OARA+UITAT%C4%82+Romul+Nu%C8%9Biu%2C+artistul+n%C4%83scut+%C3%AEn+Bilbor+care+s-a+%C3%AEndr%C4%83gostit+de+Timi%C8%99oara.+Vezi+unde+a+reu%C8%99it+s%C4%83+expun%C4%83+%C3%AEn+perioada+comunist%C4%83+FOTO&amp;url=https%3A%2F%2Fwww.pressalert.ro%2F2017%2F04%2Ftimisoara-uitata-romul-nutiu-artistul-nascut-bilbor-care-s-indragostit-de-timisoara-vezi-unde-reusit-sa-expuna-perioada-comunista-foto%2F&amp;via=PRESSALERT.ro\"><\/p>\n<div class=\"td-social-but-text\">Twitter<\/div>\n<p><\/a><\/div>\n<\/div>\n<div class=\"td-block-row td-post-next-prev\">\n<div class=\"td-block-span6 td-post-prev-post\">\n<div class=\"td-post-next-prev-content\"><span>Articolul precedent<\/span><a href=\"https:\/\/www.pressalert.ro\/2017\/04\/shopping-city-timisoara-isi-invita-vizitatorii-la-robomaniacs-competitie-de-roboti-inteligenti\/\">Shopping City Timi\u0219oara \u00ee\u0219i invit\u0103 vizitatorii la RoboManiacs, competi\u021bie de robo\u021bi inteligen\u021bi (P)<\/a><\/div>\n<\/div>\n<div class=\"td-block-span6 td-post-next-post\">\n<div class=\"td-post-next-prev-content\"><span>Articolul urm\u0103tor<\/span><a href=\"https:\/\/www.pressalert.ro\/2017\/04\/robu-spune-ca-nu-poate-termina-lucrarile-la-sala-polivalenta-desi-ani-de-zile-finantat-de-la-bugetul-local-proiectul-vezi-explicatia-primarului\/\">Robu spune c\u0103 nu poate termina lucr\u0103rile la sala polivalent\u0103, de\u0219i ani de zile a finan\u021bat de la bugetul local proiectul. Vezi explica\u021bia primarului<\/a><\/div>\n<\/div>\n<\/div>\n<div class=\"author-box-wrap\"><a href=\"https:\/\/www.pressalert.ro\/author\/liana-paun\/\"><img decoding=\"async\" alt src=\"https:\/\/secure.gravatar.com\/avatar\/e237afe71dbb475f2bb6dffeb603d703?s=96&amp;d=mm&amp;r=g\" class=\"avatar avatar-96 photo\" height=\"96\" width=\"96\" loading=\"lazy\"><\/a><\/p>\n<div class=\"desc\">\n<div class=\"td-author-name vcard author\"><span class=\"fn\"><a href=\"https:\/\/www.pressalert.ro\/author\/liana-paun\/\">Liana P\u0103un<\/a><\/span><\/div>\n<div class=\"td-author-url\"><a href=\"http:\/\/www.pressalert.ro\">http:\/\/www.pressalert.ro<\/a><\/div>\n<\/div>\n<\/div>\n<p><span><\/span><span><span><\/span><\/span><span><\/span><\/footer>\n<\/article>\n<p> Source URL: https:\/\/www.pressalert.ro\/2017\/04\/timisoara-uitata-romul-nutiu-artistul-nascut-bilbor-care-s-indragostit-de-timisoara-vezi-unde-reusit-sa-expuna-perioada-comunista-foto\/<\/p>\n","protected":false},"excerpt":{"rendered":"<p>Acas\u0103Campanii PRESSALERTTIMI\u0218OARA UITAT\u0102 Romul Nu\u021biu, artistul n\u0103scut \u00een Bilbor care s-a \u00eendr\u0103gostit de&#8230; Campanii PRESSALERT Timi\u0219oara uitat\u0103 TIMI\u0218OARA UITAT\u0102 Romul Nu\u021biu, artistul n\u0103scut \u00een Bilbor care s-a \u00eendr\u0103gostit de Timi\u0219oara. Vezi unde a reu\u0219it s\u0103 expun\u0103 \u00een perioada comunist\u0103 FOTO De Liana P\u0103un &#8211; apr. 30, 2017 0 DISTRIBUI\u021aI Facebook Twitter N\u0103scut \u00een comuna Bilbor [&hellip;]<\/p>\n","protected":false},"author":1,"featured_media":0,"comment_status":"open","ping_status":"","sticky":false,"template":"","format":"standard","meta":{"footnotes":""},"categories":[89],"tags":[176],"class_list":["post-1044889","post","type-post","status-publish","format-standard","hentry","category-romania","tag-pressalert-ro"],"_links":{"self":[{"href":"https:\/\/analyse.optim.biz\/index.php?rest_route=\/wp\/v2\/posts\/1044889","targetHints":{"allow":["GET"]}}],"collection":[{"href":"https:\/\/analyse.optim.biz\/index.php?rest_route=\/wp\/v2\/posts"}],"about":[{"href":"https:\/\/analyse.optim.biz\/index.php?rest_route=\/wp\/v2\/types\/post"}],"author":[{"embeddable":true,"href":"https:\/\/analyse.optim.biz\/index.php?rest_route=\/wp\/v2\/users\/1"}],"replies":[{"embeddable":true,"href":"https:\/\/analyse.optim.biz\/index.php?rest_route=%2Fwp%2Fv2%2Fcomments&post=1044889"}],"version-history":[{"count":0,"href":"https:\/\/analyse.optim.biz\/index.php?rest_route=\/wp\/v2\/posts\/1044889\/revisions"}],"wp:attachment":[{"href":"https:\/\/analyse.optim.biz\/index.php?rest_route=%2Fwp%2Fv2%2Fmedia&parent=1044889"}],"wp:term":[{"taxonomy":"category","embeddable":true,"href":"https:\/\/analyse.optim.biz\/index.php?rest_route=%2Fwp%2Fv2%2Fcategories&post=1044889"},{"taxonomy":"post_tag","embeddable":true,"href":"https:\/\/analyse.optim.biz\/index.php?rest_route=%2Fwp%2Fv2%2Ftags&post=1044889"}],"curies":[{"name":"wp","href":"https:\/\/api.w.org\/{rel}","templated":true}]}}