{"id":1044886,"date":"2017-05-07T08:09:09","date_gmt":"2017-05-07T05:09:09","guid":{"rendered":"https:\/\/analyse.optim.biz\/?p=1044886"},"modified":"2017-05-07T08:09:09","modified_gmt":"2017-05-07T05:09:09","slug":"timisoara-uitata-peter-jecza-unul-dintre-cei-mai-importanti-artisti-ai-orasului-in-ultimul-secol-foto","status":"publish","type":"post","link":"https:\/\/analyse.optim.biz\/?p=1044886","title":{"rendered":"TIMI\u0218OARA UITAT\u0102 P\u00e9ter Jecza, unul dintre cei mai importan\u021bi arti\u0219ti ai ora\u0219ului \u00een ultimul secol FOTO"},"content":{"rendered":"<article id=\"post-273281\" class=\"post-273281 post type-post status-publish format-standard has-post-thumbnail hentry category-campanii-pressalert category-timisoara-uitata-campanii-pressalert tag-expozitii tag-fundatie tag-galeria-triade tag-lucrari tag-peter-jecza tag-premii tag-sculptor tag-studii tag-timisoara-uitata\">\n<div class=\"td-post-header td-pb-padding-side\">\n<div class=\"entry-crumbs\"><span><a title class=\"entry-crumb\" href=\"https:\/\/www.pressalert.ro\/\"><span>Acas\u0103<\/span><\/a><\/span><span><a title=\"Vede\u021bi toate articolele \u00een Campanii PRESSALERT\" class=\"entry-crumb\" href=\"https:\/\/www.pressalert.ro\/category\/campanii-pressalert\/\"><span>Campanii PRESSALERT<\/span><\/a><\/span><span class=\"td-bred-no-url-last\">TIMI\u0218OARA UITAT\u0102 P\u00e9ter Jecza, unul dintre cei mai importan\u021bi arti\u0219ti ai ora\u0219ului&#8230;<\/span><\/div>\n<ul class=\"td-category\">\n<li class=\"entry-category\"><a href=\"https:\/\/www.pressalert.ro\/category\/campanii-pressalert\/\">Campanii PRESSALERT<\/a><\/li>\n<li class=\"entry-category\"><a href=\"https:\/\/www.pressalert.ro\/category\/campanii-pressalert\/timisoara-uitata-campanii-pressalert\/\">Timi\u0219oara uitat\u0103<\/a><\/li>\n<\/ul>\n<header>\n<h1 class=\"entry-title\">TIMI\u0218OARA UITAT\u0102 P\u00e9ter Jecza, unul dintre cei mai importan\u021bi arti\u0219ti ai ora\u0219ului \u00een ultimul secol FOTO<\/h1>\n<div class=\"meta-info\">\n<div class=\"td-post-author-name\">\n<div class=\"td-author-by\">De<\/div>\n<p><a href=\"https:\/\/www.pressalert.ro\/author\/liana-paun\/\">Liana P\u0103un<\/a><\/p>\n<div class=\"td-author-line\"> &#8211; <\/div>\n<\/div>\n<p><span class=\"td-post-date\"><time class=\"entry-date updated td-module-date\" datetime=\"2017-05-07T08:09:09+00:00\">mai 7, 2017<\/time><\/span><\/p>\n<div class=\"td-post-comments\"><a href=\"https:\/\/www.pressalert.ro\/2017\/05\/timisoara-uitata-peter-jecza-unul-dintre-cei-mai-importanti-artisti-ai-orasului-ultimul-secol-foto\/#respond\">0<\/a><\/div>\n<\/div>\n<\/header>\n<\/div>\n<div class=\"td-post-sharing td-post-sharing-top td-pb-padding-side\"><span class=\"td-post-share-title\">DISTRIBUI\u021aI<\/span><\/p>\n<div class=\"td-default-sharing \"><a class=\"td-social-sharing-buttons td-social-facebook\" href=\"http:\/\/www.facebook.com\/sharer.php?u=https%3A%2F%2Fwww.pressalert.ro%2F2017%2F05%2Ftimisoara-uitata-peter-jecza-unul-dintre-cei-mai-importanti-artisti-ai-orasului-ultimul-secol-foto%2F\"><\/p>\n<div class=\"td-social-but-text\">Facebook<\/div>\n<p><\/a><a class=\"td-social-sharing-buttons td-social-twitter\" href=\"https:\/\/twitter.com\/intent\/tweet?text=TIMI%C8%98OARA+UITAT%C4%82+P%C3%A9ter+Jecza%2C+unul+dintre+cei+mai+importan%C8%9Bi+arti%C8%99ti+ai+ora%C8%99ului+%C3%AEn+ultimul+secol+FOTO&amp;url=https%3A%2F%2Fwww.pressalert.ro%2F2017%2F05%2Ftimisoara-uitata-peter-jecza-unul-dintre-cei-mai-importanti-artisti-ai-orasului-ultimul-secol-foto%2F&amp;via=PRESSALERT.ro\"><\/p>\n<div class=\"td-social-but-text\">Twitter<\/div>\n<p><\/a><\/div>\n<\/div>\n<div class=\"td-post-content td-pb-padding-side\">\n<p><img decoding=\"async\" loading=\"lazy\" class=\"aligncenter size-medium wp-image-273283\" src=\"http:\/\/www.pressalert.ro\/wp-content\/uploads\/2017\/05\/2.-peter-jecza-640x400.jpg\" alt width=\"640\" height=\"400\"><\/p>\n<p>P\u00e9ter Jecza, una dintre cele mai proeminente personalit\u0103\u021bi ale artei plastice din ultimele decenii, artist emblematic nu numai pentru Timi\u0219oara sau Rom\u00e2nia ci pentru numeroase \u021b\u0103ri din \u00eentreaga lume, s-a n\u0103scut \u00een 16 octombrie 1939, \u00een ora\u0219ul Sf\u00e2ntu Gheorghe.<\/p>\n<p>Copil\u0103ria \u0219i adolescen\u021ba sa au fost marcate de anii grei ai r\u0103zboiului, c\u00e2nd tat\u0103l s\u0103u plecase pe front, \u0219i de priva\u021biunile \u0219i lipsurile din primii ani postbelici. A urmat \u0219coala de art\u0103 din T\u00e2rgu Mure\u0219, unde a p\u0103\u0219it \u00eentr-o alt\u0103 lume, \u0219i a \u00eenv\u0103\u021bat c\u0103 sculptura poate deveni o meserie din care se poate tr\u0103i. Tot atunci a primit mici comenzi pentru primele sale lucr\u0103ri, realizate sub \u00eendrumarea profesorului s\u0103u, care \u00eei trata ca un adev\u0103rat maestru din vremurile medievale \u0219i renascentiste pe micii s\u0103i discipoli.<\/p>\n<p>La fel ca mul\u021bi al\u021bi ardeleni \u0219i b\u0103n\u0103\u021beni din genera\u021bia sa, \u0219i-a f\u0103cut studiile universitare la Institutul de Arte Plastice \u201eIon Andreescu\u201d din Cluj, pe care le-a absolvit \u00een 1963. Doi ani mai t\u00e2rziu, a devenit membru al Asocia\u0163iei Arti\u015ftilor Plastici din Rom\u00e2nia iar \u00een anul 2004 a dob\u00e2ndit titlul de Doctor \u00een Arte Vizuale.<\/p>\n<h3>Universul timi\u0219orean<\/h3>\n<p>Dup\u0103 absolvirea facult\u0103\u021bii avea perspective de a r\u0103m\u00e2ne asistent la institutul din Cluj, dar cum ministerul nu aprobase postul, a venit la Timi\u0219oara, ca asistent la facultatea de desen. Singura sa leg\u0103tur\u0103 cu aceast\u0103 parte a \u021b\u0103rii era Lugojul, ora\u0219ul bunicilor s\u0103i paterni, \u0219i acomodarea nu a fost u\u0219oar\u0103. Dup\u0103 o noapte petrecut\u0103 \u00een gar\u0103 \u0219i doi ani \u00een care a \u00eemp\u0103r\u021bit o camer\u0103 de c\u0103min cu al\u021bi patru colegi, a locuit, timp de \u0219apte ani, \u00een atelierul primit de la Uniunea Arti\u0219tilor Plastici.<\/p>\n<p>Ora\u0219ul, \u00een care domnea o atmosfer\u0103 de modernitate destul de liber\u0103, i-a oferit prilejul unor c\u0103ut\u0103ri \u0219i experimente pe cont propriu \u0219i i-a permis s\u0103 se deta\u0219eze de academismul \u0219colii urmate la Cluj. Mai bine de 40 de ani, Timi\u0219oara a fost ora\u0219ul \u00een care a pl\u0103smuit peste 700 de sculpturi \u00een bronz \u0219i zeci de lucr\u0103ri din lemn, dintre care multe se afl\u0103 \u00een mari muzee \u015fi colec\u0163ii particulare din \u00eentreaga lume. Lucr\u0103ri ale sale au fost prezentate la cele mai multe expozi\u021bii din \u021bar\u0103 \u0219i au fost selectate pentru expozi\u021bii de art\u0103 rom\u00e2neasc\u0103 organizate \u00een str\u0103in\u0103tate sau expozi\u021bii interna\u021bionale de sculptur\u0103, \u00een galerii de prestigiu.<\/p>\n<p>Sculpturile lui Peter Jecza au fost expuse \u00een Germania, Italia, Iugoslavia, Elve\u0163ia, Bulgaria, Egipt, Suedia, Austria, Cehoslovacia, Iordania, Irak, Brazilia, Ungaria, Belgia, Grecia, Spania, Uniunea Sovietic\u0103, Fran\u0163a, iar \u00eencep\u00e2nd din 1972, a organizat peste 40 de expozi\u021bii personale \u00een Rom\u00e2nia, Germania, Italia sau Elve\u021bia, unde a avut intrare la recomandarea unor colec\u021bionari de art\u0103 care i-au admirat lucr\u0103ri expuse la Timi\u0219oara. Primul succes personal l-a avut cu o expozi\u021bie organizat\u0103 \u00een localitatea german\u0103 Wuppertal, unde lucr\u0103rile sale au f\u0103cut senza\u021bie \u0219i au constituit o surpriz\u0103, \u00eentr-o vreme \u00een care Rom\u00e2nia era cunoscut\u0103 mai mult pentru tradi\u021biile sale artizanale.<\/p>\n<h3><img decoding=\"async\" loading=\"lazy\" class=\"size-full wp-image-273295 alignleft\" src=\"http:\/\/www.pressalert.ro\/wp-content\/uploads\/2017\/05\/14.-lucrare.jpg\" alt width=\"279\" height=\"300\">Istoria lucr\u0103rilor de bronz \u00een anii comunismului<\/h3>\n<p>A \u00eenceput s\u0103 lucreze \u00een bronz \u00een 1970, ceea ce a fost o premier\u0103 postbelic\u0103, deoarece, dup\u0103 r\u0103zboi, la Timi\u0219oara nu s-au mai turnat lucr\u0103ri de bronz pentru art\u0103. \u00cen anii regimului comunist, procurarea bronzului necesar pentru sculpturi era o adev\u0103rat\u0103 aventur\u0103, iar lucr\u0103rile se turnau \u00eentr-o semiclandestinitate \u00een fabrici, cu concursul neoficial al directorilor.<\/p>\n<p>A reu\u0219it s\u0103 aib\u0103 o colaborare de dou\u0103 decenii cu meseria\u0219i \u0219i directori de la UMT \u0219i, \u00een ciuda costurilor imense de moment, lucr\u0103rile aveau s\u0103-i asigure succesul \u0219i notorietatea pe care le-a dob\u00e2ndit mai t\u00e2rziu, at\u00e2t \u00een \u021bar\u0103 c\u00e2t \u0219i peste grani\u021be. Ob\u021binerea pa\u0219aportului \u0219i scoaterea lucr\u0103rilor de art\u0103 din \u021bar\u0103 erau o alt\u0103 problem\u0103, c\u0103ci bronzul era considerat material strategic, a\u0219adar interzis, a\u0219a c\u0103 la vam\u0103 lucr\u0103rile erau declarate ca fiind \u201cdin metal\u201d, pentru a se evita complica\u021biile.<\/p>\n<p>De-a lungul anilor, Peter Jecza a v\u00e2ndut c\u00e2teva sute de lucr\u0103ri \u00een str\u0103in\u0103tate. Lucr\u0103rile sale, cioplite \u00een lemn sau turnate \u00een bronz se remarc\u0103 prin concep\u021bia spa\u021bial\u0103 a volumului, prin alternan\u021ba materiei cu spa\u021biile goale \u0219i crearea unor propor\u021bii de o des\u0103v\u00e2r\u0219it\u0103 armonie, care dau sculpturilor sale o expresivitate aparte.<\/p>\n<h3>Creator de \u0219coal\u0103 la Timi\u0219oara<\/h3>\n<p>Peter Jecza poate fi considerat \u015fi un creator de \u015fcoal\u0103, el num\u0103r\u00e2ndu-se printre arti\u015ftii care au participat la \u00eentemeierea \u015fi afirmarea Facult\u0103\u0163ii de Arte din cadrul Universit\u0103\u0163ii de Vest, unde a \u015fi fost, timp de mai mul\u0163i ani, profesor. Totodat\u0103 a fost, pentru o vreme, pre\u015fedintele Uniunii Arti\u015ftilor Plastici din Timi\u015foara.<\/p>\n<p>A fost recompensat cu numeroase premii \u015fi distinc\u0163ii, a devenit membru al Academiilor de Arte din Rom\u00e2nia \u015fi Ungaria iar \u00een anul 2000 a fost decorat de pre\u015fedintele Rom\u00e2niei cu Ordinul Na\u0163ional \u201ePentru Merit\u201d. A fost distins, de asemenea, \u00een 1975 \u0219i 1978, cu premiul \u201eDr. Ludwig Lindner\u201d \u00een Germania \u015fi cu dou\u0103 medalii de aur la Bienala Interna\u0163ional\u0103 de Sculptur\u0103 \u201eDante\u201d din Ravenna.<\/p>\n<h3><img decoding=\"async\" loading=\"lazy\" class=\"aligncenter size-medium wp-image-273293\" src=\"http:\/\/www.pressalert.ro\/wp-content\/uploads\/2017\/05\/12.-martirii-muzeul-banatului-640x505.jpg\" alt width=\"640\" height=\"505\">Lucr\u0103ri monumentale<\/h3>\n<p>Peter Jecza a fost \u0219i autorul a peste 15 proiecte de lucr\u0103ri monumentale cu care a c\u00e2\u015ftigat concursuri, inclusiv la scar\u0103 na\u0163ional\u0103, a primit \u0219i premii, dar din lips\u0103 de fonduri, cele mai multe au fost abandonate. Unul dintre acestea a fost cel realizat pentru aniversarea a 700 de ani de atestare documentar\u0103 a Timi\u0219oarei, care urma s\u0103 fie amplasat \u00een zona podului Michelangelo, dar nu s-a materializat niciodat\u0103, neav\u00e2nd finan\u021bare. A reu\u0219it totu\u0219i s\u0103 realizeze c\u00e2teva lucr\u0103ri de art\u0103 monumental\u0103 \u00een parcul Alpinet din Timi\u0219oara, busturile matematicianului Dimitrie Pompeiu de la Universitatea de Vest, a orientalistului K\u00f6r\u00f6si Csomo S\u00e1ndor din Covasna, obeliscul lui Gheorghe Doja din comuna Dalnic, aflat\u0103 \u00een jude\u021bul natal \u0219i reliefurile de pe fa\u021bada Casei Tineretului din Timi\u0219oara.<\/p>\n<p>\u00cen anii post decembri\u0219ti a realizat, la Timi\u0219oara, busturile lui Romul Ladea, care i-a fost profesor la Cluj, \u0219i Bart\u00f3k B\u00e9la de pe Aleea Personalit\u0103\u021bilor din Parcul Central, lucr\u0103rile \u201cPiet\u00e0\u201d de la Podul Decebal \u0219i \u201eMartirii\u201d aflat\u0103 \u00een spatele Muzeului Banatului, \u00een amintirea zilelor s\u00e2ngeroase din decembrie \u201989 \u0219i o lucrare dedicat\u0103 Regelui Ferdinand \u00centregitorul, pe care artistul a donat-o ora\u0219ului.<\/p>\n<h3>Funda\u021bia \u201cInterart Triade\u201d<\/h3>\n<p>\u00cen anul 2000, Peter Jecza a \u00eenfiin\u0163at \u00eempreun\u0103 cu so\u0163ia sa, Sorina Jecza, Funda\u0163ia \u201eInterart Triade\u201d \u015fi o galerie de art\u0103 \u00een propria sa cas\u0103, un adev\u0103rat muzeu personal, unic \u00een Banat, \u00een care a g\u0103zduit proiecte culturale de anvergur\u0103, evenimente artistice, literare sau muzicale de cea mai \u00eenalt\u0103 \u0163inut\u0103, la care au luat parte proeminente personalit\u0103\u0163i culturale \u015fi importante oficialit\u0103\u0163i.<\/p>\n<p> Ulterior a luat fiin\u021b\u0103 \u0219i Galeria Triade, cea mai mare galerie de art\u0103 contemporan\u0103 din Rom\u00e2nia, unde continu\u0103 evenimentele artistice ale funda\u021biei. \u00cen prezent, proiectul este continuat de so\u021bia sa \u0219i de fiul s\u0103u, Andrei Jecza. Sculptorul fost gazd\u0103 \u015fi pentru M.S. Regele Mihai al Rom\u00e2niei, cu prilejul dezvelirii statuii Regelui Ferdinand din Pia\u0163a Operei. Prin str\u0103dania sa, pe Calea Martirilor s-a n\u0103scut \u015fi un parc de sculptur\u0103, cu lucr\u0103ri ale unor prestigio\u015fi arti\u015fti contemporani.<\/p>\n<p>Marele artist s-a stins din via\u021b\u0103 \u00een 24 martie 2009, dup\u0103 o grea suferin\u021b\u0103. \u00cen acela\u0219i an, municipalitatea i-a acordat, post-mortem, titlul de Cet\u0103\u0163ean de Onoare al municipiului Timi\u015foara.<\/p>\n<div id=\"gallery-2\" class=\"gallery galleryid-273281 gallery-columns-9 gallery-size-thumbnail\">\n<figure class=\"gallery-item\">\n<div class=\"gallery-icon landscape\"><a href=\"https:\/\/www.pressalert.ro\/wp-content\/uploads\/2017\/05\/1.-peter-jecza.jpg\"><img decoding=\"async\" loading=\"lazy\" width=\"300\" height=\"236\" src=\"https:\/\/www.pressalert.ro\/wp-content\/uploads\/2017\/05\/1.-peter-jecza-300x236.jpg\" class=\"attachment-thumbnail size-thumbnail\" alt><\/a><\/div>\n<\/figure>\n<figure class=\"gallery-item\">\n<div class=\"gallery-icon landscape\"><a href=\"https:\/\/www.pressalert.ro\/wp-content\/uploads\/2017\/05\/2.-peter-jecza.jpg\"><img decoding=\"async\" loading=\"lazy\" width=\"300\" height=\"300\" src=\"https:\/\/www.pressalert.ro\/wp-content\/uploads\/2017\/05\/2.-peter-jecza-300x300.jpg\" class=\"attachment-thumbnail size-thumbnail\" alt><\/a><\/div>\n<\/figure>\n<figure class=\"gallery-item\">\n<div class=\"gallery-icon landscape\"><a href=\"https:\/\/www.pressalert.ro\/wp-content\/uploads\/2017\/05\/3.-peter-jecza.jpg\"><img decoding=\"async\" loading=\"lazy\" width=\"300\" height=\"213\" src=\"https:\/\/www.pressalert.ro\/wp-content\/uploads\/2017\/05\/3.-peter-jecza-300x213.jpg\" class=\"attachment-thumbnail size-thumbnail\" alt><\/a><\/div>\n<\/figure>\n<figure class=\"gallery-item\">\n<div class=\"gallery-icon landscape\"><a href=\"https:\/\/www.pressalert.ro\/wp-content\/uploads\/2017\/05\/4.-peter-jecza.jpg\"><img decoding=\"async\" loading=\"lazy\" width=\"300\" height=\"300\" src=\"https:\/\/www.pressalert.ro\/wp-content\/uploads\/2017\/05\/4.-peter-jecza-300x300.jpg\" class=\"attachment-thumbnail size-thumbnail\" alt><\/a><\/div>\n<\/figure>\n<figure class=\"gallery-item\">\n<div class=\"gallery-icon landscape\"><a href=\"https:\/\/www.pressalert.ro\/wp-content\/uploads\/2017\/05\/5.-peter-jecza-lucrand.jpg\"><img decoding=\"async\" loading=\"lazy\" width=\"300\" height=\"260\" src=\"https:\/\/www.pressalert.ro\/wp-content\/uploads\/2017\/05\/5.-peter-jecza-lucrand-300x260.jpg\" class=\"attachment-thumbnail size-thumbnail\" alt><\/a><\/div>\n<\/figure>\n<figure class=\"gallery-item\">\n<div class=\"gallery-icon portrait\"><a href=\"https:\/\/www.pressalert.ro\/wp-content\/uploads\/2017\/05\/6.-peter-jecza.jpg\"><img decoding=\"async\" loading=\"lazy\" width=\"300\" height=\"300\" src=\"https:\/\/www.pressalert.ro\/wp-content\/uploads\/2017\/05\/6.-peter-jecza-300x300.jpg\" class=\"attachment-thumbnail size-thumbnail\" alt><\/a><\/div>\n<\/figure>\n<figure class=\"gallery-item\">\n<div class=\"gallery-icon landscape\"><a href=\"https:\/\/www.pressalert.ro\/wp-content\/uploads\/2017\/05\/7.-expozitie.jpg\"><img decoding=\"async\" loading=\"lazy\" width=\"300\" height=\"300\" src=\"https:\/\/www.pressalert.ro\/wp-content\/uploads\/2017\/05\/7.-expozitie-300x300.jpg\" class=\"attachment-thumbnail size-thumbnail\" alt><\/a><\/div>\n<\/figure>\n<figure class=\"gallery-item\">\n<div class=\"gallery-icon portrait\"><a href=\"https:\/\/www.pressalert.ro\/wp-content\/uploads\/2017\/05\/8.-expozitie.jpg\"><img decoding=\"async\" loading=\"lazy\" width=\"300\" height=\"300\" src=\"https:\/\/www.pressalert.ro\/wp-content\/uploads\/2017\/05\/8.-expozitie-300x300.jpg\" class=\"attachment-thumbnail size-thumbnail\" alt><\/a><\/div>\n<\/figure>\n<figure class=\"gallery-item\">\n<div class=\"gallery-icon portrait\"><a href=\"https:\/\/www.pressalert.ro\/wp-content\/uploads\/2017\/05\/9.-bust-romul-ladea.jpg\"><img decoding=\"async\" loading=\"lazy\" width=\"276\" height=\"300\" src=\"https:\/\/www.pressalert.ro\/wp-content\/uploads\/2017\/05\/9.-bust-romul-ladea-276x300.jpg\" class=\"attachment-thumbnail size-thumbnail\" alt><\/a><\/div>\n<\/figure>\n<figure class=\"gallery-item\">\n<div class=\"gallery-icon portrait\"><a href=\"https:\/\/www.pressalert.ro\/wp-content\/uploads\/2017\/05\/10.-bust-bela-bartok.jpg\"><img decoding=\"async\" loading=\"lazy\" width=\"255\" height=\"300\" src=\"https:\/\/www.pressalert.ro\/wp-content\/uploads\/2017\/05\/10.-bust-bela-bartok-255x300.jpg\" class=\"attachment-thumbnail size-thumbnail\" alt><\/a><\/div>\n<\/figure>\n<figure class=\"gallery-item\">\n<div class=\"gallery-icon portrait\"><a href=\"https:\/\/www.pressalert.ro\/wp-content\/uploads\/2017\/05\/11.-pieta-pod-decebal.jpg\"><img decoding=\"async\" loading=\"lazy\" width=\"300\" height=\"300\" src=\"https:\/\/www.pressalert.ro\/wp-content\/uploads\/2017\/05\/11.-pieta-pod-decebal-300x300.jpg\" class=\"attachment-thumbnail size-thumbnail\" alt><\/a><\/div>\n<\/figure>\n<figure class=\"gallery-item\">\n<div class=\"gallery-icon landscape\"><a href=\"https:\/\/www.pressalert.ro\/wp-content\/uploads\/2017\/05\/12.-martirii-muzeul-banatului.jpg\"><img decoding=\"async\" loading=\"lazy\" width=\"300\" height=\"300\" src=\"https:\/\/www.pressalert.ro\/wp-content\/uploads\/2017\/05\/12.-martirii-muzeul-banatului-300x300.jpg\" class=\"attachment-thumbnail size-thumbnail\" alt><\/a><\/div>\n<\/figure>\n<figure class=\"gallery-item\">\n<div class=\"gallery-icon portrait\"><a href=\"https:\/\/www.pressalert.ro\/wp-content\/uploads\/2017\/05\/13.-regele-Ferdinand.jpg\"><img decoding=\"async\" loading=\"lazy\" width=\"300\" height=\"300\" src=\"https:\/\/www.pressalert.ro\/wp-content\/uploads\/2017\/05\/13.-regele-Ferdinand-300x300.jpg\" class=\"attachment-thumbnail size-thumbnail\" alt><\/a><\/div>\n<\/figure>\n<figure class=\"gallery-item\">\n<div class=\"gallery-icon portrait\"><a href=\"https:\/\/www.pressalert.ro\/wp-content\/uploads\/2017\/05\/14.-lucrare.jpg\"><img decoding=\"async\" loading=\"lazy\" width=\"279\" height=\"300\" src=\"https:\/\/www.pressalert.ro\/wp-content\/uploads\/2017\/05\/14.-lucrare-279x300.jpg\" class=\"attachment-thumbnail size-thumbnail\" alt><\/a><\/div>\n<\/figure>\n<figure class=\"gallery-item\">\n<div class=\"gallery-icon portrait\"><a href=\"https:\/\/www.pressalert.ro\/wp-content\/uploads\/2017\/05\/15.-lucrare.jpg\"><img decoding=\"async\" loading=\"lazy\" width=\"298\" height=\"300\" src=\"https:\/\/www.pressalert.ro\/wp-content\/uploads\/2017\/05\/15.-lucrare-298x300.jpg\" class=\"attachment-thumbnail size-thumbnail\" alt><\/a><\/div>\n<\/figure>\n<figure class=\"gallery-item\">\n<div class=\"gallery-icon landscape\"><a href=\"https:\/\/www.pressalert.ro\/wp-content\/uploads\/2017\/05\/16.-lucrare.jpg\"><img decoding=\"async\" loading=\"lazy\" width=\"300\" height=\"300\" src=\"https:\/\/www.pressalert.ro\/wp-content\/uploads\/2017\/05\/16.-lucrare.jpg\" class=\"attachment-thumbnail size-thumbnail\" alt><\/a><\/div>\n<\/figure>\n<figure class=\"gallery-item\">\n<div class=\"gallery-icon landscape\"><a href=\"https:\/\/www.pressalert.ro\/wp-content\/uploads\/2017\/05\/17.-lucrare.jpg\"><img decoding=\"async\" loading=\"lazy\" width=\"300\" height=\"300\" src=\"https:\/\/www.pressalert.ro\/wp-content\/uploads\/2017\/05\/17.-lucrare.jpg\" class=\"attachment-thumbnail size-thumbnail\" alt><\/a><\/div>\n<\/figure>\n<figure class=\"gallery-item\">\n<div class=\"gallery-icon portrait\"><a href=\"https:\/\/www.pressalert.ro\/wp-content\/uploads\/2017\/05\/18.-lucrare.jpg\"><img decoding=\"async\" loading=\"lazy\" width=\"300\" height=\"300\" src=\"https:\/\/www.pressalert.ro\/wp-content\/uploads\/2017\/05\/18.-lucrare-300x300.jpg\" class=\"attachment-thumbnail size-thumbnail\" alt><\/a><\/div>\n<\/figure>\n<\/div>\n<p>Surse foto: adsa.ro, 3szek.ro, vinsieu.ro, nyugatijelen.com, bmceh.ro, arcadja.com, calina.ro, agentiadecarte.ro, jimbolia.ro, memoriatimisoarei.ro, vestul.ro, arttm.ro, ciprianchirileanu.blogspot.ro<\/p>\n<\/div>\n<footer>\n<div class=\"td-post-source-tags td-pb-padding-side\">\n<ul class=\"td-tags td-post-small-box clearfix\">\n<li><span>ETICHETE<\/span><\/li>\n<li><a href=\"https:\/\/www.pressalert.ro\/tag\/expozitii\/\">expozitii<\/a><\/li>\n<li><a href=\"https:\/\/www.pressalert.ro\/tag\/fundatie\/\">fundatie<\/a><\/li>\n<li><a href=\"https:\/\/www.pressalert.ro\/tag\/galeria-triade\/\">galeria triade<\/a><\/li>\n<li><a href=\"https:\/\/www.pressalert.ro\/tag\/lucrari\/\">lucrari<\/a><\/li>\n<li><a href=\"https:\/\/www.pressalert.ro\/tag\/peter-jecza\/\">peter jecza<\/a><\/li>\n<li><a href=\"https:\/\/www.pressalert.ro\/tag\/premii\/\">premii<\/a><\/li>\n<li><a href=\"https:\/\/www.pressalert.ro\/tag\/sculptor\/\">sculptor<\/a><\/li>\n<li><a href=\"https:\/\/www.pressalert.ro\/tag\/studii\/\">studii<\/a><\/li>\n<li><a href=\"https:\/\/www.pressalert.ro\/tag\/timisoara-uitata\/\">timisoara uitata<\/a><\/li>\n<\/ul>\n<\/div>\n<div class=\"td-post-sharing td-post-sharing-bottom td-pb-padding-side\"><span class=\"td-post-share-title\">DISTRIBUI\u021aI<\/span><\/p>\n<div class=\"td-default-sharing \"><a class=\"td-social-sharing-buttons td-social-facebook\" href=\"http:\/\/www.facebook.com\/sharer.php?u=https%3A%2F%2Fwww.pressalert.ro%2F2017%2F05%2Ftimisoara-uitata-peter-jecza-unul-dintre-cei-mai-importanti-artisti-ai-orasului-ultimul-secol-foto%2F\"><\/p>\n<div class=\"td-social-but-text\">Facebook<\/div>\n<p><\/a><a class=\"td-social-sharing-buttons td-social-twitter\" href=\"https:\/\/twitter.com\/intent\/tweet?text=TIMI%C8%98OARA+UITAT%C4%82+P%C3%A9ter+Jecza%2C+unul+dintre+cei+mai+importan%C8%9Bi+arti%C8%99ti+ai+ora%C8%99ului+%C3%AEn+ultimul+secol+FOTO&amp;url=https%3A%2F%2Fwww.pressalert.ro%2F2017%2F05%2Ftimisoara-uitata-peter-jecza-unul-dintre-cei-mai-importanti-artisti-ai-orasului-ultimul-secol-foto%2F&amp;via=PRESSALERT.ro\"><\/p>\n<div class=\"td-social-but-text\">Twitter<\/div>\n<p><\/a><\/div>\n<\/div>\n<div class=\"td-block-row td-post-next-prev\">\n<div class=\"td-block-span6 td-post-prev-post\">\n<div class=\"td-post-next-prev-content\"><span>Articolul precedent<\/span><a href=\"https:\/\/www.pressalert.ro\/2017\/05\/ripensia-timisoara-lider-solitar-liga-iii-ros-galbenii-ajutati-de-o-timiseana-lupta-pentru-promovare\/\">Ripensia Timi\u0219oara, lider SOLITAR \u00een Liga a III-a. Ro\u0219-galbenii, ajuta\u021bi de o timi\u0219ean\u0103 \u00een lupta pentru promovare<\/a><\/div>\n<\/div>\n<div class=\"td-block-span6 td-post-next-post\">\n<div class=\"td-post-next-prev-content\"><span>Articolul urm\u0103tor<\/span><a href=\"https:\/\/www.pressalert.ro\/2017\/05\/doza-zilnica-de-migranti-la-frontiera-de-vest-sirieni-si-irakieni-prinsi-timp-ce-incercau-sa-intre-ilegal-romania\/\">\u201eDoza\u201d zilnic\u0103 de migran\u021bi la frontiera de vest: sirieni \u0219i irakieni, prin\u0219i \u00een timp ce \u00eencercau s\u0103 intre ilegal \u00een Rom\u00e2nia<\/a><\/div>\n<\/div>\n<\/div>\n<div class=\"author-box-wrap\"><a href=\"https:\/\/www.pressalert.ro\/author\/liana-paun\/\"><img decoding=\"async\" alt src=\"https:\/\/secure.gravatar.com\/avatar\/e237afe71dbb475f2bb6dffeb603d703?s=96&amp;d=mm&amp;r=g\" class=\"avatar avatar-96 photo\" height=\"96\" width=\"96\" loading=\"lazy\"><\/a><\/p>\n<div class=\"desc\">\n<div class=\"td-author-name vcard author\"><span class=\"fn\"><a href=\"https:\/\/www.pressalert.ro\/author\/liana-paun\/\">Liana P\u0103un<\/a><\/span><\/div>\n<div class=\"td-author-url\"><a href=\"http:\/\/www.pressalert.ro\">http:\/\/www.pressalert.ro<\/a><\/div>\n<\/div>\n<\/div>\n<p><span><\/span><span><span><\/span><\/span><span><\/span><\/footer>\n<\/article>\n<p> Source URL: https:\/\/www.pressalert.ro\/2017\/05\/timisoara-uitata-peter-jecza-unul-dintre-cei-mai-importanti-artisti-ai-orasului-ultimul-secol-foto\/<\/p>\n","protected":false},"excerpt":{"rendered":"<p>Acas\u0103Campanii PRESSALERTTIMI\u0218OARA UITAT\u0102 P\u00e9ter Jecza, unul dintre cei mai importan\u021bi arti\u0219ti ai ora\u0219ului&#8230; Campanii PRESSALERT Timi\u0219oara uitat\u0103 TIMI\u0218OARA UITAT\u0102 P\u00e9ter Jecza, unul dintre cei mai importan\u021bi arti\u0219ti ai ora\u0219ului \u00een ultimul secol FOTO De Liana P\u0103un &#8211; mai 7, 2017 0 DISTRIBUI\u021aI Facebook Twitter P\u00e9ter Jecza, una dintre cele mai proeminente personalit\u0103\u021bi ale artei plastice [&hellip;]<\/p>\n","protected":false},"author":1,"featured_media":0,"comment_status":"open","ping_status":"","sticky":false,"template":"","format":"standard","meta":{"footnotes":""},"categories":[89],"tags":[176],"class_list":["post-1044886","post","type-post","status-publish","format-standard","hentry","category-romania","tag-pressalert-ro"],"_links":{"self":[{"href":"https:\/\/analyse.optim.biz\/index.php?rest_route=\/wp\/v2\/posts\/1044886","targetHints":{"allow":["GET"]}}],"collection":[{"href":"https:\/\/analyse.optim.biz\/index.php?rest_route=\/wp\/v2\/posts"}],"about":[{"href":"https:\/\/analyse.optim.biz\/index.php?rest_route=\/wp\/v2\/types\/post"}],"author":[{"embeddable":true,"href":"https:\/\/analyse.optim.biz\/index.php?rest_route=\/wp\/v2\/users\/1"}],"replies":[{"embeddable":true,"href":"https:\/\/analyse.optim.biz\/index.php?rest_route=%2Fwp%2Fv2%2Fcomments&post=1044886"}],"version-history":[{"count":0,"href":"https:\/\/analyse.optim.biz\/index.php?rest_route=\/wp\/v2\/posts\/1044886\/revisions"}],"wp:attachment":[{"href":"https:\/\/analyse.optim.biz\/index.php?rest_route=%2Fwp%2Fv2%2Fmedia&parent=1044886"}],"wp:term":[{"taxonomy":"category","embeddable":true,"href":"https:\/\/analyse.optim.biz\/index.php?rest_route=%2Fwp%2Fv2%2Fcategories&post=1044886"},{"taxonomy":"post_tag","embeddable":true,"href":"https:\/\/analyse.optim.biz\/index.php?rest_route=%2Fwp%2Fv2%2Ftags&post=1044886"}],"curies":[{"name":"wp","href":"https:\/\/api.w.org\/{rel}","templated":true}]}}