{"id":1044002,"date":"2025-12-12T03:51:24","date_gmt":"2025-12-12T00:51:24","guid":{"rendered":"https:\/\/analyse.optim.biz\/?p=1044002"},"modified":"2025-12-12T03:51:24","modified_gmt":"2025-12-12T00:51:24","slug":"foto-video-panica-intr-un-bloc-din-suceava-din-cauza-unui-incendiu-cinci-persoane-s-au-intoxicat-cu-fum","status":"publish","type":"post","link":"https:\/\/analyse.optim.biz\/?p=1044002","title":{"rendered":"FOTO &amp; VIDEO Panic\u0103 \u00eentr-un bloc din Suceava din cauza unui incendiu. Cinci persoane s-au intoxicat cu fum"},"content":{"rendered":"<div class=\"entry-content\">\n<p><img decoding=\"async\" loading=\"lazy\" class=\"alignright size-medium wp-image-263404\" src=\"https:\/\/suceavanews.ro\/wp-content\/uploads\/2018\/04\/incendiu-suceava-300x225.jpg\" alt=\"\" width=\"300\" height=\"225\">Un incendiu a izbucnit, luni noapte, la un apartament dintr-un bloc din municipiul Suceava, \u00een spatele Po\u0219tei centrale. Pompierii au intervenit imediat \u0219i au stins focul.<\/p>\n<p><a href=\"https:\/\/www.facebook.com\/suceavanews.ro\/\"><img decoding=\"async\" loading=\"lazy\" class=\"alignleft size-full wp-image-139939\" src=\"https:\/\/suceavanews.ro\/wp-content\/uploads\/2014\/02\/like-facebook.jpg\" alt=\"like facebook, suceava, news, stiri\" width=\"50\" height=\"23\"><\/a>Din cauza fumului puternic de pe casa sc\u0103rii, mul\u021bi dintre locatari s-au autoevacuat. Dou\u0103 persoane au fost evacuate de pompieri, iar 23 au ie\u0219it singure din locuin\u021be, respectiv 19 adul\u021bi \u0219i patru copii.<\/p>\n<p>Din primele informa\u021bii cinci persoane au primit \u00eengrijiri medicale dup\u0103 ce s-au intoxicat cu fum. Dou\u0103 dintre ele au fost transportate la spital.<\/p>\n<p>\u201e<em><strong>Militarii Deta\u0219amentului de Pompieri Suceava au intervenit cu dou\u0103 autospeciale cu ap\u0103 \u0219i spum\u0103 pentru localizarea \u0219i lichidarea unui incendiu, izbucnit la un apartament situat la primul etaj al unui bloc de locuin\u021be, din municipiul Suceava. Pompierii au fost sprijini\u021bi de c\u0103tre un echipaj al Serviciului de Ambulan\u021b\u0103 Jude\u021bean. La sosirea echipajelor, ardea interiorul unei camere, pe o suprafa\u021b\u0103 de aproximativ 35 de metri p\u0103tra\u021bi, iar casa sc\u0103rii era inundat\u0103 cu fum. Salvatorii au localizat \u0219i lichidat incendiul, concomitent cu ventilarea natural\u0103 a apartamentului \u0219i a casei sc\u0103rii.\u00a0 23 de persoane (dintre care, patru minori) s-au autoevacuat. Pompierii militari au evacuat dou\u0103 persoane, dintre care, un minor cu probleme respiratorii, c\u0103ruia i s-a administrat oxigen pe timpul cobor\u00e2rii din bloc. Echipajul Serviciului de Ambulan\u021b\u0103 Jude\u021bean a monitorizat din punct de vedere medical cinci persoane, iar dintre acestea, dou\u0103 au fost transportate la spital pentru investiga\u021bii suplimentare. Au ars obiecte de mobilier, aparatur\u0103 electrocasnic\u0103 \u0219i materiale textile din camer\u0103. S-au degradat finisajele interioare ale apartamentului, precum \u0219i finisajele, tencuiala \u0219i alte bunuri de pe casa sc\u0103rii\u201d,<\/strong><\/em> arat\u0103 ISU Suceava.<\/p>\n<div class=\"wp-video\"><video class=\"wp-video-shortcode\" id=\"video-263402-1\" width=\"848\" height=\"480\" preload=\"metadata\" controls=\"controls\"><source type=\"video\/mp4\" src=\"https:\/\/suceavanews.ro\/wp-content\/uploads\/2018\/04\/incendiu-suceava.mp4?_=1\" \/><a href=\"https:\/\/suceavanews.ro\/wp-content\/uploads\/2018\/04\/incendiu-suceava.mp4\">https:\/\/suceavanews.ro\/wp-content\/uploads\/2018\/04\/incendiu-suceava.mp4<\/a><\/video><\/div>\n<\/div>\n","protected":false},"excerpt":{"rendered":"<p>Un incendiu a izbucnit, luni noapte, la un apartament dintr-un bloc din municipiul Suceava, \u00een spatele Po\u0219tei centrale. Pompierii au intervenit imediat \u0219i au stins focul. Din cauza fumului puternic de pe casa sc\u0103rii, mul\u021bi dintre locatari s-au autoevacuat. Dou\u0103 persoane au fost evacuate de pompieri, iar 23 au ie\u0219it singure din locuin\u021be, respectiv 19 [&hellip;]<\/p>\n","protected":false},"author":1,"featured_media":0,"comment_status":"open","ping_status":"","sticky":false,"template":"","format":"standard","meta":{"footnotes":""},"categories":[89],"tags":[174],"class_list":["post-1044002","post","type-post","status-publish","format-standard","hentry","category-romania","tag-suceavanews-ro"],"_links":{"self":[{"href":"https:\/\/analyse.optim.biz\/index.php?rest_route=\/wp\/v2\/posts\/1044002","targetHints":{"allow":["GET"]}}],"collection":[{"href":"https:\/\/analyse.optim.biz\/index.php?rest_route=\/wp\/v2\/posts"}],"about":[{"href":"https:\/\/analyse.optim.biz\/index.php?rest_route=\/wp\/v2\/types\/post"}],"author":[{"embeddable":true,"href":"https:\/\/analyse.optim.biz\/index.php?rest_route=\/wp\/v2\/users\/1"}],"replies":[{"embeddable":true,"href":"https:\/\/analyse.optim.biz\/index.php?rest_route=%2Fwp%2Fv2%2Fcomments&post=1044002"}],"version-history":[{"count":0,"href":"https:\/\/analyse.optim.biz\/index.php?rest_route=\/wp\/v2\/posts\/1044002\/revisions"}],"wp:attachment":[{"href":"https:\/\/analyse.optim.biz\/index.php?rest_route=%2Fwp%2Fv2%2Fmedia&parent=1044002"}],"wp:term":[{"taxonomy":"category","embeddable":true,"href":"https:\/\/analyse.optim.biz\/index.php?rest_route=%2Fwp%2Fv2%2Fcategories&post=1044002"},{"taxonomy":"post_tag","embeddable":true,"href":"https:\/\/analyse.optim.biz\/index.php?rest_route=%2Fwp%2Fv2%2Ftags&post=1044002"}],"curies":[{"name":"wp","href":"https:\/\/api.w.org\/{rel}","templated":true}]}}