{"id":1042992,"date":"2018-08-20T14:04:46","date_gmt":"2018-08-20T11:04:46","guid":{"rendered":"https:\/\/analyse.optim.biz\/?p=1042992"},"modified":"2018-08-20T14:04:46","modified_gmt":"2018-08-20T11:04:46","slug":"primul-eveniment-din-judet-dedicat-exclusiv-centenarului-marii-uniri-a-fost-organizat-de-primarul-comunei-pojorita-in-statiunea-turistica","status":"publish","type":"post","link":"https:\/\/analyse.optim.biz\/?p=1042992","title":{"rendered":"Primul eveniment din jude\u021b dedicat exclusiv Centenarului Marii Uniri a fost organizat de primarul comunei Pojor\u00eeta, \u00een sta\u021biunea turistic\u0103"},"content":{"rendered":"<article id=\"post-112911\" class=\"clearfix post-112911 post type-post status-publish format-standard has-post-thumbnail hentry category-slide category-administratie category-emisiuni category-hoinar tag-in-statiunea-turistica tag-primul-eveniment-din-judet-dedicat-exclusiv-centenarului-marii-uniri-a-fost-organizat-de-primarul-comunei-pojorita\">\n<header id=\"cb-standard-featured\">\n<div class=\"cb-mask\"><img decoding=\"async\" width=\"750\" height=\"400\" src=\"https:\/\/suceavalive.ro\/wp-content\/uploads\/2018\/08\/39700514_271395090346432_1554944840242823168_n-750x400.jpg\" class=\"cb-fi-standard wp-post-image\" alt loading=\"lazy\"><\/div>\n<div id=\"cb-fis-wrap\" class=\"cb-entry-header cb-fis cb-style-standard\"><span class=\"cb-title-fi\"><\/p>\n<h1 class=\"entry-title cb-entry-title cb-single-title\">Primul eveniment din jude\u021b dedicat exclusiv Centenarului Marii Uniri a fost organizat de primarul comunei Pojor\u00eeta, \u00een sta\u021biunea turistic\u0103<\/h1>\n<div class=\"cb-byline cb-font-header\">\n<div class=\"cb-date cb-byline-element\"><time datetime=\"2018-08-20\">20 august 2018<\/time><\/div>\n<\/div>\n<p><\/span><\/div>\n<\/header>\n<section class=\"cb-entry-content entry-content clearfix\">\n<iframe loading=\"lazy\" src=\"https:\/\/www.youtube.com\/embed\/E5K8ZenDmSY\" width=\"560\" height=\"315\" frameborder allowfullscreen=\"allowfullscreen\"><\/iframe>\n<\/section>\n<footer class=\"article-footer\">\n<p class=\"cb-tags\"><a href=\"https:\/\/suceavalive.ro\/tag\/in-statiunea-turistica\/\" rel=\"tag\">\u00een sta\u021biunea turistic\u0103<\/a><a href=\"https:\/\/suceavalive.ro\/tag\/primul-eveniment-din-judet-dedicat-exclusiv-centenarului-marii-uniri-a-fost-organizat-de-primarul-comunei-pojorita\/\" rel=\"tag\">Primul eveniment din jude\u021b dedicat exclusiv Centenarului Marii Uniri a fost organizat de primarul comunei Pojor\u00eeta<\/a><\/p>\n<div class=\"cb-social-sharing cb-post-footer-block cb-beside clearfix\">\n<div class=\"cb-title-subtle\">Share On:<\/div>\n<div class=\"cb-twitter\"><a href=\"https:\/\/twitter.com\/share\" class=\"twitter-share-button\" data-dnt=\"true\" data-count=\"horizontal\">Tweet<\/a><\/div>\n<\/div>\n<div id=\"cb-previous-next-links\" class=\"cb-post-footer-block clearfix\">\n<div id=\"cb-previous-link\"><a href=\"https:\/\/suceavalive.ro\/licu-o-poveste-romaneasca-la-vatra-dornei\/\" rel=\"prev\">\u201eLicu, o poveste rom\u00e2neasc\u0103\u201d, la Vatra Dornei<\/a><\/div>\n<div id=\"cb-next-link\"><a href=\"https:\/\/suceavalive.ro\/comuna-dorna-arini-a-fost-timp-de-doua-zile-in-sarbatoare-aici-s-a-inaugurat-si-o-noua-investitie\/\" rel=\"next\">Comuna Dorna Arini a fost, timp de dou\u0103 zile, \u00een s\u0103rb\u0103toare. Aici s-a inaugurat \u0219i o nou\u0103 investi\u021bie<\/a><\/div>\n<\/div>\n<div id=\"cb-author-box\" class=\"clearfix\">\n<h3 class=\"cb-block-title\">Despre autor<\/h3>\n<div class=\"cb-mask\"><a href=\"https:\/\/suceavalive.ro\/author\/suceavalive\/\"><img decoding=\"async\" alt src=\"https:\/\/secure.gravatar.com\/avatar\/d542cd85af72d7d3afad0d26982263c9a64170e87d978956298bfb0122b00b8c?s=120&amp;d=mm&amp;r=g\" class=\"avatar avatar-120 photo\" height=\"120\" width=\"120\" loading=\"lazy\"><\/a><\/div>\n<div class=\"cb-meta\">\n<div class=\"cb-info\">\n<div class=\"cb-author-title vcard\"><a href=\"https:\/\/suceavalive.ro\/author\/suceavalive\/\"><span class=\"fn\">SuceavaLive<\/span><\/a><\/div>\n<\/div>\n<\/div>\n<\/div>\n<div id=\"cb-related-posts\" class=\"cb-related-posts-block cb-post-end-block clearfix\">\n<h3 class=\"cb-block-title\">Postari asemanatoare<\/h3>\n<ul>\n<li class=\"cb-style-overlay cb-grid-entry cb-related-post no-1\">\n<div class=\"cb-mask\"><a href=\"https:\/\/suceavalive.ro\/concert-extraordinar-de-colinde-la-centrul-cultural-sofia-vicoveanca-din-vicovu-de-jos-pe-14-decembrie\/\"><img decoding=\"async\" width=\"360\" height=\"240\" src=\"https:\/\/suceavalive.ro\/wp-content\/uploads\/2025\/12\/tugui-spectacol-360x240.png\" class=\"attachment-cb-360-240 size-cb-360-240 wp-post-image\" alt loading=\"lazy\"><\/a><\/div>\n<div class=\"cb-meta cb-article-meta\">\n<h4 class=\"h3 cb-post-title\"><a href=\"https:\/\/suceavalive.ro\/concert-extraordinar-de-colinde-la-centrul-cultural-sofia-vicoveanca-din-vicovu-de-jos-pe-14-decembrie\/\">Concert extraordinar de colinde la Centrul Cultural \u201eSofia Vicoveanca\u201d din Vicovu de Jos, pe 14 decembrie<\/a><\/h4>\n<div class=\"cb-byline cb-font-header\">\n<div class=\"cb-date cb-byline-element\"><time datetime=\"2025-12-11\">11 decembrie 2025<\/time><\/div>\n<\/div>\n<\/div>\n<\/li>\n<li class=\"cb-style-overlay cb-grid-entry cb-related-post no-2\">\n<div class=\"cb-mask\"><a href=\"https:\/\/suceavalive.ro\/moment-soc-la-conferinta-de-presa-a-curtii-de-apel-bucuresti-o-judecatoare-a-spus-ca-marturiile-din-filmul-recorder-spun-adevarul\/\"><img decoding=\"async\" width=\"360\" height=\"240\" src=\"https:\/\/suceavalive.ro\/wp-content\/uploads\/2025\/12\/judecatoare-360x240.png\" class=\"attachment-cb-360-240 size-cb-360-240 wp-post-image\" alt loading=\"lazy\"><\/a><\/div>\n<div class=\"cb-meta cb-article-meta\">\n<h4 class=\"h3 cb-post-title\"><a href=\"https:\/\/suceavalive.ro\/moment-soc-la-conferinta-de-presa-a-curtii-de-apel-bucuresti-o-judecatoare-a-spus-ca-marturiile-din-filmul-recorder-spun-adevarul\/\">Moment \u0219oc la conferin\u021ba de pres\u0103 a Cur\u021bii de Apel Bucure\u0219ti. O judec\u0103toare a spus c\u0103 m\u0103rturiile din filmul Recorder spun adev\u0103rul<\/a><\/h4>\n<div class=\"cb-byline cb-font-header\">\n<div class=\"cb-date cb-byline-element\"><time datetime=\"2025-12-11\">11 decembrie 2025<\/time><\/div>\n<\/div>\n<\/div>\n<\/li>\n<\/ul>\n<\/div>\n<\/footer>\n<div id=\"respond\" class=\"comment-respond\">\n<h3 id=\"reply-title\" class=\"comment-reply-title\">Lasa un raspuns <small><a rel=\"nofollow\" id=\"cancel-comment-reply-link\" href=\"https:\/\/suceavalive.ro\/primul-eveniment-din-judet-dedicat-exclusiv-centenarului-marii-uniri-a-fost-organizat-de-primarul-comunei-pojorita-in-statiunea-turistica\/#respond\">Anuleaza raspunsul<\/a><\/small><\/h3>\n<p class=\"comment-notes\">Adresa ta de email nu va fi publicat\u0103.<\/p>\n<\/div>\n<\/article>\n<p> Source URL: https:\/\/suceavalive.ro\/primul-eveniment-din-judet-dedicat-exclusiv-centenarului-marii-uniri-a-fost-organizat-de-primarul-comunei-pojorita-in-statiunea-turistica\/<\/p>\n","protected":false},"excerpt":{"rendered":"<p>Primul eveniment din jude\u021b dedicat exclusiv Centenarului Marii Uniri a fost organizat de primarul comunei Pojor\u00eeta, \u00een sta\u021biunea turistic\u0103 20 august 2018 \u00een sta\u021biunea turistic\u0103Primul eveniment din jude\u021b dedicat exclusiv Centenarului Marii Uniri a fost organizat de primarul comunei Pojor\u00eeta Share On: Tweet \u201eLicu, o poveste rom\u00e2neasc\u0103\u201d, la Vatra Dornei Comuna Dorna Arini a fost, [&hellip;]<\/p>\n","protected":false},"author":1,"featured_media":0,"comment_status":"open","ping_status":"","sticky":false,"template":"","format":"standard","meta":{"footnotes":""},"categories":[89],"tags":[173],"class_list":["post-1042992","post","type-post","status-publish","format-standard","hentry","category-romania","tag-suceavalive-ro"],"_links":{"self":[{"href":"https:\/\/analyse.optim.biz\/index.php?rest_route=\/wp\/v2\/posts\/1042992","targetHints":{"allow":["GET"]}}],"collection":[{"href":"https:\/\/analyse.optim.biz\/index.php?rest_route=\/wp\/v2\/posts"}],"about":[{"href":"https:\/\/analyse.optim.biz\/index.php?rest_route=\/wp\/v2\/types\/post"}],"author":[{"embeddable":true,"href":"https:\/\/analyse.optim.biz\/index.php?rest_route=\/wp\/v2\/users\/1"}],"replies":[{"embeddable":true,"href":"https:\/\/analyse.optim.biz\/index.php?rest_route=%2Fwp%2Fv2%2Fcomments&post=1042992"}],"version-history":[{"count":0,"href":"https:\/\/analyse.optim.biz\/index.php?rest_route=\/wp\/v2\/posts\/1042992\/revisions"}],"wp:attachment":[{"href":"https:\/\/analyse.optim.biz\/index.php?rest_route=%2Fwp%2Fv2%2Fmedia&parent=1042992"}],"wp:term":[{"taxonomy":"category","embeddable":true,"href":"https:\/\/analyse.optim.biz\/index.php?rest_route=%2Fwp%2Fv2%2Fcategories&post=1042992"},{"taxonomy":"post_tag","embeddable":true,"href":"https:\/\/analyse.optim.biz\/index.php?rest_route=%2Fwp%2Fv2%2Ftags&post=1042992"}],"curies":[{"name":"wp","href":"https:\/\/api.w.org\/{rel}","templated":true}]}}