{"id":1040098,"date":"2025-12-11T00:00:00","date_gmt":"2025-12-10T21:00:00","guid":{"rendered":"https:\/\/analyse.optim.biz\/?p=1040098"},"modified":"2025-12-11T00:00:00","modified_gmt":"2025-12-10T21:00:00","slug":"vicente-valles-siembra-el-panico-en-el-psoe-al-resaltar-el-nexo-que-une-a-los-detenidos-vicente-fernandez-y-leire-diez-periodista-digital","status":"publish","type":"post","link":"https:\/\/analyse.optim.biz\/?p=1040098","title":{"rendered":"Vicente Vall\u00e9s siembra el p\u00e1nico en el PSOE al resaltar el nexo que une a los detenidos Vicente Fern\u00e1ndez y Leire D\u00edez &#8211; Periodista Digital"},"content":{"rendered":"<div class=\"m4p-post-content\">\n<div class=\"block-vertical-align-right\">\n<div class=\"m4p-relations-group\">\n<div class=\"m4p-group-vertical-title\">\n<h2>M\u00e1s informaci\u00f3n<\/h2>\n<\/div>\n<div class=\"m4p-summary-news\">\n<figure class=\"m4p-image m4p-crop-medium-1\"><a href=\"https:\/\/www.periodistadigital.com\/politica\/20251126\/operacion-psoe-descubierto-carpeta-secreta-ferraz-sacude-socialistas-noticia-689405157049\/\"><img loading=\"lazy\" decoding=\"async\" src=\"https:\/\/analyse.optim.biz\/wp-content\/uploads\/2025\/12\/dolset-leire-y-teijelo-fontaneros-del-psoe-320x214-2.jpg\" width=\"320\" height=\"214\" alt=\"La 'Operaci\u00f3n PSOE' al descubierto: la carpeta secreta de Ferraz que sacude a los socialistas\" title=\"dolset-leire-y-teijelo-fontaneros-del-psoe-320x214-2\"><\/a><\/figure>\n<div class=\"m4p-summary-news-title\">\n<h3><a href=\"https:\/\/www.periodistadigital.com\/politica\/20251126\/operacion-psoe-descubierto-carpeta-secreta-ferraz-sacude-socialistas-noticia-689405157049\/\">La &#8216;Operaci\u00f3n PSOE&#8217; al descubierto: la carpeta secreta de Ferraz que sacude a los socialistas<\/a><\/h3>\n<\/div>\n<\/div>\n<\/div>\n<\/div>\n<p>\u00bfCu\u00e1ntos esc\u00e1ndalos m\u00e1s est\u00e1 dispuesto a tolerar <strong>Pedro S\u00e1nchez<\/strong> antes de dar el paso natural de dar por finiquitada la legislatura?<\/p>\n<p>La tarde del 10 de diciembre de 2025 saltaba todo por los aires al conocerse la detenci\u00f3n de la fontanera del <strong>PSOE<\/strong>, <strong>Leire D\u00edez<\/strong> y del expresidente de la <strong>SEPI<\/strong>, <strong>Vicente Fern\u00e1ndez<\/strong>, hombre de la m\u00e1xima confianza de la <strong>vicepresidenta primera y ministra de Hacienda, Mar\u00eda Jes\u00fas Montero<\/strong>.<\/p>\n<p><strong>Vicente Vall\u00e9s<\/strong>, en su informativo en <strong>Antena 3 Noticias<\/strong>, hizo un detallado recorrido por las relaciones de los dos detenidos, pero sobre todo centr\u00e1ndose en un detalle muy particular:<\/p>\n<blockquote>\n<p>Vicente Fern\u00e1ndez, el otro detenido, ha sido un estrecho colaborador de la n\u00famero dos del gobierno y n\u00famero dos del PSOE, <strong>Mar\u00eda Jes\u00fas Montero<\/strong>. Tan cercana era su relaci\u00f3n pol\u00edtica que Montero se trajo a Fern\u00e1ndez de la Junta de Andaluc\u00eda cuando Pedro S\u00e1nchez lleg\u00f3 al poder. Lo nombr\u00f3 presidente de la SEPI. Fern\u00e1ndez tuvo que dimitir por una causa judicial. Y Montero se neg\u00f3 durante un a\u00f1o y medio a nombrar a un sustituto confiando en recuperar a Fern\u00e1ndez para ese mismo puesto. No pudo hacerlo.<\/p>\n<\/blockquote>\n<p><img loading=\"lazy\" decoding=\"async\" class=\"alignnone size-large wp-image-689405121962\" src=\"https:\/\/analyse.optim.biz\/wp-content\/uploads\/2025\/12\/teijelo-cerdan-y-leire-psoe-550x275-1.jpg\" width=\"550\" height=\"275\" title=\"teijelo-cerdan-y-leire-psoe-550x275-1\"><\/p>\n<p>Y aqu\u00ed es donde el periodista de la primera cadena de Atresmedia dio en la diana al establecer la persona que une al expresidente de la SEPI con la llamada fontanera de Ferraz:<\/p>\n<blockquote>\n<p>\u00bfQu\u00e9 hizo entonces Vicente Fern\u00e1ndez? Empez\u00f3 a trabajar para <strong>Servinabar<\/strong>, la empresa de <strong>Santos Cerd\u00e1n<\/strong>. Y Santos Cerd\u00e1n era el dirigente del PSOE m\u00e1s relacionado con Leire D\u00edez. Solo hay que unir los puntos con una l\u00ednea. A esta hora Leire D\u00edez y Vicente Fern\u00e1ndez est\u00e1n en los calabozos de la Guardia Civil.<\/p>\n<\/blockquote>\n<\/div>\n<p> Source URL: https:\/\/www.periodistadigital.com\/periodismo\/tv\/20251211\/vicente-valles-siembra-panico-psoe-resaltar-nexo-une-detenidos-vicente-fernandez-leire-diez-video-689405161609\/<\/p>\n","protected":false},"excerpt":{"rendered":"<p>M\u00e1s informaci\u00f3n La &#8216;Operaci\u00f3n PSOE&#8217; al descubierto: la carpeta secreta de Ferraz que sacude a los socialistas \u00bfCu\u00e1ntos esc\u00e1ndalos m\u00e1s est\u00e1 dispuesto a tolerar Pedro S\u00e1nchez antes de dar el paso natural de dar por finiquitada la legislatura? La tarde del 10 de diciembre de 2025 saltaba todo por los aires al conocerse la detenci\u00f3n [&hellip;]<\/p>\n","protected":false},"author":1,"featured_media":1040099,"comment_status":"open","ping_status":"","sticky":false,"template":"","format":"standard","meta":{"footnotes":""},"categories":[88],"tags":[112],"class_list":["post-1040098","post","type-post","status-publish","format-standard","has-post-thumbnail","hentry","category-spain","tag-periodistadigital-com"],"_links":{"self":[{"href":"https:\/\/analyse.optim.biz\/index.php?rest_route=\/wp\/v2\/posts\/1040098","targetHints":{"allow":["GET"]}}],"collection":[{"href":"https:\/\/analyse.optim.biz\/index.php?rest_route=\/wp\/v2\/posts"}],"about":[{"href":"https:\/\/analyse.optim.biz\/index.php?rest_route=\/wp\/v2\/types\/post"}],"author":[{"embeddable":true,"href":"https:\/\/analyse.optim.biz\/index.php?rest_route=\/wp\/v2\/users\/1"}],"replies":[{"embeddable":true,"href":"https:\/\/analyse.optim.biz\/index.php?rest_route=%2Fwp%2Fv2%2Fcomments&post=1040098"}],"version-history":[{"count":0,"href":"https:\/\/analyse.optim.biz\/index.php?rest_route=\/wp\/v2\/posts\/1040098\/revisions"}],"wp:featuredmedia":[{"embeddable":true,"href":"https:\/\/analyse.optim.biz\/index.php?rest_route=\/wp\/v2\/media\/1040099"}],"wp:attachment":[{"href":"https:\/\/analyse.optim.biz\/index.php?rest_route=%2Fwp%2Fv2%2Fmedia&parent=1040098"}],"wp:term":[{"taxonomy":"category","embeddable":true,"href":"https:\/\/analyse.optim.biz\/index.php?rest_route=%2Fwp%2Fv2%2Fcategories&post=1040098"},{"taxonomy":"post_tag","embeddable":true,"href":"https:\/\/analyse.optim.biz\/index.php?rest_route=%2Fwp%2Fv2%2Ftags&post=1040098"}],"curies":[{"name":"wp","href":"https:\/\/api.w.org\/{rel}","templated":true}]}}