{"id":1037483,"date":"2018-08-21T05:55:26","date_gmt":"2018-08-21T02:55:26","guid":{"rendered":"https:\/\/analyse.optim.biz\/?p=1037483"},"modified":"2018-08-21T05:55:26","modified_gmt":"2018-08-21T02:55:26","slug":"comuna-dorna-arini-a-fost-timp-de-doua-zile-in-sarbatoare-aici-s-a-inaugurat-si-o-noua-investitie-suceavalive","status":"publish","type":"post","link":"https:\/\/analyse.optim.biz\/?p=1037483","title":{"rendered":"Comuna Dorna Arini a fost, timp de dou\u0103 zile, \u00een s\u0103rb\u0103toare. Aici s-a inaugurat \u0219i o nou\u0103 investi\u021bie &#8211; SuceavaLIVE"},"content":{"rendered":"<article id=\"post-112945\" class=\"clearfix post-112945 post type-post status-publish format-standard has-post-thumbnail hentry category-slide category-emisiuni category-hoinar category-categoria-social tag-comuna-dorna-arini-a-fost tag-in-sarbatoare-aici-s-a-inaugurat-si-o-noua-investitie tag-timp-de-doua-zile\">\n<header id=\"cb-standard-featured\">\n<div class=\"cb-mask\"><img decoding=\"async\" width=\"750\" height=\"400\" src=\"https:\/\/analyse.optim.biz\/wp-content\/uploads\/2025\/12\/dorna-arini-750x400-1.jpg\" class=\"cb-fi-standard wp-post-image\" loading=\"lazy\" title=\"dorna-arini-750x400-1\"><\/div>\n<div id=\"cb-fis-wrap\" class=\"cb-entry-header cb-fis cb-style-standard\"><span class=\"cb-title-fi\"><\/p>\n<h1 class=\"entry-title cb-entry-title cb-single-title\">Comuna Dorna Arini a fost, timp de dou\u0103 zile, \u00een s\u0103rb\u0103toare. Aici s-a inaugurat \u0219i o nou\u0103 investi\u021bie<\/h1>\n<div class=\"cb-byline cb-font-header\">\n<div class=\"cb-date cb-byline-element\"><time datetime=\"2018-08-21\">21 august 2018<\/time><\/div>\n<\/div>\n<p><\/span><\/div>\n<\/header>\n<section class=\"cb-entry-content entry-content clearfix\">\n<iframe loading=\"lazy\" src=\"https:\/\/www.youtube.com\/embed\/fR17fbikx3g\" width=\"560\" height=\"315\" frameborder allowfullscreen=\"allowfullscreen\"><\/iframe>\n<\/section>\n<footer class=\"article-footer\">\n<p class=\"cb-tags\"><a href=\"https:\/\/suceavalive.ro\/tag\/comuna-dorna-arini-a-fost\/\" rel=\"tag\">Comuna Dorna Arini a fost<\/a><a href=\"https:\/\/suceavalive.ro\/tag\/in-sarbatoare-aici-s-a-inaugurat-si-o-noua-investitie\/\" rel=\"tag\">\u00een s\u0103rb\u0103toare. Aici s-a inaugurat \u0219i o nou\u0103 investi\u021bie<\/a><a href=\"https:\/\/suceavalive.ro\/tag\/timp-de-doua-zile\/\" rel=\"tag\">timp de doua zile<\/a><\/p>\n<div class=\"cb-social-sharing cb-post-footer-block cb-beside clearfix\">\n<div class=\"cb-title-subtle\">Share On:<\/div>\n<div class=\"cb-twitter\"><a href=\"https:\/\/twitter.com\/share\" class=\"twitter-share-button\" data-dnt=\"true\" data-count=\"horizontal\">Tweet<\/a><\/div>\n<\/div>\n<div id=\"cb-previous-next-links\" class=\"cb-post-footer-block clearfix\">\n<div id=\"cb-previous-link\"><a href=\"https:\/\/suceavalive.ro\/primul-eveniment-din-judet-dedicat-exclusiv-centenarului-marii-uniri-a-fost-organizat-de-primarul-comunei-pojorita-in-statiunea-turistica\/\" rel=\"prev\">Primul eveniment din jude\u021b dedicat exclusiv Centenarului Marii Uniri a fost organizat de primarul comunei Pojor\u00eeta, \u00een sta\u021biunea turistic\u0103<\/a><\/div>\n<div id=\"cb-next-link\"><a href=\"https:\/\/suceavalive.ro\/consilierii-judeteni-au-aprobat-proiectul-pentru-reabilitarea-muzeului-de-istorie-din-siret\/\" rel=\"next\">Consilierii jude\u021beni au aprobat proiectul pentru reabilitarea Muzeului de Istorie din Siret<\/a><\/div>\n<\/div>\n<div id=\"cb-author-box\" class=\"clearfix\">\n<h3 class=\"cb-block-title\">Despre autor<\/h3>\n<div class=\"cb-mask\"><a href=\"https:\/\/suceavalive.ro\/author\/suceavalive\/\"><img decoding=\"async\" src=\"https:\/\/analyse.optim.biz\/wp-content\/uploads\/2025\/12\/d542cd85af72d7d3afad0d26982263c9a64170e87d978956298bfb0122b00b8c-69.jpg\" class=\"avatar avatar-120 photo\" height=\"120\" width=\"120\" loading=\"lazy\" title=\"d542cd85af72d7d3afad0d26982263c9a64170e87d978956298bfb0122b00b8c-69\"><\/a><\/div>\n<div class=\"cb-meta\">\n<div class=\"cb-info\">\n<div class=\"cb-author-title vcard\"><a href=\"https:\/\/suceavalive.ro\/author\/suceavalive\/\"><span class=\"fn\">SuceavaLive<\/span><\/a><\/div>\n<\/div>\n<\/div>\n<\/div>\n<div id=\"cb-related-posts\" class=\"cb-related-posts-block cb-post-end-block clearfix\">\n<h3 class=\"cb-block-title\">Postari asemanatoare<\/h3>\n<ul>\n<li class=\"cb-style-overlay cb-grid-entry cb-related-post no-1\">\n<div class=\"cb-mask\"><a href=\"https:\/\/suceavalive.ro\/peste-6-miliarde-euro-fonduri-europene-pentru-romania\/\"><img decoding=\"async\" width=\"360\" height=\"240\" src=\"https:\/\/analyse.optim.biz\/wp-content\/uploads\/2025\/12\/dsc_0259-360x240-1.jpg\" class=\"attachment-cb-360-240 size-cb-360-240 wp-post-image\" loading=\"lazy\" title=\"dsc_0259-360x240-1\"><\/a><\/div>\n<div class=\"cb-meta cb-article-meta\">\n<h4 class=\"h3 cb-post-title\"><a href=\"https:\/\/suceavalive.ro\/peste-6-miliarde-euro-fonduri-europene-pentru-romania\/\">Peste 6 miliarde euro, fonduri europene, pentru Rom\u00e2nia<\/a><\/h4>\n<div class=\"cb-byline cb-font-header\">\n<div class=\"cb-date cb-byline-element\"><time datetime=\"2015-08-07\">7 august 2015<\/time><\/div>\n<\/div>\n<\/div>\n<\/li>\n<\/ul>\n<\/div>\n<\/footer>\n<div id=\"respond\" class=\"comment-respond\">\n<h3 id=\"reply-title\" class=\"comment-reply-title\">Lasa un raspuns <small><a rel=\"nofollow\" id=\"cancel-comment-reply-link\" href=\"https:\/\/suceavalive.ro\/comuna-dorna-arini-a-fost-timp-de-doua-zile-in-sarbatoare-aici-s-a-inaugurat-si-o-noua-investitie\/#respond\">Anuleaza raspunsul<\/a><\/small><\/h3>\n<p class=\"comment-notes\">Adresa ta de email nu va fi publicat\u0103.<\/p>\n<\/div>\n<\/article>\n<p> Source URL: https:\/\/suceavalive.ro\/comuna-dorna-arini-a-fost-timp-de-doua-zile-in-sarbatoare-aici-s-a-inaugurat-si-o-noua-investitie\/<\/p>\n","protected":false},"excerpt":{"rendered":"<p>Comuna Dorna Arini a fost, timp de dou\u0103 zile, \u00een s\u0103rb\u0103toare. Aici s-a inaugurat \u0219i o nou\u0103 investi\u021bie 21 august 2018 Comuna Dorna Arini a fost\u00een s\u0103rb\u0103toare. Aici s-a inaugurat \u0219i o nou\u0103 investi\u021bietimp de doua zile Share On: Tweet Primul eveniment din jude\u021b dedicat exclusiv Centenarului Marii Uniri a fost organizat de primarul comunei [&hellip;]<\/p>\n","protected":false},"author":1,"featured_media":1037484,"comment_status":"open","ping_status":"","sticky":false,"template":"","format":"standard","meta":{"footnotes":""},"categories":[89],"tags":[173],"class_list":["post-1037483","post","type-post","status-publish","format-standard","has-post-thumbnail","hentry","category-romania","tag-suceavalive-ro"],"_links":{"self":[{"href":"https:\/\/analyse.optim.biz\/index.php?rest_route=\/wp\/v2\/posts\/1037483","targetHints":{"allow":["GET"]}}],"collection":[{"href":"https:\/\/analyse.optim.biz\/index.php?rest_route=\/wp\/v2\/posts"}],"about":[{"href":"https:\/\/analyse.optim.biz\/index.php?rest_route=\/wp\/v2\/types\/post"}],"author":[{"embeddable":true,"href":"https:\/\/analyse.optim.biz\/index.php?rest_route=\/wp\/v2\/users\/1"}],"replies":[{"embeddable":true,"href":"https:\/\/analyse.optim.biz\/index.php?rest_route=%2Fwp%2Fv2%2Fcomments&post=1037483"}],"version-history":[{"count":0,"href":"https:\/\/analyse.optim.biz\/index.php?rest_route=\/wp\/v2\/posts\/1037483\/revisions"}],"wp:featuredmedia":[{"embeddable":true,"href":"https:\/\/analyse.optim.biz\/index.php?rest_route=\/wp\/v2\/media\/1037484"}],"wp:attachment":[{"href":"https:\/\/analyse.optim.biz\/index.php?rest_route=%2Fwp%2Fv2%2Fmedia&parent=1037483"}],"wp:term":[{"taxonomy":"category","embeddable":true,"href":"https:\/\/analyse.optim.biz\/index.php?rest_route=%2Fwp%2Fv2%2Fcategories&post=1037483"},{"taxonomy":"post_tag","embeddable":true,"href":"https:\/\/analyse.optim.biz\/index.php?rest_route=%2Fwp%2Fv2%2Ftags&post=1037483"}],"curies":[{"name":"wp","href":"https:\/\/api.w.org\/{rel}","templated":true}]}}