{"id":1037441,"date":"2025-12-11T13:56:03","date_gmt":"2025-12-11T10:56:03","guid":{"rendered":"https:\/\/analyse.optim.biz\/?p=1037441"},"modified":"2025-12-11T13:56:03","modified_gmt":"2025-12-11T10:56:03","slug":"subsecretarul-de-stat-adrian-bidu-legea-292-2018-incepe-sa-creeze-probleme-nu-primesti-doar-sanctiune-ci-sunt-desfiintate-si-lucrarile","status":"publish","type":"post","link":"https:\/\/analyse.optim.biz\/?p=1037441","title":{"rendered":"Subsecretarul de stat Adrian Bidu: Legea 292\/2018 \u00eencepe s\u0103 creeze probleme. Nu prime\u0219ti doar sanc\u021biune, ci sunt desfiin\u021bate \u0219i lucr\u0103rile"},"content":{"rendered":"<div class=\"entry-content\">\n<p><img decoding=\"async\" loading=\"lazy\" class=\"alignright size-medium wp-image-312551\" src=\"https:\/\/analyse.optim.biz\/wp-content\/uploads\/2025\/12\/adrian-bidu-300x283-1.jpg\" width=\"300\" height=\"283\" title=\"adrian-bidu-300x283-1\">Subsecretarul de stat \u00een Ministerul Mediului, suceveanul Adrian Bidu, atrage aten\u021bia asupra Legii 292\/2018, care <em><strong>\u201e\u00eencepe s\u0103 creeze probleme\u201d<\/strong><\/em>. Acesta face referire la faptul c\u0103 orice proiect nou f\u0103cut de persoane fizice \/ juridice, primari sau orice alt\u0103 instituie, care nu are aviz de mediu, pe l\u00e2ng\u0103 sanc\u021biune se alege \u0219i cu desfiin\u021barea lucr\u0103rilor.<\/p>\n<p><em><strong>\u201eAceasta lege 292\/ 2018 nu \u00ee\u021bi mai da dreptul sa intri \u00een legalitate<\/strong><\/em>\u201d, spune Adrian Bidu.<\/p>\n<p><em><strong>\u201e\u00cen vederea evit\u0103rii unor situa\u021bii nepl\u0103cute din punct de vedere material, atragem aten\u021bia tuturor factorilor interesa\u021bi (at\u00e2t persoane fizice, c\u00e2t \u0219i persoane juridice publice ori private), ca, anterior derul\u0103rii unui proiect, s\u0103 consulte Anexele 1 \u0219i 2 ale legii nr. 292\/2018 privind evaluarea impactului anumitor proiecte publice \u015fi private asupra mediului.<\/strong><\/em><\/p>\n<p><em><strong> Consecin\u021bele demar\u0103rii unor proiecte care se reg\u0103sesc pe aceste anexe, dar f\u0103r\u0103 a fi fost ob\u021binut\/\u0103 decizia etapei de \u00eencadrare\/acordul de mediu \u015fi aprobarea de dezvoltare de la autoritatea competent\u0103 de protec\u021bia mediului, respectiv A.P.M.-urile locale, A.R.B.D.D., sunt reprezentate nu numai de sanc\u021biunea principal\u0103 amend\u0103, dar \u0219i de aplicarea sanc\u021biunii complementare de desfiin\u021bare a terenului, iar pentru proiectele prev\u0103zute de legea mai sus amintit\u0103 este interzis\u0103 emiterea deciziei etapei de \u00eencadrare\/acordului de mediu, respectiv a aprob\u0103rii de dezvoltare pentru lucr\u0103ri de investi\u0163ii ini\u0163iate sau realizate (art. 23 coroborat cu art. 26). <\/strong><\/em><\/p>\n<p><em><strong>Totodat\u0103, \u201c\u00een situa\u0163ia \u00een care, dup\u0103 emiterea acordului de mediu \u015fi \u00eenaintea ob\u0163inerii aprob\u0103rii de dezvoltare, proiectul a suferit modific\u0103ri, titularul proiectului este obligat s\u0103 notifice \u00een scris autoritatea competent\u0103 pentru protec\u0163ia mediului emitent\u0103 cu privire la aceste modific\u0103ri.\u201d (art. 20 alin. 1 coroborat cu art. 26)<\/strong><\/em>\u201d, sus\u021bine subsecretarul de stat.<\/p>\n<\/div>\n","protected":false},"excerpt":{"rendered":"<p>Subsecretarul de stat \u00een Ministerul Mediului, suceveanul Adrian Bidu, atrage aten\u021bia asupra Legii 292\/2018, care \u201e\u00eencepe s\u0103 creeze probleme\u201d. Acesta face referire la faptul c\u0103 orice proiect nou f\u0103cut de persoane fizice \/ juridice, primari sau orice alt\u0103 instituie, care nu are aviz de mediu, pe l\u00e2ng\u0103 sanc\u021biune se alege \u0219i cu desfiin\u021barea lucr\u0103rilor. \u201eAceasta [&hellip;]<\/p>\n","protected":false},"author":1,"featured_media":1037442,"comment_status":"open","ping_status":"","sticky":false,"template":"","format":"standard","meta":{"footnotes":""},"categories":[89],"tags":[174],"class_list":["post-1037441","post","type-post","status-publish","format-standard","has-post-thumbnail","hentry","category-romania","tag-suceavanews-ro"],"_links":{"self":[{"href":"https:\/\/analyse.optim.biz\/index.php?rest_route=\/wp\/v2\/posts\/1037441","targetHints":{"allow":["GET"]}}],"collection":[{"href":"https:\/\/analyse.optim.biz\/index.php?rest_route=\/wp\/v2\/posts"}],"about":[{"href":"https:\/\/analyse.optim.biz\/index.php?rest_route=\/wp\/v2\/types\/post"}],"author":[{"embeddable":true,"href":"https:\/\/analyse.optim.biz\/index.php?rest_route=\/wp\/v2\/users\/1"}],"replies":[{"embeddable":true,"href":"https:\/\/analyse.optim.biz\/index.php?rest_route=%2Fwp%2Fv2%2Fcomments&post=1037441"}],"version-history":[{"count":0,"href":"https:\/\/analyse.optim.biz\/index.php?rest_route=\/wp\/v2\/posts\/1037441\/revisions"}],"wp:featuredmedia":[{"embeddable":true,"href":"https:\/\/analyse.optim.biz\/index.php?rest_route=\/wp\/v2\/media\/1037442"}],"wp:attachment":[{"href":"https:\/\/analyse.optim.biz\/index.php?rest_route=%2Fwp%2Fv2%2Fmedia&parent=1037441"}],"wp:term":[{"taxonomy":"category","embeddable":true,"href":"https:\/\/analyse.optim.biz\/index.php?rest_route=%2Fwp%2Fv2%2Fcategories&post=1037441"},{"taxonomy":"post_tag","embeddable":true,"href":"https:\/\/analyse.optim.biz\/index.php?rest_route=%2Fwp%2Fv2%2Ftags&post=1037441"}],"curies":[{"name":"wp","href":"https:\/\/api.w.org\/{rel}","templated":true}]}}