{"id":103631,"date":"2018-10-18T21:48:54","date_gmt":"2018-10-18T18:48:54","guid":{"rendered":"https:\/\/analyse.optim.biz\/?p=103631"},"modified":"2018-10-18T21:48:54","modified_gmt":"2018-10-18T18:48:54","slug":"c-t-popescu-abia-acum-a-aflat-iohannis-ca-psd-si-alde-sunt-pe-cale-sa-distruga-romania","status":"publish","type":"post","link":"https:\/\/analyse.optim.biz\/?p=103631","title":{"rendered":"C. T. Popescu: Abia acum a aflat Iohannis c\u0103 PSD \u015fi ALDE sunt pe cale s\u0103 distrug\u0103 Rom\u00e2nia?"},"content":{"rendered":"<div class=\"entry data-app-meta data-app-meta-article\" data-embed-base-url-canonical=\"https:\/\/www.digi24.ro\/embed\/stiri\/actualitate\/politica\/c-t-popescu-abia-acum-a-aflat-iohannis-ca-psd-si-alde-sunt-pe-cale-sa-distruga-romania-1016128\">\n<p data-index=\"1\"><strong><span lang=\"ro-RO\">Jurnalistul Cristian Tudor Popescu a criticat la Digi24 declara\u0163iile contradictorii ale pre\u015fedintelui <a href=\"https:\/\/www.digi24.ro\/stiri\/actualitate\/justitie\/klaus-iohannis-critica-oug-pe-justitie-aceasta-ordonanta-e-foarte-ingrijoratoare-1015725\" data-skip-linkfix=\"1\">Klaus Iohannis<\/a> referitoare la pacea social\u0103 din Rom\u00e2nia.<\/span><\/strong><\/p>\n<p data-index=\"2\"><span lang=\"ro-RO\">Pre\u015fedintele Klaus Iohannis a declarat, joi, referindu-se la OUG pe justi\u0163ie, c\u0103 se vede c\u0103 aceast\u0103 coali\u0163ie PSD-ALDE nu dore\u015fte s\u0103 legifereze nici transparent, nici s\u0103 se consulte cu partenerii, apreciind c\u0103 &#8220;nu este calea bun\u0103&#8221;.<\/span><\/p>\n<p data-index=\"3\"><span lang=\"ro-RO\">&#8220;Iat\u0103 de ce am spus c\u0103 nu se legifereaz\u0103 corect. Lumea se a\u015fteapt\u0103, \u015fi pe bun\u0103 dreptate, ca legiferarea s\u0103 se fac\u0103 \u00eentr-un mod transparent, dup\u0103 consult\u0103ri, \u015fi \u0163in\u00e2nd cont \u015fi de opiniile sistemului, or se vede c\u0103 aceast\u0103 coali\u0163ie PSD-ALDE \u015fi Guvernul lor nu doresc s\u0103 legifereze nici transparent, nici s\u0103 se consulte cu partenerii&#8230; nu este calea bun\u0103, nu este calea care va duce la pace social\u0103 \u015fi nici m\u0103car nu va rezolva probleme din justi\u0163ie&#8221;, a afirmat Iohannis. <\/span><\/p>\n<p data-index=\"4\"><span lang=\"ro-RO\">&#8220;Pacea social\u0103 \u00een Rom\u00e2nia cred c\u0103 se recl\u0103de\u015fte. \u015ei avem nevoie de astfel de simboluri pentru a recl\u0103di pacea social\u0103 \u015fi \u00een Rom\u00e2nia \u015fi o vom face&#8221;, spunea Iohannis duminic\u0103 sear\u0103, la Roma, c\u00e2nd a participat la iluminarea Columnei lui Traian \u00een culorile Drapelului Rom\u00e2niei. <\/span><\/p>\n<p data-index=\"5\"><span lang=\"ro-RO\">Referindu-se la aceste abord\u0103ri diferite, Cristian Tudor Popescu a afirmat c\u0103 pre\u015fedintele, \u201e\u00een general, spune ce crede c\u0103 e bine s\u0103 zic\u0103, nu ce crede cu adev\u0103rat\u201d. Jurnalistul a amintit o situa\u0163ie similar\u0103, c\u00e2nd pre\u015fedintele \u015fi-a schimbat declara\u0163ia \u00een scurt timp \u2013 problema refugia\u0163ilor.<\/span><\/p>\n<p data-index=\"6\">\u201e<span lang=\"ro-RO\">Acum 24 de ore Iohannis a zis c\u0103 \u00een Rom\u00e2nia se recl\u0103de\u015fte pacea social\u0103. Am zis c\u0103 nu se poate a\u015fa ceva, a\u015fa spunea \u015fi Nicolae Ceau\u015fescu, se ducea \u00een str\u0103in\u0103tate, era o vreme c\u00e2nd tr\u0103gea n\u0103dejde pentru Nobel pentru Pace \u015fi atunci spunea chestii multicolore despre Rom\u00e2nia. Faptul c\u0103 \u015fi-a schimbat opinia \u00een 24 de ore, Iohannis nu e o surpriz\u0103 \u2013 s\u0103 ne amintim c\u00e2nd a fost vorba de cota de refugia\u0163i pentru Rom\u00e2nia \u2013 ini\u0163ial a zis nu, o pozi\u0163ie care l-ar pune acum l\u00e2ng\u0103 Orban, Dragnea, T\u0103riceanu, dup\u0103 care \u00een 24 de ore au venit ni\u015fte oameni care i-au spus c\u0103 nu e bine \u015fi \u015fi-a schimbat declara\u0163ia.<\/span><\/p>\n<p data-index=\"7\"><strong>Citi\u021bi \u0219i:\u00a0<\/strong><\/p>\n<p data-index=\"8\"><strong><a title=\"Klaus Iohannis d\u0103 vina pe PSD-ALDE pentru sc\u0103derea \u00eencrederii rom\u00e2nilor \u00een UE\" href=\"https:\/\/www.digi24.ro\/stiri\/actualitate\/politica\/klaus-iohannis-da-vina-pe-psd-alde-pentru-scaderea-increderii-romanilor-in-ue-1015732\" data-skip-linkfix=\"1\">Klaus Iohannis d\u0103 vina pe PSD-ALDE pentru sc\u0103derea \u00eencrederii rom\u00e2nilor \u00een UE<\/a><\/strong><\/p>\n<p data-index=\"9\"><strong><a href=\"https:\/\/www.digi24.ro\/stiri\/actualitate\/justitie\/klaus-iohannis-verifica-legalitatea-propunerii-adinei-florea-la-conducerea-dna-1015718\" target=\"_blank\" rel=\"noopener\" data-skip-linkfix=\"1\">Klaus Iohannis verific\u0103 legalitatea propunerii Adinei Florea la conducerea DNA<\/a><\/strong><\/p>\n<p data-index=\"10\"><span lang=\"ro-RO\">\u00cen general, el spune ce crede c\u0103 e bine s\u0103 zic\u0103, nu ce crede el cu adev\u0103rat, de aceea u\u015furin\u0163a cu care basculeaz\u0103.<\/span><\/p>\n<p data-index=\"11\"><span lang=\"ro-RO\">Cum po\u0163i s\u0103 te duci \u00eentr-o vizit\u0103 turistic\u0103, \u015fi cum s\u0103 te g\u00e2nde\u015fti c\u0103 vine ghidul, te distrezi, \u00een vreme ce \u015ftii ce se \u00eent\u00e2mpl\u0103 \u00een aceste momente \u00een Rom\u00e2nia?! Cum s\u0103 spui c\u0103 \u00een Rom\u00e2nia se recl\u0103de\u015fte pacea social\u0103 \u015fi acum 24 de ore c\u0103 PSD \u2013 ALDE nu merg spre pacea social\u0103. Abia acum a aflat c\u0103 PSD \u015fi ALDE sunt pe cale s\u0103 distrug\u0103 Rom\u00e2nia?\u201d, a spus Cristian Tudor Popescu.<\/span><\/p>\n<\/div>\n<p> Source URL: https:\/\/www.digi24.ro\/stiri\/actualitate\/politica\/c-t-popescu-abia-acum-a-aflat-iohannis-ca-psd-si-alde-sunt-pe-cale-sa-distruga-romania-1016128<\/p>\n","protected":false},"excerpt":{"rendered":"<p>Jurnalistul Cristian Tudor Popescu a criticat la Digi24 declara\u0163iile contradictorii ale pre\u015fedintelui Klaus Iohannis referitoare la pacea social\u0103 din Rom\u00e2nia. Pre\u015fedintele Klaus Iohannis a declarat, joi, referindu-se la OUG pe justi\u0163ie, c\u0103 se vede c\u0103 aceast\u0103 coali\u0163ie PSD-ALDE nu dore\u015fte s\u0103 legifereze nici transparent, nici s\u0103 se consulte cu partenerii, apreciind c\u0103 &#8220;nu este calea [&hellip;]<\/p>\n","protected":false},"author":1,"featured_media":103632,"comment_status":"open","ping_status":"","sticky":false,"template":"","format":"standard","meta":{"footnotes":""},"categories":[2],"tags":[11],"class_list":["post-103631","post","type-post","status-publish","format-standard","has-post-thumbnail","hentry","category-politics","tag-digi24"],"_links":{"self":[{"href":"https:\/\/analyse.optim.biz\/index.php?rest_route=\/wp\/v2\/posts\/103631","targetHints":{"allow":["GET"]}}],"collection":[{"href":"https:\/\/analyse.optim.biz\/index.php?rest_route=\/wp\/v2\/posts"}],"about":[{"href":"https:\/\/analyse.optim.biz\/index.php?rest_route=\/wp\/v2\/types\/post"}],"author":[{"embeddable":true,"href":"https:\/\/analyse.optim.biz\/index.php?rest_route=\/wp\/v2\/users\/1"}],"replies":[{"embeddable":true,"href":"https:\/\/analyse.optim.biz\/index.php?rest_route=%2Fwp%2Fv2%2Fcomments&post=103631"}],"version-history":[{"count":0,"href":"https:\/\/analyse.optim.biz\/index.php?rest_route=\/wp\/v2\/posts\/103631\/revisions"}],"wp:featuredmedia":[{"embeddable":true,"href":"https:\/\/analyse.optim.biz\/index.php?rest_route=\/wp\/v2\/media\/103632"}],"wp:attachment":[{"href":"https:\/\/analyse.optim.biz\/index.php?rest_route=%2Fwp%2Fv2%2Fmedia&parent=103631"}],"wp:term":[{"taxonomy":"category","embeddable":true,"href":"https:\/\/analyse.optim.biz\/index.php?rest_route=%2Fwp%2Fv2%2Fcategories&post=103631"},{"taxonomy":"post_tag","embeddable":true,"href":"https:\/\/analyse.optim.biz\/index.php?rest_route=%2Fwp%2Fv2%2Ftags&post=103631"}],"curies":[{"name":"wp","href":"https:\/\/api.w.org\/{rel}","templated":true}]}}