{"id":103622,"date":"2018-10-19T13:07:11","date_gmt":"2018-10-19T10:07:11","guid":{"rendered":"https:\/\/analyse.optim.biz\/?p=103622"},"modified":"2018-10-19T13:07:11","modified_gmt":"2018-10-19T10:07:11","slug":"ce-salariu-are-sorin-grindeanu-abia-am-reusit-sa-o-conving-pe-sotie-ca-nu-castig-10-000-de-euro","status":"publish","type":"post","link":"https:\/\/analyse.optim.biz\/?p=103622","title":{"rendered":"Ce salariu are Sorin Grindeanu: Abia am reu\u015fit s\u0103 o conving pe so\u0163ie c\u0103 nu c\u00e2\u0219tig 10.000 de euro"},"content":{"rendered":"<div class=\"entry data-app-meta data-app-meta-article\" data-embed-base-url-canonical=\"https:\/\/www.digi24.ro\/embed\/stiri\/actualitate\/politica\/ce-salariu-are-sorin-grindeanu-abia-am-reusit-sa-o-conving-pe-sotie-ca-nu-castig-10-000-de-euro-1016447\">\n<p data-index=\"1\"><strong>Pre\u015fedintele Autorit\u0103\u0163ii Na\u0163ionale pentru Administrare \u015fi Reglementare \u00een Comunica\u0163ii (ANCOM), Sorin Grindeanu, a declarat, la Timi\u015foara, c\u0103 salariul s\u0103u lunar este de 8.000 de lei \u015fi nu 10.000 de euro, a\u015fa cum s-a scris \u00een presa na\u0163ional\u0103. De asemenea, el a declarat c\u0103 i-a fost greu s\u0103 o conving\u0103 pe so\u0163ia sa pe aceast\u0103 tem\u0103.<\/strong><\/p>\n<figure class=\"article-thumb\"><img decoding=\"async\" src=\"https:\/\/analyse.optim.biz\/wp-content\/uploads\/2024\/09\/ywnim2rmmgvlm2i3mje1mwu3ymjiotc3zmm3mtk4-thumb_.jpg\" alt=\"20131108_GRINDEANU_01_INQUAM_Photos_Octav_Ganea\" data-skip-htmlfix=\"1\" title=\"ywnim2rmmgvlm2i3mje1mwu3ymjiotc3zmm3mtk4-thumb_\"><figcaption> Sorin Grindeanu face preciz\u0103ri \u00een leg\u0103tur\u0103 cu salariul s\u0103u \/ Foto: Inquam Photos \/ Octav Ganea <\/figcaption><\/figure>\n<p data-index=\"2\">Sorin Grindeanu a declarat, vineri, \u00eentr-o conferin\u0163\u0103 de pres\u0103, c\u0103 salariul s\u0103u lunar este de 8.000 de lei \u015fi c\u0103 \u00eei pare r\u0103u c\u0103 nu a venit cu \u201dflutura\u015ful\u201d pentru a demonstra acest lucru.<\/p>\n<p data-index=\"3\">\u201dO chestiune personal\u0103 sau dou\u0103 pe care vreau s\u0103 le spun. Poate la voi am mai mult succes dec\u00e2t am la colegii vo\u015ftri din Bucure\u015fti. V\u0103 rog s\u0103 m\u0103 ajuta\u0163i s\u0103 nu mai am probleme acas\u0103. Fac un apel la voi \u015fi v\u0103 spun c\u0103 de-abia am reu\u015fit s\u0103 o conving pe so\u0163ie. S\u0103 \u015fti\u0163i c\u0103 nu am 10.000 de euro salariu, salariul meu este de 8.000 de lei. A\u015fa c\u0103 toat\u0103 istoria asta, acum dac\u0103 \u00eentrebi pe oricine \u015fi s-ar face un sondaj, cred c\u0103 nou\u0103 din zece ar spune c\u0103 Grindeanu are 10.000 de euro pe lun\u0103. Am f\u0103cut apelul \u0103sta c\u0103 sunte\u0163i mult mai apropia\u0163i de mine \u015fi s\u0103 m\u0103 ajuta\u0163i ca lun\u0103 de lun\u0103, so\u0163ia mea care este o cititoare de pres\u0103 s\u0103 nu mai mearg\u0103 pe anumite c\u0103i gre\u015fite, \u00eemi pare r\u0103u c\u0103 nu am venit cu flutura\u015ful. Mi-a\u015f dori s\u0103 ne \u00een\u0163elegem, s\u0103 am un astfel de salariu, dar nu e cazul\u201d, a spus\u00a0 Grindeanu.<\/p>\n<p data-index=\"4\">Sorin Grindeanu a participat, vineri, la o conferin\u0163\u0103 de pres\u0103, la Timi\u015foara, pentru a prezenta o campanie derulat\u0103 de ANCOM, de monitorizare a frecven\u0163elor radio afectate de emisiile echipamentelor radio neconforme, de identificare a acestora \u015fi de informare cu privire la ilegalitatea folosirii acestor echipamente.<\/p>\n<p data-index=\"5\">\u00cen cadrul acestei campanii, la nivelul jude\u0163ului Timi\u015f au fost identificate \u015fi scoase din uz aproximativ 40 de telefoane fixe wireless (DECT 6.0) care nu aveau marcaj CE.<\/p>\n<p data-index=\"6\">Sorin Grindeanu este pre\u015fedintele ANCOM din luna noiembrie 2017.<\/p>\n<p data-index=\"7\"><span lang=\"ro-RO\">Sursa: news.ro<\/span><\/p>\n<\/div>\n<p> Source URL: https:\/\/www.digi24.ro\/stiri\/actualitate\/politica\/ce-salariu-are-sorin-grindeanu-abia-am-reusit-sa-o-conving-pe-sotie-ca-nu-castig-10-000-de-euro-1016447<\/p>\n","protected":false},"excerpt":{"rendered":"<p>Pre\u015fedintele Autorit\u0103\u0163ii Na\u0163ionale pentru Administrare \u015fi Reglementare \u00een Comunica\u0163ii (ANCOM), Sorin Grindeanu, a declarat, la Timi\u015foara, c\u0103 salariul s\u0103u lunar este de 8.000 de lei \u015fi nu 10.000 de euro, a\u015fa cum s-a scris \u00een presa na\u0163ional\u0103. De asemenea, el a declarat c\u0103 i-a fost greu s\u0103 o conving\u0103 pe so\u0163ia sa pe aceast\u0103 tem\u0103. [&hellip;]<\/p>\n","protected":false},"author":1,"featured_media":103623,"comment_status":"open","ping_status":"","sticky":false,"template":"","format":"standard","meta":{"footnotes":""},"categories":[2],"tags":[11],"class_list":["post-103622","post","type-post","status-publish","format-standard","has-post-thumbnail","hentry","category-politics","tag-digi24"],"_links":{"self":[{"href":"https:\/\/analyse.optim.biz\/index.php?rest_route=\/wp\/v2\/posts\/103622","targetHints":{"allow":["GET"]}}],"collection":[{"href":"https:\/\/analyse.optim.biz\/index.php?rest_route=\/wp\/v2\/posts"}],"about":[{"href":"https:\/\/analyse.optim.biz\/index.php?rest_route=\/wp\/v2\/types\/post"}],"author":[{"embeddable":true,"href":"https:\/\/analyse.optim.biz\/index.php?rest_route=\/wp\/v2\/users\/1"}],"replies":[{"embeddable":true,"href":"https:\/\/analyse.optim.biz\/index.php?rest_route=%2Fwp%2Fv2%2Fcomments&post=103622"}],"version-history":[{"count":0,"href":"https:\/\/analyse.optim.biz\/index.php?rest_route=\/wp\/v2\/posts\/103622\/revisions"}],"wp:featuredmedia":[{"embeddable":true,"href":"https:\/\/analyse.optim.biz\/index.php?rest_route=\/wp\/v2\/media\/103623"}],"wp:attachment":[{"href":"https:\/\/analyse.optim.biz\/index.php?rest_route=%2Fwp%2Fv2%2Fmedia&parent=103622"}],"wp:term":[{"taxonomy":"category","embeddable":true,"href":"https:\/\/analyse.optim.biz\/index.php?rest_route=%2Fwp%2Fv2%2Fcategories&post=103622"},{"taxonomy":"post_tag","embeddable":true,"href":"https:\/\/analyse.optim.biz\/index.php?rest_route=%2Fwp%2Fv2%2Ftags&post=103622"}],"curies":[{"name":"wp","href":"https:\/\/api.w.org\/{rel}","templated":true}]}}