{"id":103616,"date":"2018-10-19T14:14:59","date_gmt":"2018-10-19T11:14:59","guid":{"rendered":"https:\/\/analyse.optim.biz\/?p=103616"},"modified":"2018-10-19T14:14:59","modified_gmt":"2018-10-19T11:14:59","slug":"amendament-depus-de-siegfried-muresan-pentru-alocarea-a-2-miliarde-de-euro-pentru-consolidarea-statului-de-drept-in-ue","status":"publish","type":"post","link":"https:\/\/analyse.optim.biz\/?p=103616","title":{"rendered":"Amendament depus de Siegfried Mure\u015fan pentru alocarea a 2 miliarde de euro pentru consolidarea statului de drept \u00een UE"},"content":{"rendered":"<div class=\"entry data-app-meta data-app-meta-article\" data-embed-base-url-canonical=\"https:\/\/www.digi24.ro\/embed\/stiri\/actualitate\/politica\/amendament-depus-de-siegfried-muresan-pentru-alocarea-a-2-miliarde-de-euro-pentru-consolidarea-statului-de-drept-in-ue-1016527\">\n<p data-index=\"1\"><strong>Deputatul european Siegfried Mure\u0219an (PPE \/ PNL) a depus s\u0103pt\u0103m\u00e2na aceasta un amendament la Raportul interimar al Parlamentului European privind Bugetul multianual al Uniunii Europene post-2020 \u00een care solicit\u0103 2 miliarde de euro pentru proiecte \u0219i ac\u021biuni privind consolidarea \u0219i ap\u0103rarea statului de drept \u00een Uniunea European\u0103 (UE), se arat\u0103 \u00eentr-un comunicat de pres\u0103.<\/strong><\/p>\n<p data-index=\"2\"><img loading=\"lazy\" decoding=\"async\" class=\"alignnone size-full wp-image-687970\" src=\"https:\/\/analyse.optim.biz\/wp-content\/uploads\/2024\/09\/dz04mdamagfzad0zymm3ogfiyzc1ywrmytgwzmq5nzi0nzbizdy2mwu2nq-thumb_-1.jpg\" width=\"1353\" height=\"855\" data-skip-htmlfix=\"1\" title=\"dz04mdamagfzad0zymm3ogfiyzc1ywrmytgwzmq5nzi0nzbizdy2mwu2nq-thumb_-1\"><\/p>\n<p data-index=\"3\">Amendamentul eurodeputatului Siegfried Mure\u0219an se refer\u0103 la bugetul alocat Programului pentru Drepturi \u0219i Valori al Uniunii Europene. Acest program a fost propus de Comisia European\u0103 \u00een proiectul privind Cadrul Financiar Multianual al UE 2021 &#8211; 2027 cu scopul de a\u00a0\u00a0finan\u021ba proiecte de promovare a drepturilor \u0219i valorilor Uniunii Europene \u00een statele membre. Programul va putea finan\u021ba, printre altele, campanii de informare \u0219i comunicare, activit\u0103\u021bi de formare, schimb de bune practici \u0219i monitorizare analitic\u0103. Sunt eligibile toate entit\u0103\u021bile juridice din statele membre, adic\u0103 at\u00e2t institu\u021biile guvernamentale, c\u00e2t \u0219i organiza\u021biile non-guvernamentale, institu\u021biile mass-media etc, se arat\u0103 \u00een comunicatul remis de europarlamentar.<\/p>\n<p data-index=\"4\">Potrivit acestuia, Comisia European\u0103 a propus, ini\u021bial, trei componente ale programului: egalitate \u0219i drepturi, participarea cet\u0103\u021benilor la via\u021ba democratic\u0103 a Uniunii \u0219i combaterea violen\u021bei. Pentru aceste componente, Comisia a alocat \u00een proiect o finan\u021bare de aproximativ 565 de milioane de euro pentru to\u021bi cei 7 ani ai exerci\u021biului financiar. Ulterior, Parlamentul European a propus o a patra component\u0103: promovarea democra\u021biei \u0219i a statului de drept. Av\u00e2nd \u00een vedere importan\u021ba acestei a patra componente, Siegfried Mure\u0219an a solicitat o finan\u021bare adecvat\u0103 \u0219i cre\u0219terea bugetului total al programului de la 565 de milioane de euro, la 2 miliarde de euro.<\/p>\n<p data-index=\"5\">\u201eVedem cum at\u00e2t \u00een Rom\u00e2nia, c\u00e2t \u0219i \u00een alte state membre ale Uniunii Europene, valorile fundamentale ale Uniunii Europene, precum democra\u021bia, statul de drept \u0219i independen\u021ba justi\u021biei, sunt atacate constant. Asist\u0103m la campanii de dezinformare, \u0219tiri false \u0219i chiar declara\u021bii antieuropene ale politicienilor populi\u0219ti. De multe ori, aceste atacuri vin din afara Uniunii Europene, de la adversarii democra\u021biei europene. De aceea, prin acest program, vrem s\u0103 ap\u0103r\u0103m valorile Uniunii \u0219i s\u0103 dot\u0103m cet\u0103\u021benii \u0219i societatea civil\u0103 cu instrumentele necesare de a se ap\u0103ra de aceste atacuri. Am cerut cre\u0219terea bugetului pentru acest program al Uniunii Europene, de la 565 de milioane de euro, la 2 miliarde de euro, tocmai pentru a ne asigura c\u0103, \u00een cei 7 ani ai exerci\u021biului bugetar, vor exista suficiente fonduri pentru a derula programe \u00een cele 27 de state membre ale Uniunii Europene\u201d, a declarat deputatul european Siegfried Mure\u0219an.<\/p>\n<p data-index=\"6\">Amendamentul deputatului european Siegfried Mure\u0219an urmeaz\u0103 a fi votat \u00een Comisia pentru bugete \u0219i, ulterior, \u00een plenul Parlamentului European. Dac\u0103\u00a0\u00a0va trece de votul din Parlament, propunerea lui Siegfried Mure\u0219an se va reg\u0103si \u00een mandatul Parlamentului European privind negocierile finale cu Consiliul UE asupra Cadrului Financiar Multianual al Uniunii Europene 2021 &#8211; 2027.<\/p>\n<p class=\"gdpr-placeholder gdpr-social-media gdpr-iframe-fix\" data-index=\"8\"> Setarile tale privind cookie-urile nu permit afisarea continutul din aceasta sectiune. Poti actualiza setarile modulelor coookie direct din browser sau de <a class=\"ot-sdk-show-settings\" data-skip-linkfix=\"1\">aici<\/a> \u2013 e nevoie sa accepti cookie-urile social media<\/p>\n<\/div>\n<p> Source URL: https:\/\/www.digi24.ro\/stiri\/actualitate\/politica\/amendament-depus-de-siegfried-muresan-pentru-alocarea-a-2-miliarde-de-euro-pentru-consolidarea-statului-de-drept-in-ue-1016527<\/p>\n","protected":false},"excerpt":{"rendered":"<p>Deputatul european Siegfried Mure\u0219an (PPE \/ PNL) a depus s\u0103pt\u0103m\u00e2na aceasta un amendament la Raportul interimar al Parlamentului European privind Bugetul multianual al Uniunii Europene post-2020 \u00een care solicit\u0103 2 miliarde de euro pentru proiecte \u0219i ac\u021biuni privind consolidarea \u0219i ap\u0103rarea statului de drept \u00een Uniunea European\u0103 (UE), se arat\u0103 \u00eentr-un comunicat de pres\u0103. Amendamentul [&hellip;]<\/p>\n","protected":false},"author":1,"featured_media":103617,"comment_status":"open","ping_status":"","sticky":false,"template":"","format":"standard","meta":{"footnotes":""},"categories":[2],"tags":[11],"class_list":["post-103616","post","type-post","status-publish","format-standard","has-post-thumbnail","hentry","category-politics","tag-digi24"],"_links":{"self":[{"href":"https:\/\/analyse.optim.biz\/index.php?rest_route=\/wp\/v2\/posts\/103616","targetHints":{"allow":["GET"]}}],"collection":[{"href":"https:\/\/analyse.optim.biz\/index.php?rest_route=\/wp\/v2\/posts"}],"about":[{"href":"https:\/\/analyse.optim.biz\/index.php?rest_route=\/wp\/v2\/types\/post"}],"author":[{"embeddable":true,"href":"https:\/\/analyse.optim.biz\/index.php?rest_route=\/wp\/v2\/users\/1"}],"replies":[{"embeddable":true,"href":"https:\/\/analyse.optim.biz\/index.php?rest_route=%2Fwp%2Fv2%2Fcomments&post=103616"}],"version-history":[{"count":0,"href":"https:\/\/analyse.optim.biz\/index.php?rest_route=\/wp\/v2\/posts\/103616\/revisions"}],"wp:featuredmedia":[{"embeddable":true,"href":"https:\/\/analyse.optim.biz\/index.php?rest_route=\/wp\/v2\/media\/103617"}],"wp:attachment":[{"href":"https:\/\/analyse.optim.biz\/index.php?rest_route=%2Fwp%2Fv2%2Fmedia&parent=103616"}],"wp:term":[{"taxonomy":"category","embeddable":true,"href":"https:\/\/analyse.optim.biz\/index.php?rest_route=%2Fwp%2Fv2%2Fcategories&post=103616"},{"taxonomy":"post_tag","embeddable":true,"href":"https:\/\/analyse.optim.biz\/index.php?rest_route=%2Fwp%2Fv2%2Ftags&post=103616"}],"curies":[{"name":"wp","href":"https:\/\/api.w.org\/{rel}","templated":true}]}}