{"id":103613,"date":"2018-10-19T14:34:03","date_gmt":"2018-10-19T11:34:03","guid":{"rendered":"https:\/\/analyse.optim.biz\/?p=103613"},"modified":"2018-10-19T14:34:03","modified_gmt":"2018-10-19T11:34:03","slug":"banca-mondiala-reganditi-tot-sistemul-de-taxare-a-pietei-muncii-inclusiv-cota-unica","status":"publish","type":"post","link":"https:\/\/analyse.optim.biz\/?p=103613","title":{"rendered":"Banca Mondial\u0103: Reg\u00e2ndi\u0163i tot sistemul de taxare a pie\u0163ei muncii, inclusiv cota unic\u0103"},"content":{"rendered":"<div class=\"entry data-app-meta data-app-meta-article\" data-embed-base-url-canonical=\"https:\/\/www.digi24.ro\/embed\/stiri\/economie\/banca-mondiala-reganditi-tot-sistemul-de-taxare-a-pietei-muncii-inclusiv-cota-unica-1016550\">\n<p data-index=\"1\"><strong>Guvernul ar trebui s\u0103 reg\u00e2ndeasc\u0103 \u00eentregul sistem de protec\u0163ie social\u0103 din Rom\u00e2nia, \u00eentruc\u00e2t tinerii nu g\u0103sesc nicio form\u0103 de protec\u0163ie \u00een mecanismul actual, iar autorit\u0103\u0163ile s\u0103 ia \u00een calcul inclusiv renun\u0163area la cota unic\u0103 \u00een favoarea unui impozit progresiv, a declarat, vineri, Hans Timmer, economist-\u015fef al B\u0103ncii Mondiale pentru Europa \u015fi Asia Central\u0103, \u00eentr-o conferin\u0163\u0103 de pres\u0103 sus\u0163inut\u0103 la Bucure\u015fti.<\/strong><\/p>\n<figure class=\"article-thumb\"><img decoding=\"async\" src=\"https:\/\/analyse.optim.biz\/wp-content\/uploads\/2024\/09\/mszoyxnoptc2mjqwnzrkotzhnwy0yjg4zwrlnzvlnzg0ndbkmmu0-thumb_.jpg\" alt=\"Every Day Life In Romania\" data-skip-htmlfix=\"1\" title=\"mszoyxnoptc2mjqwnzrkotzhnwy0yjg4zwrlnzvlnzg0ndbkmmu0-thumb_\"><figcaption> Surs\u0103 foto: Sean Gallup\/Getty Images <\/figcaption><\/figure>\n<p data-index=\"2\">\u201e<strong>Motivul pentru care politicienii pierd voturi din zona popula\u0163iei tinere este faptul c\u0103 sistemele de protec\u0163ie social\u0103 nu mai sunt valabile, astfel c\u0103 \u0163\u0103rile trebuie s\u0103-\u015fi reg\u00e2ndeasc\u0103 sistemele sociale \u015fi reglement\u0103rile de pe pia\u0163a muncii, a\u015fa \u00eenc\u00e2t s\u0103 nu mai fie avantaja\u0163i doar cei cu joburi permanente<\/strong>\u201d, a spus reprezentantul B\u0103ncii Mondiale.<\/p>\n<p> Timmer a ar\u0103tat c\u0103 pia\u0163a muncii a evoluat, odat\u0103 cu tehnologia, iar tinerii nu mai au, ca pe vremuri, joburi clasice, permanente, de unde s\u0103 ias\u0103 la pensie.<\/p>\n<p> \u201eNu venim cu recomand\u0103ri specifice, dar guvernele \u015fi societ\u0103\u0163ile vor trebui s\u0103 reg\u00e2ndeasc\u0103 reglement\u0103rile existente pe pia\u0163a muncii, s\u0103 le fac\u0103 mai flexibile, ca s\u0103 preg\u0103tim toat\u0103 societatea pentru ce va urma. Nu po\u0163i s\u0103 r\u0103m\u00e2i cu reglement\u0103rile din economia veche, de p\u00e2n\u0103 acum\u201d, a subliniat el.<\/p>\n<p> Reprezentantul B\u0103ncii Mondiale s-a referit \u015fi la cota unic\u0103, adoptat\u0103 de mai toate statele est-europene, preciz\u00e2nd c\u0103 trebuie analizat inclusiv dac\u0103 acest sistem mai este de actualitate.<\/p>\n<p> \u201e<strong>Sfatul nostru ar fi s\u0103 reg\u00e2ndi\u0163i tot sistemul de taxare a pie\u0163ei muncii, \u00een coordonare cu alte state din regiune, nu doar s\u0103 face\u0163i mici schimb\u0103ri. Nu v\u0103 putem spune noi care este solu\u0163ia, dar trebuie s\u0103 analiza\u0163i totul, inclusiv cota unic\u0103 \u015fi dac\u0103 ar fi bine s\u0103 implementa\u0163i un sistem de taxare progresiv\u0103, adic\u0103 cei care un venit mai mare s\u0103 pl\u0103teasc\u0103 mai mult<\/strong>\u201d, a sus\u0163inut Timmer.<\/p>\n<p> Potrivit acestuia, \u00een Europa, oamenii vor egalitate \u015fi securitate, nu doar cei care au locuri de munc\u0103 permanente, iar m\u0103surile nu ar trebui s\u0103 \u0163in\u0103 cont de tipul jobului. Exist\u0103 experimente care se fac, nu este clar care sunt solu\u0163iile, dar trebuie g\u00e2ndit un sistem neutru, care s\u0103 ajute pe toat\u0103 lumea.<\/p>\n<p> \u201eOamenii \u00een v\u00e2rst\u0103 voteaz\u0103, cei tineri nu voteaz\u0103 sau pleac\u0103 din \u0163ar\u0103. Preferin\u0163ele celor mai \u00een v\u00e2rst\u0103 nu sunt acelea\u015fi. De exemplu, le pas\u0103 mai pu\u0163in de mediu \u015fi de ce ceea ce conteaz\u0103 pentru tineri. Politicienii trebuie s\u0103 \u00eenceap\u0103 s\u0103 g\u00e2ndeasc\u0103 mai departe dec\u00e2t beneficiile pentru cei \u00een v\u00e2rst\u0103, pentru c\u0103 vrem ca tinerii s\u0103 r\u0103m\u00e2n\u0103 \u00een \u0163ar\u0103. \u015ei cei b\u0103tr\u00e2ni au nevoie de tineri s\u0103 aib\u0103 grij\u0103 de ei. Trebuie s\u0103 preg\u0103tim societatea pentru noua tehnologie, e important, e mai important dec\u00e2t s\u0103 satisfaci oamenii care \u00eenc\u0103 tr\u0103iesc \u00een vechea economie. Sistemul actual de pensii \u015fi asigur\u0103ri nu mai lucreaz\u0103 pentru noua economie, iar tinerii se \u00eentreab\u0103 de ce s\u0103 participe la acest sistem\u201d, a mai ar\u0103tat economistul-\u015fef al B\u0103ncii Mondiale.<\/p>\n<\/div>\n<p> Source URL: https:\/\/www.digi24.ro\/stiri\/economie\/banca-mondiala-reganditi-tot-sistemul-de-taxare-a-pietei-muncii-inclusiv-cota-unica-1016550<\/p>\n","protected":false},"excerpt":{"rendered":"<p>Guvernul ar trebui s\u0103 reg\u00e2ndeasc\u0103 \u00eentregul sistem de protec\u0163ie social\u0103 din Rom\u00e2nia, \u00eentruc\u00e2t tinerii nu g\u0103sesc nicio form\u0103 de protec\u0163ie \u00een mecanismul actual, iar autorit\u0103\u0163ile s\u0103 ia \u00een calcul inclusiv renun\u0163area la cota unic\u0103 \u00een favoarea unui impozit progresiv, a declarat, vineri, Hans Timmer, economist-\u015fef al B\u0103ncii Mondiale pentru Europa \u015fi Asia Central\u0103, \u00eentr-o conferin\u0163\u0103 [&hellip;]<\/p>\n","protected":false},"author":1,"featured_media":103614,"comment_status":"open","ping_status":"","sticky":false,"template":"","format":"standard","meta":{"footnotes":""},"categories":[2],"tags":[11],"class_list":["post-103613","post","type-post","status-publish","format-standard","has-post-thumbnail","hentry","category-politics","tag-digi24"],"_links":{"self":[{"href":"https:\/\/analyse.optim.biz\/index.php?rest_route=\/wp\/v2\/posts\/103613","targetHints":{"allow":["GET"]}}],"collection":[{"href":"https:\/\/analyse.optim.biz\/index.php?rest_route=\/wp\/v2\/posts"}],"about":[{"href":"https:\/\/analyse.optim.biz\/index.php?rest_route=\/wp\/v2\/types\/post"}],"author":[{"embeddable":true,"href":"https:\/\/analyse.optim.biz\/index.php?rest_route=\/wp\/v2\/users\/1"}],"replies":[{"embeddable":true,"href":"https:\/\/analyse.optim.biz\/index.php?rest_route=%2Fwp%2Fv2%2Fcomments&post=103613"}],"version-history":[{"count":0,"href":"https:\/\/analyse.optim.biz\/index.php?rest_route=\/wp\/v2\/posts\/103613\/revisions"}],"wp:featuredmedia":[{"embeddable":true,"href":"https:\/\/analyse.optim.biz\/index.php?rest_route=\/wp\/v2\/media\/103614"}],"wp:attachment":[{"href":"https:\/\/analyse.optim.biz\/index.php?rest_route=%2Fwp%2Fv2%2Fmedia&parent=103613"}],"wp:term":[{"taxonomy":"category","embeddable":true,"href":"https:\/\/analyse.optim.biz\/index.php?rest_route=%2Fwp%2Fv2%2Fcategories&post=103613"},{"taxonomy":"post_tag","embeddable":true,"href":"https:\/\/analyse.optim.biz\/index.php?rest_route=%2Fwp%2Fv2%2Ftags&post=103613"}],"curies":[{"name":"wp","href":"https:\/\/api.w.org\/{rel}","templated":true}]}}