{"id":1022339,"date":"2025-12-10T00:00:00","date_gmt":"2025-12-09T21:00:00","guid":{"rendered":"https:\/\/analyse.optim.biz\/?p=1022339"},"modified":"2025-12-10T00:00:00","modified_gmt":"2025-12-09T21:00:00","slug":"miguel-tellado-pp-da-la-puntilla-definitiva-a-felix-bolanos-tras-conocerse-la-sentencia-a-su-delincuente-fiscal-general-del-estado-periodista-digital","status":"publish","type":"post","link":"https:\/\/analyse.optim.biz\/?p=1022339","title":{"rendered":"Miguel Tellado (PP) da la puntilla definitiva a F\u00e9lix Bola\u00f1os tras conocerse la sentencia a su &#8220;delincuente&#8221; fiscal general del Estado &#8211; Periodista Digital"},"content":{"rendered":"<div class=\"m4p-post-content\">\n<div class=\"block-vertical-align-right\">\n<div class=\"m4p-relations-group\">\n<div class=\"m4p-group-vertical-title\">\n<h2>M\u00e1s informaci\u00f3n<\/h2>\n<\/div>\n<div class=\"m4p-summary-news\">\n<figure class=\"m4p-image m4p-crop-medium-1\"><a href=\"https:\/\/www.periodistadigital.com\/periodismo\/20251209\/mazazo-garcia-ortiz-tribunal-supremo-sentencia-responder-noticia-con-la-comision-de-un-delito-noticia-689405161389\/\"><img loading=\"lazy\" decoding=\"async\" src=\"https:\/\/analyse.optim.biz\/wp-content\/uploads\/2025\/12\/ana-ferrer-y-susana-polo-en-favor-de-garcia-ortiz-320x214-2.jpg\" width=\"320\" height=\"214\" alt=\"Mazazo a Garc\u00eda Ortiz: El Tribunal Supremo sentencia que \u201cno se puede responder a una noticia con la comisi\u00f3n de un delito\u201d\" title=\"ana-ferrer-y-susana-polo-en-favor-de-garcia-ortiz-320x214-2\"><\/a><\/figure>\n<div class=\"m4p-summary-news-title\">\n<h3><a href=\"https:\/\/www.periodistadigital.com\/periodismo\/20251209\/mazazo-garcia-ortiz-tribunal-supremo-sentencia-responder-noticia-con-la-comision-de-un-delito-noticia-689405161389\/\">Mazazo a Garc\u00eda Ortiz: El Tribunal Supremo sentencia que \u201cno se puede responder a una noticia con la comisi\u00f3n de un delito\u201d<\/a><\/h3>\n<\/div>\n<\/div>\n<\/div>\n<\/div>\n<p>Inconmensurable.<\/p>\n<p><strong>Miguel Tellado<\/strong> dej\u00f3 sin posibilidad de r\u00e9plica al titular de <strong>Justicia<\/strong> tras hacerse p\u00fablica la sentencia al ya exfiscal general del <strong>Estado<\/strong>.<\/p>\n<p>Y es que <a href=\"https:\/\/www.periodistadigital.com\/politica\/opinion\/columnistas\/20251207\/triunfo-miedo-capacidad-narcotizante-hipnosis-colectiva-psoe-progresistas-noticia-689405160984\/\"><strong>\u00c1lvaro Garc\u00eda Ortiz<\/strong> cont\u00f3 con el respaldo sin fisuras del <strong>Gobierno S\u00e1nchez<\/strong><\/a>, empezando por el propio ministro del ramo, el socialista <strong>F\u00e9lix Bola\u00f1os<\/strong>.<\/p>\n<p>De ah\u00ed que el parlamentario del <strong>Partido Popular<\/strong> sacudi\u00f3 a su oponente hasta en el mism\u00edsimo velo del paladar:<\/p>\n<blockquote>\n<p>Se\u00f1or Bola\u00f1os, ya lo vaticin\u00f3 usted. El tiempo pondr\u00e1 las cosas en su sitio. Y ah\u00ed lo tiene, 200 p\u00e1ginas de una sentencia del Tribunal Supremo que es demoledora. Contra su fiscal general del Estado. Condenado, inhabilitado, fulminado. Ese es su sitio, el de los delincuentes. Y ah\u00ed le ha puesto el tiempo, como usted acertadamente predijo. Le ha puesto el tiempo y el <strong>Tribunal Supremo<\/strong>.<\/p>\n<\/blockquote>\n<p>Miguel Tellado enumer\u00f3 el principal m\u00e9rito que adorna a \u00c1lvaro Garc\u00eda Ortiz y, por ende, al Ejecutivo de Pedro S\u00e1nchez por hacer todos los esfuerzos del mundo para mostrar ante todos los espa\u00f1oles su encendida defensa del fiscal general:<\/p>\n<blockquote>\n<p>\u00c1lvaro Garc\u00eda Ortiz es el primer fiscal general del Estado de la historia condenado. Siguen ustedes batiendo todos los r\u00e9cords, engordando su museo de los horrores.<\/p>\n<\/blockquote>\n<p><img loading=\"lazy\" decoding=\"async\" class=\"alignnone size-large wp-image-689405161757\" src=\"https:\/\/analyse.optim.biz\/wp-content\/uploads\/2025\/12\/bolanostelladoplenocongreso-550x275-1.jpg\" width=\"550\" height=\"275\" title=\"bolanostelladoplenocongreso-550x275-1\"><\/p>\n<p>Igualmente, el diputado del Partido Popular invit\u00f3 al ministro de Justicia a tomar el mismo camino que Garc\u00eda Ortiz y, en este caso, a abandonar el Ministerio de Justicia despu\u00e9s de haber recibido tremendo rev\u00e9s del Tribunal Supremo:<\/p>\n<blockquote>\n<p>De la mano de Garc\u00eda Ortiz deber\u00eda irse usted tambi\u00e9n, que lo ha defendido hasta el final. Haciendo un rid\u00edculo hist\u00f3rico. Ayer ve\u00edamos al presidente del Gobierno, un acto del Partido Socialista, criticando y atacando al Tribunal Supremo. Y defendiendo al condenado. \u00a1Qu\u00e9 verg\u00fcenza!<\/p>\n<\/blockquote>\n<\/div>\n<p> Source URL: https:\/\/www.periodistadigital.com\/politica\/parlamento\/20251210\/miguel-tellado-pp-da-puntilla-definitiva-felix-bolanos-conocerse-sentencia-delincuente-fiscal-general-video-689405161732\/<\/p>\n","protected":false},"excerpt":{"rendered":"<p>M\u00e1s informaci\u00f3n Mazazo a Garc\u00eda Ortiz: El Tribunal Supremo sentencia que \u201cno se puede responder a una noticia con la comisi\u00f3n de un delito\u201d Inconmensurable. Miguel Tellado dej\u00f3 sin posibilidad de r\u00e9plica al titular de Justicia tras hacerse p\u00fablica la sentencia al ya exfiscal general del Estado. Y es que \u00c1lvaro Garc\u00eda Ortiz cont\u00f3 con [&hellip;]<\/p>\n","protected":false},"author":1,"featured_media":1022340,"comment_status":"open","ping_status":"","sticky":false,"template":"","format":"standard","meta":{"footnotes":""},"categories":[88],"tags":[112],"class_list":["post-1022339","post","type-post","status-publish","format-standard","has-post-thumbnail","hentry","category-spain","tag-periodistadigital-com"],"_links":{"self":[{"href":"https:\/\/analyse.optim.biz\/index.php?rest_route=\/wp\/v2\/posts\/1022339","targetHints":{"allow":["GET"]}}],"collection":[{"href":"https:\/\/analyse.optim.biz\/index.php?rest_route=\/wp\/v2\/posts"}],"about":[{"href":"https:\/\/analyse.optim.biz\/index.php?rest_route=\/wp\/v2\/types\/post"}],"author":[{"embeddable":true,"href":"https:\/\/analyse.optim.biz\/index.php?rest_route=\/wp\/v2\/users\/1"}],"replies":[{"embeddable":true,"href":"https:\/\/analyse.optim.biz\/index.php?rest_route=%2Fwp%2Fv2%2Fcomments&post=1022339"}],"version-history":[{"count":0,"href":"https:\/\/analyse.optim.biz\/index.php?rest_route=\/wp\/v2\/posts\/1022339\/revisions"}],"wp:featuredmedia":[{"embeddable":true,"href":"https:\/\/analyse.optim.biz\/index.php?rest_route=\/wp\/v2\/media\/1022340"}],"wp:attachment":[{"href":"https:\/\/analyse.optim.biz\/index.php?rest_route=%2Fwp%2Fv2%2Fmedia&parent=1022339"}],"wp:term":[{"taxonomy":"category","embeddable":true,"href":"https:\/\/analyse.optim.biz\/index.php?rest_route=%2Fwp%2Fv2%2Fcategories&post=1022339"},{"taxonomy":"post_tag","embeddable":true,"href":"https:\/\/analyse.optim.biz\/index.php?rest_route=%2Fwp%2Fv2%2Ftags&post=1022339"}],"curies":[{"name":"wp","href":"https:\/\/api.w.org\/{rel}","templated":true}]}}