{"id":1016729,"date":"2015-08-19T21:20:00","date_gmt":"2015-08-19T18:20:00","guid":{"rendered":"https:\/\/analyse.optim.biz\/?p=1016729"},"modified":"2015-08-19T21:20:00","modified_gmt":"2015-08-19T18:20:00","slug":"ecco-le-citta-piu-brutte-del-mondo-una-classifica-discutibile","status":"publish","type":"post","link":"https:\/\/analyse.optim.biz\/?p=1016729","title":{"rendered":"Ecco le citt\u00e0 pi\u00f9 brutte del mondo: una classifica discutibile"},"content":{"rendered":"<article class=\"free-content\" id=\"content\">\n<div class=\"row center-xs\">\n<div class=\"col-xs-10\">\n<header>\n<h1>Ecco le citt\u00e0 pi\u00f9 brutte del mondo: una classifica discutibile<\/h1>\n<\/header>\n<\/div>\n<section id=\"main-content\" class=\"col-xs-6\">\n<section data-progress>\n<figure class=\"main-photo\"><img loading=\"lazy\" decoding=\"async\" src=\"https:\/\/analyse.optim.biz\/wp-content\/uploads\/2025\/12\/1200912_50819_imagesakp3ac71-2.jpg\" width=\"485\" height=\"265\" alt=\"Pyongyang con il Ryugyong Hotel\" title=\"Pyongyang con il Ryugyong Hotel\"><\/figure>\n<div class=\"firma-container\">\n<div class=\"row middle-xs\">\n<div class=\"col-xs-8 firma\"><span>di Luisa Mosello<\/span><\/div>\n<div class=\"col-xs-4 tempo\">3 Minuti di Lettura<\/div>\n<\/div>\n<\/div>\n<div class=\"col-xs-12 data-pubblicazione-bottom\">\n            mercoled\u00ec 19 agosto 2015, 23:20                            <span class=\"last_agg\"> &#8211; Ultimo aggiornamento: 2 dicembre, 16:02<\/span><\/div>\n<div class=\"row\">\n<div id=\"share_bar_wrapper\" class=\"col-xs\">\n<div id=\"share_bar\">\n<ul class=\"share-item\">\n<li class=\"facebook\">\n<li class=\"twitter\">\n<li class=\"whatsapp\">\n<li class=\"telegram\">\n<li class=\"mail\">\n<li class=\"print\"><\/ul>\n<\/div>\n<\/div>\n<div class=\"col-xs\">\n<div class=\"body-text\">\n<div class=\"strip-box-optin nl-optinform  optin-text optin-static\" data-nl-id=\"6\" data-nl=\"Viaggi\">\n<div class=\"bg-wrap \">\n<div>\n<div class=\"nl-optin-content-wrap\">\n<div class=\"nl-optin-header\"><img decoding=\"async\" src=\"https:\/\/analyse.optim.biz\/wp-content\/uploads\/2025\/12\/mail-star-271.svg\" width=\"25\" alt=\"aggiornamenti\" title=\"mail-star-271\"><b>Viaggi<\/b> &#8211; <b class=\"testata-color\">Newsletter<\/b><\/div>\n<div class=\"nl-optin-content\"><span><i>Ogni Venerd\u00ec gli aggiornamenti su Viaggi<\/i><\/span><span><b>Iscriviti<\/b> e ricevi le notizie via email<\/span><\/div>\n<\/div>\n<\/div>\n<\/div>\n<\/div>\n<p>    .nl-optin-notext.nl-optinform .testata-bg {<br \/>\n        background: #b22222;<br \/>\n    }<br \/>\n    .nl-optin-notext.nl-optinform .bg-wrap&gt;div .nl-optin-bg {<br \/>\n        opacity: 1;<br \/>\n        background: #eee;<br \/>\n    }<\/p>\n<p>La classifica contro corrente. Dopo le citt\u00e0 pi\u00f9 vivibili e le pi\u00f9 sicure al mondo ecco le pi\u00f9 brutte del pianeta. La hit parade del peggio metropolitano arriva dal Cities Journal che ha stilato un elenco dei posti meno attraenti della terra. Ma sar\u00e0 vero? O meglio \u00e8 davvero possibile che un luogo non abbia proprio niente di bello? Magari proprio una classifica di questo tipo pu\u00f2 dare il la a un viaggio insolito e &#8220;capovolto&#8221;.<\/p>\n<p> Perch\u00e9 no, a caccia delle bellezze (molto) nascoste e dei particolari pi\u00f9 segreti di angoli non tanto apprezzati. Il campione analizzato tiene conto di quelle citt\u00e0 che hanno un aspetto per cos\u00ec dire &#8220;discutibile&#8221; per colpa di scelte amministrative sbagliate in materia di architettura, di gusti estetici un po&#8217; miopi o soltanto di incuria e grigiore. Ecco le prime cinque classificate. Potrebbe essere una sfida comunque interessante visitarle ed esplorarle a fondo. Sul podio, le prime due sono americane.<\/p>\n<p> 1) DETROIT<br \/> Detta anche Ghost Town, ovvero citt\u00e0 fantasma, si trova nel Michigan. \u00c9 stata dichiarata in fallimento nel 2013. Decenni di cattiva gestione hanno costretto i proprietari di case e di aziende ad abbandonarla. Si vedono spesso ruspe intente a smantellare interi palazzi disabitati. Una specie di terra di nessuno che ha comunque un suo fascino immortalato da molti fotografi in cerca di ispirazione.<\/p>\n<p> 2) PORTLAND<br \/> \u00c9 nell&#8217;Oregon, nel cuore dell&#8217;America, e propone solo quartieri di struttura industriale, grigi e senza anima. Non aiuta poi il Portland Building che, anche se \u00e9 stato pi\u00f9 volte ristrutturato, \u00e9 un esempio di rottura degli schemi ma soprattutto degli equilibri visivi ed estetici.<\/p>\n<p> 3) BRUXELLES<br \/> La citt\u00e0 belga, emblema dell&#8217;Unione Europea, pi\u00f9 che brutta (il centro anche se piccolissimo non lo \u00e9 affatto) \u00e9 considerata noiosa. E ha al suo passivo il problema del traffico, tra i pi\u00f9 congestionati d\u2019Europa. Secondo una stima recente, sembra che il Belgio sprechi il 2% del Pil a causa dei ritardi dovuti proprio alle strade trafficate.<\/p>\n<p> 4) PYONGYANG<br \/> Capitale della Corea del Nord, ha un tipo di urbanistica tutt&#8217;altro che razionale. Edifici che sembrano essere arrivati l\u00ec per caso come le grandi strade che non portano da nessuna parte. E poi c\u2019\u00e8 il Ryugyong Hotel, meglio noto come \u201cla peggior costruzione nella storia dell\u2019umanit\u00e0\u201d.<\/p>\n<p> 5) BRISBANE<br \/> \u00c9 in Australia, Paese che nell&#8217;ultima classifica stilata dall&#8217;Economist, ha conquistato ben quattro posti nella top ten delle citt\u00e0 pi\u00f9 vivibili al mondo con Melbourne sul podio. <\/p>\n<p>Anche qui c&#8217;\u00e9 una pecora nera. Anzi, marrone come il colore del fiume che la attraversa lungo una serie di uffici dall&#8217;architettura un po&#8217; spenta e senza identit\u00e0.<\/p>\n<aside id=\"slider-articoli-orizzontale\" class=\"in-article\">\n<div class=\"testatabox default nero noline\">\n<h3>APPROFONDIMENTI<\/h3>\n<\/div>\n<div class=\"slider-items\" data-slidestoshow=\"1\" data-slidestoscroll=\"1\" data-slidedots data-slidearrows=\"1\">\n<article class=\"col-xs html_base_square  fotogallery viaggi \">\n<div class=\"item_content\">\n<div class=\"row  middle-xs\">\n<div class=\"square___content\">\n<figure class=\"thumbnail\"><a href=\"http:\/\/ilmessaggero.it\/fotogallery\/viaggi\/ecco_le_citta_piu_brutte_mondo_classifica_discutibile-110899.html\" title=\"Foto\"><img loading=\"lazy\" decoding=\"async\" src=\"https:\/\/analyse.optim.biz\/wp-content\/uploads\/2025\/12\/110899_20150819_104907_imagesy136mcj6_detroiyyyy.jpg\" title=\"Foto\" width=\"64\" height=\"64\"><\/a><\/figure>\n<\/div>\n<div class=\"col-xs valign__content\">\n<div class=\"valign\"><span class=\"testatina testatina-articolo\"><a href=\"http:\/\/ilmessaggero.it\/fotogallery\/viaggi\/ecco_le_citta_piu_brutte_mondo_classifica_discutibile-110899.html\">VIAGGI<\/a><\/span><\/p>\n<div class=\"titolo\"><a href=\"http:\/\/ilmessaggero.it\/fotogallery\/viaggi\/ecco_le_citta_piu_brutte_mondo_classifica_discutibile-110899.html\" title=\"Foto\">Foto<\/a><\/div>\n<\/div>\n<\/div>\n<\/div>\n<\/div>\n<\/article>\n<\/div>\n<\/aside>\n<\/div>\n<\/div>\n<\/div>\n<\/section>\n<\/section>\n<\/div>\n<p>&#8216;;<br \/>\n        outbrainEl.insertAdjacentHTML(&#8220;afterBegin&#8221;, AdCodeOutbrain);<\/p>\n<p>        loadScript(&#8216;\/\/widgets.outbrain.com\/outbrain.js&#8217;, function(){<br \/>\n            \/\/ cerco il widget. Necessario se c&#8217;\u00e8 un&#8217;altro widget di Outbrain in pagina (es: inread)<br \/>\n            OBR.extern.researchWidget();<br \/>\n        });<br \/>\n    }<\/p>\n<p>    function AnnunciOutbrain(callback) {<br \/>\n        var outbrainDiv = document.getElementById(&#8216;outbrainWait&#8217;);<br \/>\n        \/\/ Verifica se l&#8217;elemento esiste<br \/>\n        if (outbrainDiv) {<br \/>\n            \/\/ Modifica l&#8217;id dell&#8217;elemento div<br \/>\n            outbrainDiv.id = &#8216;outbrain&#8217;;<br \/>\n        }<\/p>\n<p>                    var load_method = impostazioni_testata.outbrain.load_method || &#8216;first-interaction&#8217;;<\/p>\n<p>        var outbrainEl = document.getElementById(&#8216;outbrain&#8217;);<\/p>\n<p>        CED.log(&#8220;outbrain load_method:&#8221; + load_method);<\/p>\n<p>        if (load_method == &#8216;when-near-viewport&#8217;) {<\/p>\n<p>            \/\/ outbrain parte solo quando scrollando arriva abbastanza vicino alla viewport<br \/>\n            if (typeof callback === &#8220;function&#8221;) {<\/p>\n<p>                \/\/ Listen for the scroll event<br \/>\n                \/\/document.addEventListener(&#8216;scroll&#8217;, onScroll(outbrainEl,callback), false);<br \/>\n                CedsWNV.watch(outbrainEl, callback, {<br \/>\n                    checkInterval: 300,<br \/>\n                    offset: 500<br \/>\n                });<\/p>\n<p>                \/*devo chiamare la funzione con argomenti e variabili *\/<br \/>\n            }<\/p>\n<p>        } else {<br \/>\n            \/\/ DEFAULT: outbrain parte alla prima interazione o dopo il timeout inattivit\u00e0<br \/>\n            _waitOnceFor(load_method, callback);<br \/>\n        }<br \/>\n    }<\/p>\n<p>            AnnunciOutbrain(WidgetOutbrainTag);<\/p>\n<div id=\"correlati-verticali\">\n<div class=\"testatabox default\">\n<h3>POTREBBE INTERESSARTI ANCHE<\/h3>\n<\/div>\n<div class=\"strip-2-bottom no-listing\">\n<div class=\"row\">\n<article class=\"col-xs-6 html_base_bottom  italia \">\n<div class=\"item_content\">\n<figure class=\"medium\"><a href=\"http:\/\/ilmessaggero.it\/italia\/dove_si_mangia_meglio_mondo_classifica_tasteatlas_napoli_prima_milano_seconda_roma_sotto_mumbai-9235608.html\" title=\"Dove si mangia meglio nel mondo? La classifica di TasteAtlas: Campania prima con Napoli, Milano seconda. Roma sotto Mumbai\"><img loading=\"lazy\" decoding=\"async\" src=\"https:\/\/analyse.optim.biz\/wp-content\/uploads\/2025\/12\/9235608_09173840_dove_si_mangia_meglio_1_-1.jpg\" title=\"Dove si mangia meglio nel mondo? La classifica di TasteAtlas: Campania prima con Napoli, Milano seconda. Roma sotto Mumbai\" width=\"404\" height=\"221\"><\/a><\/figure>\n<h2 class=\"titolo\"><a href=\"http:\/\/ilmessaggero.it\/italia\/dove_si_mangia_meglio_mondo_classifica_tasteatlas_napoli_prima_milano_seconda_roma_sotto_mumbai-9235608.html\" class=\"ml_primary_link\">Dove si mangia meglio nel mondo? La classifica di TasteAtlas: Campania prima con Napoli, Milano seconda. Roma sotto Mumbai<\/a><\/h2>\n<\/div>\n<\/article>\n<article class=\"col-xs-6 html_base_bottom  roma \">\n<div class=\"item_content\">\n<figure class=\"medium\"><a href=\"http:\/\/ilmessaggero.it\/roma\/classifica_citta_piu_attrattive_mondo_roma_parigi_madrid_tokyo_ultime_notizie-9229018.html\" title=\"Classifica delle citt\u00e0 pi\u00f9 attrattive, tra le prime al mondo c'\u00e8 Roma. Da Parigi a Tokyo, la top 10\"><img loading=\"lazy\" decoding=\"async\" src=\"https:\/\/analyse.optim.biz\/wp-content\/uploads\/2025\/12\/9229018_obj64031299_1-2-12.jpg\" title=\"Classifica delle citt\u00e0 pi\u00f9 attrattive, tra le prime al mondo c'\u00e8 Roma. Da Parigi a Tokyo, la top 10\" width=\"404\" height=\"221\"><\/a><\/figure>\n<h2 class=\"titolo\"><a href=\"http:\/\/ilmessaggero.it\/roma\/classifica_citta_piu_attrattive_mondo_roma_parigi_madrid_tokyo_ultime_notizie-9229018.html\" class=\"ml_primary_link\">Classifica delle citt\u00e0 pi\u00f9 attrattive, tra le prime al mondo c&#8217;\u00e8 Roma. Da Parigi a Tokyo, la top 10<\/a><\/h2>\n<\/div>\n<\/article>\n<article class=\"col-xs-6 html_base_bottom  rieti \">\n<div class=\"item_content\">\n<figure class=\"medium\"><a href=\"http:\/\/ilmessaggero.it\/rieti\/rieti_scuole_licei_classifica-9226745.html\" title=\"Licei Jucci e Varrone promossi, bene le scuole nel Reatino nella classifica Eduscopio 2025\"><img loading=\"lazy\" decoding=\"async\" src=\"https:\/\/analyse.optim.biz\/wp-content\/uploads\/2025\/12\/9226745_04191123_palazzo_studi-4.jpg\" title=\"Licei Jucci e Varrone promossi, bene le scuole nel Reatino nella classifica Eduscopio 2025\" width=\"404\" height=\"221\"><\/a><\/figure>\n<h2 class=\"titolo\"><a href=\"http:\/\/ilmessaggero.it\/rieti\/rieti_scuole_licei_classifica-9226745.html\" class=\"ml_primary_link\">Licei Jucci e Varrone promossi, bene le scuole nel Reatino nella classifica Eduscopio 2025<\/a><\/h2>\n<\/div>\n<\/article>\n<article class=\"col-xs-6 html_base_bottom  italia \">\n<div class=\"item_content\">\n<figure class=\"medium\"><a href=\"http:\/\/ilmessaggero.it\/italia\/classifica_eduscopio_migliori_licei_italia_roma_milano_napoli_padova_visconti_righi_berchet-9222703.html\" title=\"Classifica licei d'Italia, vincono gli storici: Visconti e Righi a Roma, Berchet a Milano. Il migliore a Este\"><img loading=\"lazy\" decoding=\"async\" src=\"https:\/\/analyse.optim.biz\/wp-content\/uploads\/2025\/12\/9222703_03061001_licei-2.jpg\" title=\"Classifica licei d'Italia, vincono gli storici: Visconti e Righi a Roma, Berchet a Milano. Il migliore a Este\" width=\"404\" height=\"221\"><\/a><\/figure>\n<h2 class=\"titolo\"><a href=\"http:\/\/ilmessaggero.it\/italia\/classifica_eduscopio_migliori_licei_italia_roma_milano_napoli_padova_visconti_righi_berchet-9222703.html\" class=\"ml_primary_link\">Classifica licei d&#8217;Italia, vincono gli storici: Visconti e Righi a Roma, Berchet a Milano. Il migliore a Este<\/a><\/h2>\n<\/div>\n<\/article>\n<article class=\"col-xs-6 html_base_bottom  sport calcio \">\n<div class=\"item_content\">\n<figure class=\"medium\"><a href=\"http:\/\/ilmessaggero.it\/sport\/calcio\/serie_a_numeri_negativi_punti_classifica_marcatori_allenatori_cosa_e_successo-9222432.html\" title=\"Serie A, l'equilibrio in vetta \u00e8 un'illusione: i numeri a confronto con la passata stagione, dal capocannoniere ai punti in classifica\"><img loading=\"lazy\" decoding=\"async\" src=\"https:\/\/analyse.optim.biz\/wp-content\/uploads\/2025\/12\/9222432_02192151_onecms_1nik8ojp4rsq7cejzud-1.jpg\" title=\"Serie A, l'equilibrio in vetta \u00e8 un'illusione: i numeri a confronto con la passata stagione, dal capocannoniere ai punti in classifica\" width=\"404\" height=\"221\"><\/a><\/figure>\n<h2 class=\"titolo\"><a href=\"http:\/\/ilmessaggero.it\/sport\/calcio\/serie_a_numeri_negativi_punti_classifica_marcatori_allenatori_cosa_e_successo-9222432.html\" class=\"ml_primary_link\">Serie A, l&#8217;equilibrio in vetta \u00e8 un&#8217;illusione: i numeri a confronto con la passata stagione, dal capocannoniere ai punti in classifica<\/a><\/h2>\n<\/div>\n<\/article>\n<article class=\"col-xs-6 html_base_bottom  latina \">\n<div class=\"item_content\">\n<figure class=\"medium\"><a href=\"http:\/\/ilmessaggero.it\/latina\/qualita_della_vita_le_reazioni_a_latina_celentano_dispiace_sopratutto_per_i_giovani_stefanelli_e_un_richiamo_per_tutti-9221953.html\" title=\"Qualit\u00e0 della vita, le reazioni a Latina. Celentano: \u00abDispiace soprattutto per i giovani\u00bb. Stefanelli: \u00abE' un richiamo per tutti\u00bb\"><img loading=\"lazy\" decoding=\"async\" src=\"https:\/\/analyse.optim.biz\/wp-content\/uploads\/2025\/12\/9221953_celentano_stefanelli-1.jpg\" title=\"Qualit\u00e0 della vita, le reazioni a Latina. Celentano: \u00abDispiace soprattutto per i giovani\u00bb. Stefanelli: \u00abE' un richiamo per tutti\u00bb\" width=\"404\" height=\"221\"><\/a><\/figure>\n<h2 class=\"titolo\"><a href=\"http:\/\/ilmessaggero.it\/latina\/qualita_della_vita_le_reazioni_a_latina_celentano_dispiace_sopratutto_per_i_giovani_stefanelli_e_un_richiamo_per_tutti-9221953.html\" class=\"ml_primary_link\">Qualit\u00e0 della vita, le reazioni a Latina. Celentano: \u00abDispiace soprattutto per i giovani\u00bb. Stefanelli: \u00abE&#8217; un richiamo per tutti\u00bb<\/a><\/h2>\n<\/div>\n<\/article>\n<article class=\"col-xs-6 html_base_bottom  latina \">\n<div class=\"item_content\">\n<figure class=\"medium\"><a href=\"http:\/\/ilmessaggero.it\/latina\/classifica_qualita_vita_sole_24_ore_2025_latina_perse_sei_posizioni-9221944.html\" title=\"Classifica qualit\u00e0 della vita: ecco perch\u00e9 Latina ha perso sei posizioni in un anno\"><img loading=\"lazy\" decoding=\"async\" src=\"https:\/\/analyse.optim.biz\/wp-content\/uploads\/2025\/12\/9221944_qualit_della_vita_latina_2025-1-3.jpg\" title=\"Classifica qualit\u00e0 della vita: ecco perch\u00e9 Latina ha perso sei posizioni in un anno\" width=\"404\" height=\"221\"><\/a><\/figure>\n<h2 class=\"titolo\"><a href=\"http:\/\/ilmessaggero.it\/latina\/classifica_qualita_vita_sole_24_ore_2025_latina_perse_sei_posizioni-9221944.html\" class=\"ml_primary_link\">Classifica qualit\u00e0 della vita: ecco perch\u00e9 Latina ha perso sei posizioni in un anno<\/a><\/h2>\n<\/div>\n<\/article>\n<article class=\"col-xs-6 html_base_bottom  alimentazione \">\n<div class=\"item_content\">\n<figure class=\"medium\"><a href=\"http:\/\/ilmessaggero.it\/alimentazione\/natale_2025_panettone_costoso_classifica_massari_bottura_canavacciuolo-9221779.html\" title=\"I panettoni pi\u00f9 costosi del Natale 2025: da Marchesi a Cracco e Massari. La classifica\"><img loading=\"lazy\" decoding=\"async\" src=\"https:\/\/analyse.optim.biz\/wp-content\/uploads\/2025\/12\/9221779_02084927_onecms_1aidy7ivjn1jw72pydy_1_-7.jpg\" title=\"I panettoni pi\u00f9 costosi del Natale 2025: da Marchesi a Cracco e Massari. La classifica\" width=\"404\" height=\"221\"><\/a><\/figure>\n<h2 class=\"titolo\"><a href=\"http:\/\/ilmessaggero.it\/alimentazione\/natale_2025_panettone_costoso_classifica_massari_bottura_canavacciuolo-9221779.html\" class=\"ml_primary_link\">I panettoni pi\u00f9 costosi del Natale 2025: da Marchesi a Cracco e Massari. La classifica<\/a><\/h2>\n<\/div>\n<\/article>\n<\/div>\n<\/div>\n<\/div>\n<aside id=\"right-rail\" class=\"col-xs-4\">\n<div class=\"area right_articolo\" data-id=\"511\" data-nome=\"Right Articolo (generico) 2023\">\n<div class=\"strip-1-x-video box-tv featured\" data-strip-id=\"17904\">\n<div class=\"strip-1-video_player\">\n<div class=\"row\">\n<article class=\"col-xs-12 html_base_right   video roma \">\n<div class=\"item_content video\">\n<div class=\"titolo\"><a href=\"http:\/\/ilmessaggero.it\/video\/roma\/roma_auto_bloccano_i_tram-9235226.html\" class=\"ml_primary_link\">Tram bloccato al Flaminio per auto sui binari a Roma riparte la polemica<\/a><\/div>\n<div class=\"embed_video\">\n<div class=\"jw_embed\" data-mediaid=\"1Im4HSIp\" data-disable_video_float_on_non_adv_content=\"cedjs-dynamic\" data-autostart=\"true\" data-related='{\"oncomplete\":\"show\"}' data-mute=\"true\" data-adv_always_floating=\"false\"><img loading=\"lazy\" decoding=\"async\" src=\"https:\/\/analyse.optim.biz\/wp-content\/uploads\/2025\/12\/video-417.svg\" width=\"340\" height=\"180\" alt=\"Video\" title=\"video-417\"><\/div>\n<\/div>\n<\/div>\n<\/article>\n<\/div>\n<\/div>\n<div class=\"strip-1-square listing\">\n<div class=\"row\">\n<article class=\"col-xs-12 html_base_square  video mondo \">\n<div class=\"item_content\">\n<div class=\"row  middle-xs\">\n<div class=\"square___content\">\n<figure class=\"thumbnail\"><a href=\"http:\/\/ilmessaggero.it\/video\/mondo\/atterraggio_emergenza_aereo_i95_florida_incidente_brevard-9237063.html\" title=\"Aereo costretto a un atterraggio d\u2019emergenza in autostrada colpisce una vettura\"><img loading=\"lazy\" decoding=\"async\" src=\"https:\/\/analyse.optim.biz\/wp-content\/uploads\/2025\/12\/9237063_10055733_sdfs-8.jpg\" title=\"Aereo costretto a un atterraggio d\u2019emergenza in autostrada colpisce una vettura\" width=\"64\" height=\"64\"><\/a><\/figure>\n<\/div>\n<div class=\"col-xs valign__content\">\n<div class=\"valign\">\n<div class=\"titolo\"><a href=\"http:\/\/ilmessaggero.it\/video\/mondo\/atterraggio_emergenza_aereo_i95_florida_incidente_brevard-9237063.html\" class=\"ml_primary_link\">Aereo costretto a un atterraggio d\u2019emergenza in autostrada colpisce una vettura<\/a><\/div>\n<\/div>\n<\/div>\n<\/div>\n<\/div>\n<\/article>\n<article class=\"col-xs-12 html_base_square  video sport \">\n<div class=\"item_content\">\n<div class=\"row  middle-xs\">\n<div class=\"square___content\">\n<figure class=\"thumbnail\"><a href=\"http:\/\/ilmessaggero.it\/video\/sport\/lazio_calciomercato_2026_sarri_lotito-9235589.html\" title=\"Calciomercato Lazio, Sarri e Lotito tra Raspadori, Insigne e rinforzi strategici\"><img loading=\"lazy\" decoding=\"async\" src=\"https:\/\/analyse.optim.biz\/wp-content\/uploads\/2025\/12\/9235589_09171911_thumbnail_da_fotogramma-5.jpg\" title=\"Calciomercato Lazio, Sarri e Lotito tra Raspadori, Insigne e rinforzi strategici\" width=\"64\" height=\"64\"><\/a><\/figure>\n<\/div>\n<div class=\"col-xs valign__content\">\n<div class=\"valign\">\n<div class=\"titolo\"><a href=\"http:\/\/ilmessaggero.it\/video\/sport\/lazio_calciomercato_2026_sarri_lotito-9235589.html\" class=\"ml_primary_link\">Calciomercato Lazio, Sarri e Lotito tra Raspadori, Insigne e rinforzi strategici<\/a><\/div>\n<\/div>\n<\/div>\n<\/div>\n<\/div>\n<\/article>\n<\/div>\n<\/div>\n<\/div>\n<div class=\"strip-1-bottom divider listing\">\n<div class=\"testatabox default sinistra  viaggi speciale\">\n<h3 class=\"viaggi speciale\">Dalla stessa sezione<\/h3>\n<\/div>\n<div class=\"row\">\n<article class=\"col-xs-12 html_base_bottom  viaggi speciale \">\n<div class=\"item_content\">\n<figure class=\"medium\"><a href=\"http:\/\/ilmessaggero.it\/viaggi\/speciale\/lionsgate_parco_tema_verticale_twilight-4508428.html\" title=\"Apre il primo parco a tema verticale del mondo per i fan di Twilight e Hunger Games\"><img decoding=\"async\" src=\"https:\/\/analyse.optim.biz\/wp-content\/uploads\/2025\/12\/4508428_1458_parco_tema_verticale_cina_zhuhai-10.jpg\" title=\"Apre il primo parco a tema verticale del mondo per i fan di Twilight e Hunger Games\" width=\"-16\" height=\"-9\"><\/a><\/figure>\n<div class=\"titolo\"><a href=\"http:\/\/ilmessaggero.it\/viaggi\/speciale\/lionsgate_parco_tema_verticale_twilight-4508428.html\" class=\"ml_primary_link\">Apre il primo parco a tema verticale del mondo per i fan di Twilight e Hunger Games<\/a><\/div>\n<\/div>\n<\/article>\n<article class=\"col-xs-12 html_base_bottom  viaggi speciale \">\n<div class=\"item_content\">\n<figure class=\"medium\"><a href=\"http:\/\/ilmessaggero.it\/viaggi\/speciale\/crociera_celebrity_edge_civitavecchia-4550485.html\" title=\"Da Civitavecchia la crociera inaugurale della Celebrity Edge, prima nave creata in 3D\"><img decoding=\"async\" src=\"https:\/\/analyse.optim.biz\/wp-content\/uploads\/2025\/12\/4550485_1249_nave_1-9.jpg\" title=\"Da Civitavecchia la crociera inaugurale della Celebrity Edge, prima nave creata in 3D\" width=\"-16\" height=\"-9\"><\/a><\/figure>\n<div class=\"titolo\"><a href=\"http:\/\/ilmessaggero.it\/viaggi\/speciale\/crociera_celebrity_edge_civitavecchia-4550485.html\" class=\"ml_primary_link\">Da Civitavecchia la crociera inaugurale della Celebrity Edge, prima nave creata in 3D<\/a><a href=\"http:\/\/ilmessaggero.it\/fotogallery\/viaggi\/civitavecchia_crociera-4550802.html\" class=\"ml_photogallery\"><span>Foto<\/span><\/a><\/div>\n<\/div>\n<\/article>\n<article class=\"col-xs-12 html_base_bottom  viaggi speciale \">\n<div class=\"item_content\">\n<figure class=\"medium\"><a href=\"http:\/\/ilmessaggero.it\/viaggi\/speciale\/viaggi_horror_paura_luoghi_macabri-4488225.html\" title=\"Tour da Paura, a caccia di emozioni horror: ecco i posti pi\u00f9 macabri\"><img decoding=\"async\" src=\"https:\/\/analyse.optim.biz\/wp-content\/uploads\/2025\/12\/4488225_pckg_70155770188640504-20190513-11.jpg\" title=\"Tour da Paura, a caccia di emozioni horror: ecco i posti pi\u00f9 macabri\" width=\"-16\" height=\"-9\"><\/a><\/figure>\n<div class=\"titolo\"><a href=\"http:\/\/ilmessaggero.it\/viaggi\/speciale\/viaggi_horror_paura_luoghi_macabri-4488225.html\" class=\"ml_primary_link\">Tour da Paura, a caccia di emozioni horror: ecco i posti pi\u00f9 macabri<\/a><\/div>\n<p><span class=\"firma\"><span>di Sabrina Quartieri<\/span><\/span><\/div>\n<\/article>\n<article class=\"col-xs-12 html_base_bottom  viaggi hotel_ristoranti \">\n<div class=\"item_content\">\n<figure class=\"medium\"><a href=\"http:\/\/ilmessaggero.it\/viaggi\/hotel_ristoranti\/giappone_bagno_acquario_akashi_hipopo_papa_cafe-4446847.html\" title=\"La toilette? Dentro un acquario. E il locale giapponese fa il pieno di turisti\"><img decoding=\"async\" src=\"https:\/\/analyse.optim.biz\/wp-content\/uploads\/2025\/12\/4446847_1216_toilette_foto_di_yuri-kiwi_-1-6.jpg\" title=\"La toilette? Dentro un acquario. E il locale giapponese fa il pieno di turisti\" width=\"-16\" height=\"-9\"><\/a><\/figure>\n<div class=\"titolo\"><a href=\"http:\/\/ilmessaggero.it\/viaggi\/hotel_ristoranti\/giappone_bagno_acquario_akashi_hipopo_papa_cafe-4446847.html\" class=\"ml_primary_link\">La toilette? Dentro un acquario. E il locale giapponese fa il pieno di turisti<\/a><\/div>\n<p><span class=\"firma\"><span>di Sabrina Quartieri<\/span><\/span><\/div>\n<\/article>\n<article class=\"col-xs-12 html_base_bottom  viaggi speciale \">\n<div class=\"item_content\">\n<figure class=\"medium\"><a href=\"http:\/\/ilmessaggero.it\/viaggi\/speciale\/beverly_hills_90210_tour_luoghi_serie_tv-4431396.html\" title=\"Beverly Hills 90210, tour fai da te nei luoghi della serie cult anni Novanta\"><img decoding=\"async\" src=\"https:\/\/analyse.optim.biz\/wp-content\/uploads\/2025\/12\/4431396_1433_beverly_hills_90210_luoghi_tour-11.jpg\" title=\"Beverly Hills 90210, tour fai da te nei luoghi della serie cult anni Novanta\" width=\"-16\" height=\"-9\"><\/a><\/figure>\n<div class=\"titolo\"><a href=\"http:\/\/ilmessaggero.it\/viaggi\/speciale\/beverly_hills_90210_tour_luoghi_serie_tv-4431396.html\" class=\"ml_primary_link\">Beverly Hills 90210, tour fai da te nei luoghi della serie cult anni Novanta<\/a><a href=\"http:\/\/ilmessaggero.it\/fotogallery\/viaggi\/beverly_hills_90210_luoghi_serie-4431393.html\" class=\"ml_photogallery\"><span>Foto<\/span><\/a><\/div>\n<p><span class=\"firma\"><span>di Francesca Span\u00f2<\/span><\/span><\/div>\n<\/article>\n<\/div>\n<\/div>\n<div class=\"strip-1-right divider listing\">\n<div class=\"row\">\n<article class=\"col-xs-12 html_base_right viaggi mondo \">\n<div class=\"item_content\">\n<div class=\"row middle-xs\">\n<div class=\"col-xs-6\">\n<figure class=\"medium\"><a href=\"http:\/\/ilmessaggero.it\/viaggi\/mondo\/utrecht_palazzo_libreria-4438787.html\" title=\"Utrecht, il palazzo libreria che strega turisti e cittadini\"><img decoding=\"async\" src=\"https:\/\/analyse.optim.biz\/wp-content\/uploads\/2025\/12\/4438787_1811_goed_formaat_boekenkast-11.jpg\" title=\"Utrecht, il palazzo libreria che strega turisti e cittadini\" width=\"-16\" height=\"-9\"><\/a><\/figure>\n<\/div>\n<div class=\"col-xs-6\">\n<div class=\"valign__content\">\n<div class=\"valign\">\n<div class=\"titolo\"><a href=\"http:\/\/ilmessaggero.it\/viaggi\/mondo\/utrecht_palazzo_libreria-4438787.html\" class=\"ml_primary_link\">Utrecht, il palazzo libreria che strega turisti e cittadini<\/a><a href=\"http:\/\/ilmessaggero.it\/fotogallery\/viaggi\/utrecht_palazzo_libreria-4438781.html\" class=\"ml_photogallery\"><span>Foto<\/span><\/a><\/div>\n<p><span class=\"firma\"><span>di Francesca Span\u00f2<\/span><\/span><\/div>\n<\/div>\n<\/div>\n<\/div>\n<\/div>\n<\/article>\n<article class=\"col-xs-12 html_base_right viaggi speciale \">\n<div class=\"item_content\">\n<div class=\"row middle-xs\">\n<div class=\"col-xs-6\">\n<figure class=\"medium\"><a href=\"http:\/\/ilmessaggero.it\/viaggi\/speciale\/beatrice_lorenzo_fidanzati_roma_giro_del_mondo-4304170.html\" title=\"Beatrice e Lorenzo, i fidanzati romani vendono tutto e fanno il giro del mondo\"><img decoding=\"async\" src=\"https:\/\/analyse.optim.biz\/wp-content\/uploads\/2025\/12\/4304170_1424_vetta_monte_bonete_5-100_m-1-7.jpg\" title=\"Beatrice e Lorenzo, i fidanzati romani vendono tutto e fanno il giro del mondo\" width=\"-16\" height=\"-9\"><\/a><\/figure>\n<\/div>\n<div class=\"col-xs-6\">\n<div class=\"valign__content\">\n<div class=\"valign\">\n<div class=\"titolo\"><a href=\"http:\/\/ilmessaggero.it\/viaggi\/speciale\/beatrice_lorenzo_fidanzati_roma_giro_del_mondo-4304170.html\" class=\"ml_primary_link\">Beatrice e Lorenzo, i fidanzati romani vendono tutto e fanno il giro del mondo<\/a><\/div>\n<p><span class=\"firma\"><span>di Raffaele Nappi<\/span><\/span><\/div>\n<\/div>\n<\/div>\n<\/div>\n<\/div>\n<\/article>\n<article class=\"col-xs-12 html_base_right viaggi speciale \">\n<div class=\"item_content\">\n<div class=\"row middle-xs\">\n<div class=\"col-xs-6\">\n<figure class=\"medium\"><a href=\"http:\/\/ilmessaggero.it\/viaggi\/speciale\/tenerife_plastica_spiaggia_video-4407673.html\" title=\"Tenerife, spiaggia invasa dalla plastica: la disperazione degli attivisti\"><img decoding=\"async\" src=\"https:\/\/analyse.optim.biz\/wp-content\/uploads\/2025\/12\/4407673_1214_f56-11.jpg\" title=\"Tenerife, spiaggia invasa dalla plastica: la disperazione degli attivisti\" width=\"-16\" height=\"-9\"><\/a><\/figure>\n<\/div>\n<div class=\"col-xs-6\">\n<div class=\"valign__content\">\n<div class=\"valign\">\n<div class=\"titolo\"><a href=\"http:\/\/ilmessaggero.it\/viaggi\/speciale\/tenerife_plastica_spiaggia_video-4407673.html\" class=\"ml_primary_link\">Tenerife, spiaggia invasa dalla plastica: la disperazione degli attivisti<\/a><\/div>\n<\/div>\n<\/div>\n<\/div>\n<\/div>\n<\/div>\n<\/article>\n<article class=\"col-xs-12 html_base_right viaggi speciale \">\n<div class=\"item_content\">\n<div class=\"row middle-xs\">\n<div class=\"col-xs-6\">\n<figure class=\"medium\"><a href=\"http:\/\/ilmessaggero.it\/viaggi\/speciale\/escrementi_umani_ghiacciai_alaska_denali-4407576.html\" title=\"Scioglimento ghiacciai, 66 tonnellate di escrementi umani minacciano l'Alaska\"><img decoding=\"async\" src=\"https:\/\/analyse.optim.biz\/wp-content\/uploads\/2025\/12\/4407576_1054_montagna1-11.jpg\" title=\"Scioglimento ghiacciai, 66 tonnellate di escrementi umani minacciano l'Alaska\" width=\"-16\" height=\"-9\"><\/a><\/figure>\n<\/div>\n<div class=\"col-xs-6\">\n<div class=\"valign__content\">\n<div class=\"valign\">\n<div class=\"titolo\"><a href=\"http:\/\/ilmessaggero.it\/viaggi\/speciale\/escrementi_umani_ghiacciai_alaska_denali-4407576.html\" class=\"ml_primary_link\">Scioglimento ghiacciai, 66 tonnellate di escrementi umani minacciano l&#8217;Alaska<\/a><\/div>\n<p><span class=\"firma\"><span>di Cristiano Sala<\/span><\/span><\/div>\n<\/div>\n<\/div>\n<\/div>\n<\/div>\n<\/article>\n<article class=\"col-xs-12 html_base_right viaggi speciale \">\n<div class=\"item_content video\">\n<div class=\"row middle-xs\">\n<div class=\"col-xs-6\">\n<figure class=\"medium\"><a href=\"http:\/\/ilmessaggero.it\/viaggi\/speciale\/ecco_vero_risveglio_perfetto_tutti_sogniamo-4402867.html\" title=\"Ecco il vero risveglio perfetto che tutti sogniamo\"><img decoding=\"async\" src=\"https:\/\/analyse.optim.biz\/wp-content\/uploads\/2025\/12\/4402867_1231_thumbnail_1881619-10.jpg\" title=\"Ecco il vero risveglio perfetto che tutti sogniamo\" width=\"-16\" height=\"-9\"><\/a><\/figure>\n<\/div>\n<div class=\"col-xs-6\">\n<div class=\"valign__content\">\n<div class=\"valign\">\n<div class=\"titolo\"><a href=\"http:\/\/ilmessaggero.it\/viaggi\/speciale\/ecco_vero_risveglio_perfetto_tutti_sogniamo-4402867.html\" class=\"ml_primary_link\">Ecco il vero risveglio perfetto che tutti sogniamo<\/a><\/div>\n<\/div>\n<\/div>\n<\/div>\n<\/div>\n<\/div>\n<\/article>\n<\/div>\n<\/div>\n<div class=\"strip-1-bottom divider\">\n<div class=\"testatabox default sinistra  partner news\">\n<h3 class=\"partner news\"><a href=\"https:\/\/www.romevaticancard.com\/it\/omniacards\/omnia-card-72\/?ref=banner\">OMNIA CARD<\/a><\/h3>\n<\/div>\n<div class=\"row\">\n<article class=\"col-xs-12 html_base_bottom  partner news \">\n<div class=\"item_content hyperlink\">\n<figure class=\"medium\"><a href=\"https:\/\/www.romevaticancard.com\/it\/omniacards\/omnia-card-72\/?ref=banner\" title=\"Omnia card 72h + Roma Pass: Musei Vaticani e Colosseo inclusi\"><img decoding=\"async\" src=\"https:\/\/analyse.optim.biz\/wp-content\/uploads\/2025\/12\/7769873_27111742_rome-266.jpg\" title=\"Omnia card 72h + Roma Pass: Musei Vaticani e Colosseo inclusi\" width=\"-16\" height=\"-9\"><\/a><\/figure>\n<div class=\"titolo\"><a href=\"https:\/\/www.romevaticancard.com\/it\/omniacards\/omnia-card-72\/?ref=banner\" class=\"ml_primary_link\">Omnia card 72h + Roma Pass: Musei Vaticani e Colosseo inclusi<\/a><\/div>\n<\/div>\n<\/article>\n<\/div>\n<\/div>\n<div class=\"strip-1-square listing strip_moltofood_flexible  ilmessaggero\">\n<div class=\"testatabox testatina-box grande moltofood default\">\n<h3><a href=\"https:\/\/www.moltofood.it\" target=\"_blank\" title=\"moltofood.it\"><img loading=\"lazy\" decoding=\"async\" src=\"https:\/\/analyse.optim.biz\/wp-content\/uploads\/2025\/12\/moltofood-328.svg\" width=\"140\" height=\"20\" title=\"moltofood-328\"><\/a><\/h3>\n<\/div>\n<div class=\"row \">\n<article class=\"col-xs-12 html_base_square\">\n<div class=\"item_content\">\n<div class=\"row\">\n<div class=\"square___content\">\n<figure><a href=\"https:\/\/www.moltofood.it\/tagliatelle-al-ragu-di-salsiccia-ricetta\/?utm_source=ilmessaggero&amp;utm_medium=strip_moltofood_flexible&amp;utm_campaign=right_articolo\" target=\"_blank\" title=\"Tagliatelle al rag\u00f9 di salsiccia, il piatto ricco e avvolgente che profuma di casa\"><img decoding=\"async\" src=\"https:\/\/analyse.optim.biz\/wp-content\/uploads\/2025\/12\/tagliatelle_al_ragu_di_salsiccia_copertina-150x150-2-1.jpeg\" title=\"Tagliatelle al rag\u00f9 di salsiccia, il piatto ricco e avvolgente che profuma di casa\"><\/a><\/figure>\n<\/div>\n<div class=\"col-xs valign__content\">\n<div class=\"valign\"><span class=\"testatina testatina-articolo\"><a href=\"https:\/\/www.moltofood.it\/tagliatelle-al-ragu-di-salsiccia-ricetta\/?utm_source=ilmessaggero&amp;utm_medium=strip_moltofood_flexible&amp;utm_campaign=right_articolo\"><br \/>\n                                                Primi                                                <\/a><\/span><\/p>\n<h2 class=\"titolo\"><a href=\"https:\/\/www.moltofood.it\/tagliatelle-al-ragu-di-salsiccia-ricetta\/?utm_source=ilmessaggero&amp;utm_medium=strip_moltofood_flexible&amp;utm_campaign=right_articolo\" title=\"Tagliatelle al rag\u00f9 di salsiccia, il piatto ricco e avvolgente che profuma di casa\" target=\"_blank\">Tagliatelle al rag\u00f9 di salsiccia, il piatto ricco e avvolgente che profuma di casa<\/a><\/h2>\n<p><span class=\"firma\">di Viola Massa<\/span><\/div>\n<\/div>\n<\/div>\n<\/div>\n<\/article>\n<article class=\"col-xs-12 html_base_square\">\n<div class=\"item_content\">\n<div class=\"row\">\n<div class=\"square___content\">\n<figure><a href=\"https:\/\/www.moltofood.it\/pettole-pugliesi-salate-ricetta\/?utm_source=ilmessaggero&amp;utm_medium=strip_moltofood_flexible&amp;utm_campaign=right_articolo\" target=\"_blank\" title=\"Pettole pugliesi, la ricetta che ti serve per le feste\"><img decoding=\"async\" src=\"https:\/\/analyse.optim.biz\/wp-content\/uploads\/2025\/12\/pettolepugliesi_cover-150x150-140.jpg\" title=\"Pettole pugliesi, la ricetta che ti serve per le feste\"><\/a><\/figure>\n<\/div>\n<div class=\"col-xs valign__content\">\n<div class=\"valign\"><span class=\"testatina testatina-articolo\"><a href=\"https:\/\/www.moltofood.it\/pettole-pugliesi-salate-ricetta\/?utm_source=ilmessaggero&amp;utm_medium=strip_moltofood_flexible&amp;utm_campaign=right_articolo\"><br \/>\n                                                Antipasti                                                <\/a><\/span><\/p>\n<h2 class=\"titolo\"><a href=\"https:\/\/www.moltofood.it\/pettole-pugliesi-salate-ricetta\/?utm_source=ilmessaggero&amp;utm_medium=strip_moltofood_flexible&amp;utm_campaign=right_articolo\" title=\"Pettole pugliesi, la ricetta che ti serve per le feste\" target=\"_blank\">Pettole pugliesi, la ricetta che ti serve per le feste<\/a><\/h2>\n<p><span class=\"firma\">di Francesco Palumbo<\/span><\/div>\n<\/div>\n<\/div>\n<\/div>\n<\/article>\n<\/div>\n<p><a href=\"https:\/\/www.moltofood.it?utm_source=ilmessaggero&amp;utm_medium=strip_moltofood_flexible&amp;utm_campaign=right_articolo\" class=\"testatabox show_more\" target=\"_blank\" title=\"moltofood.it\">Vedi tutte le ricette<\/a><\/div>\n<p>            .strip_moltofood_flexible .testatabox.show_more {<br \/>\n                font-size: 14px;<br \/>\n                line-height: 1.44;<br \/>\n                margin-top: 16px;<br \/>\n                display: block;<br \/>\n                text-transform: uppercase;<br \/>\n                font-weight: 600;<br \/>\n                border: none;<br \/>\n            }<\/p>\n<div class=\"strip-combo \">\n<div class=\"bgvideo featured-child\">\n<div class=\"testatabox default sinistra  video\">\n<h3 class=\"video\">I VIDEO PI\u00d9 VISTI<\/h3>\n<\/div>\n<div class=\"strip-1-bottom principale\">\n<div class=\"row\">\n<article class=\"col-xs-12 html_base_bottom  video tecnologia \">\n<div class=\"item_content video\"><span class=\"testatina testatina-articolo\"><a href=\"http:\/\/ilmessaggero.it\/video\/tecnologia\/il_grande_no_dell_australia_stop_ai_social_media_per_gli_under_16-9237353.html\">TECNOLOGIA<\/a><\/span><\/p>\n<figure class=\"medium\"><a href=\"http:\/\/ilmessaggero.it\/video\/tecnologia\/il_grande_no_dell_australia_stop_ai_social_media_per_gli_under_16-9237353.html\" title=\"Il grande no dell'Australia: stop ai social media per gli under 16\"><img decoding=\"async\" src=\"https:\/\/analyse.optim.biz\/wp-content\/uploads\/2025\/12\/9237353_poster-4.jpg\" title=\"Il grande no dell'Australia: stop ai social media per gli under 16\" width=\"-16\" height=\"-9\"><\/a><\/figure>\n<div class=\"titolo\"><a href=\"http:\/\/ilmessaggero.it\/video\/tecnologia\/il_grande_no_dell_australia_stop_ai_social_media_per_gli_under_16-9237353.html\" class=\"ml_primary_link\">Il grande no dell&#8217;Australia: stop ai social media per gli under 16<\/a><\/div>\n<\/div>\n<\/article>\n<\/div>\n<\/div>\n<div class=\"strip-1-square seconda listing\">\n<div class=\"row\">\n<article class=\"col-xs-12 html_base_square  video motori \">\n<div class=\"item_content\">\n<div class=\"row  middle-xs\">\n<div class=\"square___content\">\n<figure class=\"thumbnail\"><a href=\"http:\/\/ilmessaggero.it\/video\/motori\/opel_mokka_gse_adrenalina_pura_e_divertimento_assicurato_grazie_ai_281_cv-9210158.html\" title=\"Opel Mokka GSE: adrenalina pura e divertimento assicurato grazie ai 281 cv\"><img loading=\"lazy\" decoding=\"async\" src=\"https:\/\/analyse.optim.biz\/wp-content\/uploads\/2025\/12\/9210158_poster-4.jpg\" title=\"Opel Mokka GSE: adrenalina pura e divertimento assicurato grazie ai 281 cv\" width=\"64\" height=\"64\"><\/a><\/figure>\n<\/div>\n<div class=\"col-xs valign__content\">\n<div class=\"valign\"><span class=\"testatina testatina-articolo\"><a href=\"http:\/\/ilmessaggero.it\/video\/motori\/opel_mokka_gse_adrenalina_pura_e_divertimento_assicurato_grazie_ai_281_cv-9210158.html\">MOTORI<\/a><\/span><\/p>\n<div class=\"titolo\"><a href=\"http:\/\/ilmessaggero.it\/video\/motori\/opel_mokka_gse_adrenalina_pura_e_divertimento_assicurato_grazie_ai_281_cv-9210158.html\" class=\"ml_primary_link\">Opel Mokka GSE: adrenalina pura e divertimento assicurato grazie ai 281 cv<\/a><\/div>\n<\/div>\n<\/div>\n<\/div>\n<\/div>\n<\/article>\n<article class=\"col-xs-12 html_base_square  video politica \">\n<div class=\"item_content\">\n<div class=\"row  middle-xs\">\n<div class=\"square___content\">\n<figure class=\"thumbnail\"><a href=\"http:\/\/ilmessaggero.it\/video\/politica\/cucina_italiana_patrimonio_unesco_mutti_ci_riempie_di_orgoglio-9237358.html\" title=\"Cucina italiana patrimonio Unesco, Mutti: ci riempie di orgoglio\"><img loading=\"lazy\" decoding=\"async\" src=\"https:\/\/analyse.optim.biz\/wp-content\/uploads\/2025\/12\/9237358_poster-4.jpg\" title=\"Cucina italiana patrimonio Unesco, Mutti: ci riempie di orgoglio\" width=\"64\" height=\"64\"><\/a><\/figure>\n<\/div>\n<div class=\"col-xs valign__content\">\n<div class=\"valign\"><span class=\"testatina testatina-articolo\"><a href=\"http:\/\/ilmessaggero.it\/video\/politica\/cucina_italiana_patrimonio_unesco_mutti_ci_riempie_di_orgoglio-9237358.html\">POLITICA<\/a><\/span><\/p>\n<div class=\"titolo\"><a href=\"http:\/\/ilmessaggero.it\/video\/politica\/cucina_italiana_patrimonio_unesco_mutti_ci_riempie_di_orgoglio-9237358.html\" class=\"ml_primary_link\">Cucina italiana patrimonio Unesco, Mutti: ci riempie di orgoglio<\/a><\/div>\n<\/div>\n<\/div>\n<\/div>\n<\/div>\n<\/article>\n<article class=\"col-xs-12 html_base_square  video mondo \">\n<div class=\"item_content\">\n<div class=\"row  middle-xs\">\n<div class=\"square___content\">\n<figure class=\"thumbnail\"><a href=\"http:\/\/ilmessaggero.it\/video\/mondo\/scontri_tra_cambogia_thailandia_migliaia_di_civili_in_fuga-9237307.html\" title=\"Scontri tra Cambogia-Thailandia, migliaia di civili in fuga\"><img loading=\"lazy\" decoding=\"async\" src=\"https:\/\/analyse.optim.biz\/wp-content\/uploads\/2025\/12\/9237307_poster-4.jpg\" title=\"Scontri tra Cambogia-Thailandia, migliaia di civili in fuga\" width=\"64\" height=\"64\"><\/a><\/figure>\n<\/div>\n<div class=\"col-xs valign__content\">\n<div class=\"valign\"><span class=\"testatina testatina-articolo\"><a href=\"http:\/\/ilmessaggero.it\/video\/mondo\/scontri_tra_cambogia_thailandia_migliaia_di_civili_in_fuga-9237307.html\">MONDO<\/a><\/span><\/p>\n<div class=\"titolo\"><a href=\"http:\/\/ilmessaggero.it\/video\/mondo\/scontri_tra_cambogia_thailandia_migliaia_di_civili_in_fuga-9237307.html\" class=\"ml_primary_link\">Scontri tra Cambogia-Thailandia, migliaia di civili in fuga<\/a><\/div>\n<\/div>\n<\/div>\n<\/div>\n<\/div>\n<\/article>\n<article class=\"col-xs-12 html_base_square  video politica \">\n<div class=\"item_content\">\n<div class=\"row  middle-xs\">\n<div class=\"square___content\">\n<figure class=\"thumbnail\"><a href=\"http:\/\/ilmessaggero.it\/video\/politica\/cucina_italiana_patrimonio_unesco_meloni_un_primato_che_ci_inorgoglisce-9237286.html\" title=\"Cucina italiana patrimonio Unesco, Meloni: \u00abUn primato che ci inorgoglisce\u00bb\"><img loading=\"lazy\" decoding=\"async\" src=\"https:\/\/analyse.optim.biz\/wp-content\/uploads\/2025\/12\/9237286_poster-6.jpg\" title=\"Cucina italiana patrimonio Unesco, Meloni: \u00abUn primato che ci inorgoglisce\u00bb\" width=\"64\" height=\"64\"><\/a><\/figure>\n<\/div>\n<div class=\"col-xs valign__content\">\n<div class=\"valign\"><span class=\"testatina testatina-articolo\"><a href=\"http:\/\/ilmessaggero.it\/video\/politica\/cucina_italiana_patrimonio_unesco_meloni_un_primato_che_ci_inorgoglisce-9237286.html\">POLITICA<\/a><\/span><\/p>\n<div class=\"titolo\"><a href=\"http:\/\/ilmessaggero.it\/video\/politica\/cucina_italiana_patrimonio_unesco_meloni_un_primato_che_ci_inorgoglisce-9237286.html\" class=\"ml_primary_link\">Cucina italiana patrimonio Unesco, Meloni: \u00abUn primato che ci inorgoglisce\u00bb<\/a><\/div>\n<\/div>\n<\/div>\n<\/div>\n<\/div>\n<\/article>\n<\/div>\n<\/div>\n<\/div>\n<\/div>\n<div class=\"strip-1-no_foto ranking listing\">\n<div class=\"testatabox boxed sinistra  \">\n<h3 class>Le pi\u00f9 lette<\/h3>\n<\/div>\n<div class=\"row\">\n<article class=\"col-xs-12 html_base_no_foto  abruzzo \">\n<div class=\"item_content\">\n<div class=\"titolo\"><a href=\"http:\/\/ilmessaggero.it\/abruzzo\/famiglia_bosco_figli_scuola_cosa_succede_adesso_ambasciata-9235258.html\" class=\"ml_primary_link\">La tutrice: \u00abRagioniamo con i genitori sull&#8217;obbligo scolastico\u00bb. E arriva il rappresentante dell&#8217;ambasciata<\/a><\/div>\n<div class=\"row item_content_moreinfo\">\n<div class=\"col-xs\"><span class=\"firma\">di Redazione web<\/span><\/div>\n<div class=\"col-xs-4\">\n<ul class=\"info-item\">\n<li class=\"has-trend\" title=\"Notizia di tendenza\"><\/ul>\n<\/div>\n<\/div>\n<\/div>\n<\/article>\n<article class=\"col-xs-12 html_base_no_foto  abruzzo \">\n<div class=\"item_content\">\n<div class=\"titolo\"><a href=\"http:\/\/ilmessaggero.it\/abruzzo\/famiglia_bosco_catherine_audio_amici_verita_mamma_bambini_affidati_zia_tornano_australia_perche_ultime_notizie-9233961.html\" class=\"ml_primary_link\">Spunta l&#8217;audio di mamma Catherine: \u00abLa verit\u00e0 verr\u00e0 fuori\u00bb. I bimbi forse affidati alla zia<\/a><a href=\"http:\/\/ilmessaggero.it\/abruzzo\/famiglia_bosco_figli_scuola_vaccini_lingua_cosa_sta_succedendo_nathan_e_catherine_oggi-9236818.html\" class=\"ml_articolo\"><u>Tutte le criticit\u00e0 irrisolte<\/u><\/a><\/div>\n<div class=\"row item_content_moreinfo\">\n<div class=\"col-xs\"><span class=\"firma\"><span>di Sonia Paglia<\/span><\/span><\/div>\n<div class=\"col-xs-4\">\n<ul class=\"info-item\">\n<li class=\"has-trend\" title=\"Notizia di tendenza\"><\/ul>\n<\/div>\n<\/div>\n<\/div>\n<\/article>\n<article class=\"col-xs-12 html_base_no_foto  schede \">\n<div class=\"item_content\">\n<div class=\"titolo\"><a href=\"http:\/\/ilmessaggero.it\/schede\/previsioni_meteo_natale_super_anticiclone_tropicale_italia_20_gradi_dove_temperature_anomale_ultime_notizie-9235080.html\" class=\"ml_primary_link\">Previsioni meteo verso Natale, super anticiclone tropicale sull&#8217;Italia: l&#8217;inverno anomalo con punte di 20\u00b0C<\/a><\/div>\n<div class=\"row item_content_moreinfo\">\n<div class=\"col-xs\"><span class=\"firma\">di Redazione web<\/span><\/div>\n<\/div>\n<\/div>\n<\/article>\n<article class=\"col-xs-12 html_base_no_foto  schede \">\n<div class=\"item_content\">\n<div class=\"titolo\"><a href=\"http:\/\/ilmessaggero.it\/schede\/oroscopo_oggi_9_dicembre_scorpione_bilancia_ariete_pesci_toro_capricorno_leone_acquario_cancro_vergine_sagittario_gemelli-9235416.html\" class=\"ml_primary_link\">Ecco l&#8217;oroscopo del 10 dicembre: Capricorno in sintonia, Vergine guidata dalle emozioni<\/a><\/div>\n<div class=\"row item_content_moreinfo\">\n<div class=\"col-xs\"><span class=\"firma\"><span>di Luca Nicolaj\u200b<\/span><\/span><\/div>\n<\/div>\n<\/div>\n<\/article>\n<article class=\"col-xs-12 html_base_no_foto  schede \">\n<div class=\"item_content\">\n<div class=\"titolo\"><a href=\"http:\/\/ilmessaggero.it\/schede\/oroscopo_oggi_9_dicembre_scorpione_bilancia_ariete_pesci_toro_capricorno_leone_acquario_cancro_vergine_sagittario_gemelli-9233786.html\" class=\"ml_primary_link\">Oroscopo 9 dicembre: Pesci determinato supera gli ostacoli, Ariete cresce nella sfida<\/a><\/div>\n<div class=\"row item_content_moreinfo\">\n<div class=\"col-xs\"><span class=\"firma\"><span>di Luca Nicolaj<\/span><\/span><\/div>\n<\/div>\n<\/div>\n<\/article>\n<\/div>\n<\/div>\n<p>        .lgw {<br \/>\n            width: 298px;<br \/>\n            height: 248px;<br \/>\n            background: #ffffff;<br \/>\n            border: 1px solid #666666;<br \/>\n            font-size: 12px;<br \/>\n            font-weight: 400;<br \/>\n            color: #222222;<br \/>\n            font-family: arial;<br \/>\n            overflow: visible;<br \/>\n        }<\/p>\n<p>        .lgw img {<br \/>\n            border: none;<br \/>\n        }<\/p>\n<p>        .lgw * {<br \/>\n            -moz-box-sizing: border-box;<br \/>\n            -webkit-box-sizing: border-box;<br \/>\n            box-sizing: border-box;<br \/>\n        }<\/p>\n<p>        .lgw .header {<br \/>\n            background: #1c2e54;<br \/>\n            padding: 5px 10px;<br \/>\n            color: #ffffff;<br \/>\n        }<\/p>\n<p>        .lgw .header .title {<br \/>\n            display: block;<br \/>\n            font-weight: 600;<br \/>\n            font-size: 18px;<br \/>\n            padding: 8px 0 5px;<br \/>\n        }<\/p>\n<p>        .lgw .header .subtitle {<br \/>\n            display: block;<br \/>\n            font-size: 12px;<br \/>\n            color: #ffffff;<br \/>\n            font-style: italic;<br \/>\n        }<\/p>\n<p>        .lgw .content {<br \/>\n            padding: 10px;<br \/>\n        }<\/p>\n<p>        .lgw .content .inputField {<br \/>\n            margin: 0 0 10px;<br \/>\n            width: 100%;<br \/>\n            position: relative;<br \/>\n        }<\/p>\n<p>        .lgw .content .inputField input,<br \/>\n        .lgw .content .inputField select {<br \/>\n            border: 1px solid #aaaaaa;<br \/>\n            height: 26px;<br \/>\n            display: inline-block;<br \/>\n            width: 60%;<br \/>\n            vertical-align: middle;<br \/>\n            -webkit-border-radius: 2px;<br \/>\n            -moz-border-radius: 2px;<br \/>\n            border-radius: 2px;<br \/>\n            opacity: 1;<br \/>\n            filter: alpha(opacity=100);<br \/>\n            color: #222222;<br \/>\n            font-size: 12px;<br \/>\n        }<\/p>\n<p>        .lgw .content .inputField .datepicker {<br \/>\n            display: inline-block;<br \/>\n            width: 60%;<br \/>\n        }<\/p>\n<p>        .lgw .content .inputField .datepicker input {<br \/>\n            width: 100%;<br \/>\n        }<\/p>\n<p>        .lgw .content .inputField .datepicker .clearData {<br \/>\n            font-size: 16px;<br \/>\n            font-weight: 800;<br \/>\n            position: absolute;<br \/>\n            top: 1px;<br \/>\n            right: 4px;<br \/>\n            width: 22px;<br \/>\n            text-align: center;<br \/>\n            z-index: 101;<br \/>\n            text-decoration: none;<br \/>\n            color: #666;<br \/>\n            display: none;<br \/>\n        }<\/p>\n<p>        .lgw .content .inputField input {<br \/>\n            padding: 0 4px;<br \/>\n        }<\/p>\n<p>        .lgw .content .inputField select {<br \/>\n            -webkit-appearance: menulist;<br \/>\n            -moz-appearance: menulist;<br \/>\n            appearance: menulist;<br \/>\n        }<\/p>\n<p>        .lgw .content .inputField label {<br \/>\n            width: 38%;<br \/>\n            display: inline-block;<br \/>\n            vertical-align: middle;<br \/>\n        }<\/p>\n<p>        .lgw .content .send {<br \/>\n            background: #28427a;<br \/>\n            font-size: 13px;<br \/>\n            color: #ffffff;<br \/>\n            font-weight: 800;<br \/>\n            text-transform: uppercase;<br \/>\n            border: none;<br \/>\n            padding: 6px 15px;<br \/>\n            margin: 10px 0 0;<br \/>\n            cursor: pointer;<br \/>\n            font-family: arial;<br \/>\n        }<\/p>\n<p>        .lgw .content .brand {<br \/>\n            float: right;<br \/>\n            margin: 15px 0 0;<br \/>\n        }<\/p>\n<p>        .lgw .content .inputField .province {<br \/>\n            display: none;<br \/>\n        }<\/p>\n<p>        .lgw .ui-datepicker {<br \/>\n            top: -140px !important;<br \/>\n            left: 40px !important;<br \/>\n        }<\/p>\n<div class=\"strip- lgw\">\n<div class=\"header\"><span class=\"title\"><br \/>\n                Cerca il tuo immobile all&#8217;asta<br \/>\n            <\/span><\/div>\n<div class=\"content\"><a href=\"https:\/\/www.legalmente.net\/\" target=\"_blank\" class=\"brand\"><img decoding=\"async\" src=\"https:\/\/analyse.optim.biz\/wp-content\/uploads\/2025\/12\/logo-315.jpg\" title=\"logo-315\"><\/a><\/div>\n<\/div>\n<\/div>\n<\/aside>\n<\/article>\n<article class=\"col-xs html_base_square  fotogallery viaggi \">\n<div class=\"item_content\">\n<div class=\"row  middle-xs\">\n<div class=\"square___content\">\n<figure class=\"thumbnail\"><a href=\"http:\/\/ilmessaggero.it\/fotogallery\/viaggi\/ecco_le_citta_piu_brutte_mondo_classifica_discutibile-110899.html\" title=\"Foto\"><img loading=\"lazy\" decoding=\"async\" src=\"https:\/\/analyse.optim.biz\/wp-content\/uploads\/2025\/12\/110899_20150819_104907_imagesy136mcj6_detroiyyyy.jpg\" title=\"Foto\" width=\"64\" height=\"64\"><\/a><\/figure>\n<\/div>\n<div class=\"col-xs valign__content\">\n<div class=\"valign\"><span class=\"testatina testatina-articolo\"><a href=\"http:\/\/ilmessaggero.it\/fotogallery\/viaggi\/ecco_le_citta_piu_brutte_mondo_classifica_discutibile-110899.html\">VIAGGI<\/a><\/span><\/p>\n<div class=\"titolo\"><a href=\"http:\/\/ilmessaggero.it\/fotogallery\/viaggi\/ecco_le_citta_piu_brutte_mondo_classifica_discutibile-110899.html\" title=\"Foto\">Foto<\/a><\/div>\n<\/div>\n<\/div>\n<\/div>\n<\/div>\n<\/article>\n<article class=\"col-xs-6 html_base_bottom  italia \">\n<div class=\"item_content\">\n<figure class=\"medium\"><a href=\"http:\/\/ilmessaggero.it\/italia\/dove_si_mangia_meglio_mondo_classifica_tasteatlas_napoli_prima_milano_seconda_roma_sotto_mumbai-9235608.html\" title=\"Dove si mangia meglio nel mondo? La classifica di TasteAtlas: Campania prima con Napoli, Milano seconda. Roma sotto Mumbai\"><img loading=\"lazy\" decoding=\"async\" src=\"https:\/\/analyse.optim.biz\/wp-content\/uploads\/2025\/12\/9235608_09173840_dove_si_mangia_meglio_1_-1.jpg\" title=\"Dove si mangia meglio nel mondo? La classifica di TasteAtlas: Campania prima con Napoli, Milano seconda. Roma sotto Mumbai\" width=\"404\" height=\"221\"><\/a><\/figure>\n<h2 class=\"titolo\"><a href=\"http:\/\/ilmessaggero.it\/italia\/dove_si_mangia_meglio_mondo_classifica_tasteatlas_napoli_prima_milano_seconda_roma_sotto_mumbai-9235608.html\" class=\"ml_primary_link\">Dove si mangia meglio nel mondo? La classifica di TasteAtlas: Campania prima con Napoli, Milano seconda. Roma sotto Mumbai<\/a><\/h2>\n<\/div>\n<\/article>\n<article class=\"col-xs-6 html_base_bottom  roma \">\n<div class=\"item_content\">\n<figure class=\"medium\"><a href=\"http:\/\/ilmessaggero.it\/roma\/classifica_citta_piu_attrattive_mondo_roma_parigi_madrid_tokyo_ultime_notizie-9229018.html\" title=\"Classifica delle citt\u00e0 pi\u00f9 attrattive, tra le prime al mondo c'\u00e8 Roma. Da Parigi a Tokyo, la top 10\"><img loading=\"lazy\" decoding=\"async\" src=\"https:\/\/analyse.optim.biz\/wp-content\/uploads\/2025\/12\/9229018_obj64031299_1-2-12.jpg\" title=\"Classifica delle citt\u00e0 pi\u00f9 attrattive, tra le prime al mondo c'\u00e8 Roma. Da Parigi a Tokyo, la top 10\" width=\"404\" height=\"221\"><\/a><\/figure>\n<h2 class=\"titolo\"><a href=\"http:\/\/ilmessaggero.it\/roma\/classifica_citta_piu_attrattive_mondo_roma_parigi_madrid_tokyo_ultime_notizie-9229018.html\" class=\"ml_primary_link\">Classifica delle citt\u00e0 pi\u00f9 attrattive, tra le prime al mondo c&#8217;\u00e8 Roma. Da Parigi a Tokyo, la top 10<\/a><\/h2>\n<\/div>\n<\/article>\n<article class=\"col-xs-6 html_base_bottom  rieti \">\n<div class=\"item_content\">\n<figure class=\"medium\"><a href=\"http:\/\/ilmessaggero.it\/rieti\/rieti_scuole_licei_classifica-9226745.html\" title=\"Licei Jucci e Varrone promossi, bene le scuole nel Reatino nella classifica Eduscopio 2025\"><img loading=\"lazy\" decoding=\"async\" src=\"https:\/\/analyse.optim.biz\/wp-content\/uploads\/2025\/12\/9226745_04191123_palazzo_studi-4.jpg\" title=\"Licei Jucci e Varrone promossi, bene le scuole nel Reatino nella classifica Eduscopio 2025\" width=\"404\" height=\"221\"><\/a><\/figure>\n<h2 class=\"titolo\"><a href=\"http:\/\/ilmessaggero.it\/rieti\/rieti_scuole_licei_classifica-9226745.html\" class=\"ml_primary_link\">Licei Jucci e Varrone promossi, bene le scuole nel Reatino nella classifica Eduscopio 2025<\/a><\/h2>\n<\/div>\n<\/article>\n<article class=\"col-xs-6 html_base_bottom  italia \">\n<div class=\"item_content\">\n<figure class=\"medium\"><a href=\"http:\/\/ilmessaggero.it\/italia\/classifica_eduscopio_migliori_licei_italia_roma_milano_napoli_padova_visconti_righi_berchet-9222703.html\" title=\"Classifica licei d'Italia, vincono gli storici: Visconti e Righi a Roma, Berchet a Milano. Il migliore a Este\"><img loading=\"lazy\" decoding=\"async\" src=\"https:\/\/analyse.optim.biz\/wp-content\/uploads\/2025\/12\/9222703_03061001_licei-2.jpg\" title=\"Classifica licei d'Italia, vincono gli storici: Visconti e Righi a Roma, Berchet a Milano. Il migliore a Este\" width=\"404\" height=\"221\"><\/a><\/figure>\n<h2 class=\"titolo\"><a href=\"http:\/\/ilmessaggero.it\/italia\/classifica_eduscopio_migliori_licei_italia_roma_milano_napoli_padova_visconti_righi_berchet-9222703.html\" class=\"ml_primary_link\">Classifica licei d&#8217;Italia, vincono gli storici: Visconti e Righi a Roma, Berchet a Milano. Il migliore a Este<\/a><\/h2>\n<\/div>\n<\/article>\n<article class=\"col-xs-6 html_base_bottom  sport calcio \">\n<div class=\"item_content\">\n<figure class=\"medium\"><a href=\"http:\/\/ilmessaggero.it\/sport\/calcio\/serie_a_numeri_negativi_punti_classifica_marcatori_allenatori_cosa_e_successo-9222432.html\" title=\"Serie A, l'equilibrio in vetta \u00e8 un'illusione: i numeri a confronto con la passata stagione, dal capocannoniere ai punti in classifica\"><img loading=\"lazy\" decoding=\"async\" src=\"https:\/\/analyse.optim.biz\/wp-content\/uploads\/2025\/12\/9222432_02192151_onecms_1nik8ojp4rsq7cejzud-1.jpg\" title=\"Serie A, l'equilibrio in vetta \u00e8 un'illusione: i numeri a confronto con la passata stagione, dal capocannoniere ai punti in classifica\" width=\"404\" height=\"221\"><\/a><\/figure>\n<h2 class=\"titolo\"><a href=\"http:\/\/ilmessaggero.it\/sport\/calcio\/serie_a_numeri_negativi_punti_classifica_marcatori_allenatori_cosa_e_successo-9222432.html\" class=\"ml_primary_link\">Serie A, l&#8217;equilibrio in vetta \u00e8 un&#8217;illusione: i numeri a confronto con la passata stagione, dal capocannoniere ai punti in classifica<\/a><\/h2>\n<\/div>\n<\/article>\n<article class=\"col-xs-6 html_base_bottom  latina \">\n<div class=\"item_content\">\n<figure class=\"medium\"><a href=\"http:\/\/ilmessaggero.it\/latina\/qualita_della_vita_le_reazioni_a_latina_celentano_dispiace_sopratutto_per_i_giovani_stefanelli_e_un_richiamo_per_tutti-9221953.html\" title=\"Qualit\u00e0 della vita, le reazioni a Latina. Celentano: \u00abDispiace soprattutto per i giovani\u00bb. Stefanelli: \u00abE' un richiamo per tutti\u00bb\"><img loading=\"lazy\" decoding=\"async\" src=\"https:\/\/analyse.optim.biz\/wp-content\/uploads\/2025\/12\/9221953_celentano_stefanelli-1.jpg\" title=\"Qualit\u00e0 della vita, le reazioni a Latina. Celentano: \u00abDispiace soprattutto per i giovani\u00bb. Stefanelli: \u00abE' un richiamo per tutti\u00bb\" width=\"404\" height=\"221\"><\/a><\/figure>\n<h2 class=\"titolo\"><a href=\"http:\/\/ilmessaggero.it\/latina\/qualita_della_vita_le_reazioni_a_latina_celentano_dispiace_sopratutto_per_i_giovani_stefanelli_e_un_richiamo_per_tutti-9221953.html\" class=\"ml_primary_link\">Qualit\u00e0 della vita, le reazioni a Latina. Celentano: \u00abDispiace soprattutto per i giovani\u00bb. Stefanelli: \u00abE&#8217; un richiamo per tutti\u00bb<\/a><\/h2>\n<\/div>\n<\/article>\n<article class=\"col-xs-6 html_base_bottom  latina \">\n<div class=\"item_content\">\n<figure class=\"medium\"><a href=\"http:\/\/ilmessaggero.it\/latina\/classifica_qualita_vita_sole_24_ore_2025_latina_perse_sei_posizioni-9221944.html\" title=\"Classifica qualit\u00e0 della vita: ecco perch\u00e9 Latina ha perso sei posizioni in un anno\"><img loading=\"lazy\" decoding=\"async\" src=\"https:\/\/analyse.optim.biz\/wp-content\/uploads\/2025\/12\/9221944_qualit_della_vita_latina_2025-1-3.jpg\" title=\"Classifica qualit\u00e0 della vita: ecco perch\u00e9 Latina ha perso sei posizioni in un anno\" width=\"404\" height=\"221\"><\/a><\/figure>\n<h2 class=\"titolo\"><a href=\"http:\/\/ilmessaggero.it\/latina\/classifica_qualita_vita_sole_24_ore_2025_latina_perse_sei_posizioni-9221944.html\" class=\"ml_primary_link\">Classifica qualit\u00e0 della vita: ecco perch\u00e9 Latina ha perso sei posizioni in un anno<\/a><\/h2>\n<\/div>\n<\/article>\n<article class=\"col-xs-6 html_base_bottom  alimentazione \">\n<div class=\"item_content\">\n<figure class=\"medium\"><a href=\"http:\/\/ilmessaggero.it\/alimentazione\/natale_2025_panettone_costoso_classifica_massari_bottura_canavacciuolo-9221779.html\" title=\"I panettoni pi\u00f9 costosi del Natale 2025: da Marchesi a Cracco e Massari. La classifica\"><img loading=\"lazy\" decoding=\"async\" src=\"https:\/\/analyse.optim.biz\/wp-content\/uploads\/2025\/12\/9221779_02084927_onecms_1aidy7ivjn1jw72pydy_1_-7.jpg\" title=\"I panettoni pi\u00f9 costosi del Natale 2025: da Marchesi a Cracco e Massari. La classifica\" width=\"404\" height=\"221\"><\/a><\/figure>\n<h2 class=\"titolo\"><a href=\"http:\/\/ilmessaggero.it\/alimentazione\/natale_2025_panettone_costoso_classifica_massari_bottura_canavacciuolo-9221779.html\" class=\"ml_primary_link\">I panettoni pi\u00f9 costosi del Natale 2025: da Marchesi a Cracco e Massari. La classifica<\/a><\/h2>\n<\/div>\n<\/article>\n<article class=\"col-xs-12 html_base_right   video roma \">\n<div class=\"item_content video\">\n<div class=\"titolo\"><a href=\"http:\/\/ilmessaggero.it\/video\/roma\/roma_auto_bloccano_i_tram-9235226.html\" class=\"ml_primary_link\">Tram bloccato al Flaminio per auto sui binari a Roma riparte la polemica<\/a><\/div>\n<div class=\"embed_video\">\n<div class=\"jw_embed\" data-mediaid=\"1Im4HSIp\" data-disable_video_float_on_non_adv_content=\"cedjs-dynamic\" data-autostart=\"true\" data-related='{\"oncomplete\":\"show\"}' data-mute=\"true\" data-adv_always_floating=\"false\"><img loading=\"lazy\" decoding=\"async\" src=\"https:\/\/analyse.optim.biz\/wp-content\/uploads\/2025\/12\/video-417.svg\" width=\"340\" height=\"180\" alt=\"Video\" title=\"video-417\"><\/div>\n<\/div>\n<\/div>\n<\/article>\n<article class=\"col-xs-12 html_base_square  video mondo \">\n<div class=\"item_content\">\n<div class=\"row  middle-xs\">\n<div class=\"square___content\">\n<figure class=\"thumbnail\"><a href=\"http:\/\/ilmessaggero.it\/video\/mondo\/atterraggio_emergenza_aereo_i95_florida_incidente_brevard-9237063.html\" title=\"Aereo costretto a un atterraggio d\u2019emergenza in autostrada colpisce una vettura\"><img loading=\"lazy\" decoding=\"async\" src=\"https:\/\/analyse.optim.biz\/wp-content\/uploads\/2025\/12\/9237063_10055733_sdfs-8.jpg\" title=\"Aereo costretto a un atterraggio d\u2019emergenza in autostrada colpisce una vettura\" width=\"64\" height=\"64\"><\/a><\/figure>\n<\/div>\n<div class=\"col-xs valign__content\">\n<div class=\"valign\">\n<div class=\"titolo\"><a href=\"http:\/\/ilmessaggero.it\/video\/mondo\/atterraggio_emergenza_aereo_i95_florida_incidente_brevard-9237063.html\" class=\"ml_primary_link\">Aereo costretto a un atterraggio d\u2019emergenza in autostrada colpisce una vettura<\/a><\/div>\n<\/div>\n<\/div>\n<\/div>\n<\/div>\n<\/article>\n<article class=\"col-xs-12 html_base_square  video sport \">\n<div class=\"item_content\">\n<div class=\"row  middle-xs\">\n<div class=\"square___content\">\n<figure class=\"thumbnail\"><a href=\"http:\/\/ilmessaggero.it\/video\/sport\/lazio_calciomercato_2026_sarri_lotito-9235589.html\" title=\"Calciomercato Lazio, Sarri e Lotito tra Raspadori, Insigne e rinforzi strategici\"><img loading=\"lazy\" decoding=\"async\" src=\"https:\/\/analyse.optim.biz\/wp-content\/uploads\/2025\/12\/9235589_09171911_thumbnail_da_fotogramma-5.jpg\" title=\"Calciomercato Lazio, Sarri e Lotito tra Raspadori, Insigne e rinforzi strategici\" width=\"64\" height=\"64\"><\/a><\/figure>\n<\/div>\n<div class=\"col-xs valign__content\">\n<div class=\"valign\">\n<div class=\"titolo\"><a href=\"http:\/\/ilmessaggero.it\/video\/sport\/lazio_calciomercato_2026_sarri_lotito-9235589.html\" class=\"ml_primary_link\">Calciomercato Lazio, Sarri e Lotito tra Raspadori, Insigne e rinforzi strategici<\/a><\/div>\n<\/div>\n<\/div>\n<\/div>\n<\/div>\n<\/article>\n<article class=\"col-xs-12 html_base_bottom  viaggi speciale \">\n<div class=\"item_content\">\n<figure class=\"medium\"><a href=\"http:\/\/ilmessaggero.it\/viaggi\/speciale\/lionsgate_parco_tema_verticale_twilight-4508428.html\" title=\"Apre il primo parco a tema verticale del mondo per i fan di Twilight e Hunger Games\"><img decoding=\"async\" src=\"https:\/\/analyse.optim.biz\/wp-content\/uploads\/2025\/12\/4508428_1458_parco_tema_verticale_cina_zhuhai-10.jpg\" title=\"Apre il primo parco a tema verticale del mondo per i fan di Twilight e Hunger Games\" width=\"-16\" height=\"-9\"><\/a><\/figure>\n<div class=\"titolo\"><a href=\"http:\/\/ilmessaggero.it\/viaggi\/speciale\/lionsgate_parco_tema_verticale_twilight-4508428.html\" class=\"ml_primary_link\">Apre il primo parco a tema verticale del mondo per i fan di Twilight e Hunger Games<\/a><\/div>\n<\/div>\n<\/article>\n<article class=\"col-xs-12 html_base_bottom  viaggi speciale \">\n<div class=\"item_content\">\n<figure class=\"medium\"><a href=\"http:\/\/ilmessaggero.it\/viaggi\/speciale\/crociera_celebrity_edge_civitavecchia-4550485.html\" title=\"Da Civitavecchia la crociera inaugurale della Celebrity Edge, prima nave creata in 3D\"><img decoding=\"async\" src=\"https:\/\/analyse.optim.biz\/wp-content\/uploads\/2025\/12\/4550485_1249_nave_1-9.jpg\" title=\"Da Civitavecchia la crociera inaugurale della Celebrity Edge, prima nave creata in 3D\" width=\"-16\" height=\"-9\"><\/a><\/figure>\n<div class=\"titolo\"><a href=\"http:\/\/ilmessaggero.it\/viaggi\/speciale\/crociera_celebrity_edge_civitavecchia-4550485.html\" class=\"ml_primary_link\">Da Civitavecchia la crociera inaugurale della Celebrity Edge, prima nave creata in 3D<\/a><a href=\"http:\/\/ilmessaggero.it\/fotogallery\/viaggi\/civitavecchia_crociera-4550802.html\" class=\"ml_photogallery\"><span>Foto<\/span><\/a><\/div>\n<\/div>\n<\/article>\n<article class=\"col-xs-12 html_base_bottom  viaggi speciale \">\n<div class=\"item_content\">\n<figure class=\"medium\"><a href=\"http:\/\/ilmessaggero.it\/viaggi\/speciale\/viaggi_horror_paura_luoghi_macabri-4488225.html\" title=\"Tour da Paura, a caccia di emozioni horror: ecco i posti pi\u00f9 macabri\"><img decoding=\"async\" src=\"https:\/\/analyse.optim.biz\/wp-content\/uploads\/2025\/12\/4488225_pckg_70155770188640504-20190513-11.jpg\" title=\"Tour da Paura, a caccia di emozioni horror: ecco i posti pi\u00f9 macabri\" width=\"-16\" height=\"-9\"><\/a><\/figure>\n<div class=\"titolo\"><a href=\"http:\/\/ilmessaggero.it\/viaggi\/speciale\/viaggi_horror_paura_luoghi_macabri-4488225.html\" class=\"ml_primary_link\">Tour da Paura, a caccia di emozioni horror: ecco i posti pi\u00f9 macabri<\/a><\/div>\n<p><span class=\"firma\"><span>di Sabrina Quartieri<\/span><\/span><\/div>\n<\/article>\n<article class=\"col-xs-12 html_base_bottom  viaggi hotel_ristoranti \">\n<div class=\"item_content\">\n<figure class=\"medium\"><a href=\"http:\/\/ilmessaggero.it\/viaggi\/hotel_ristoranti\/giappone_bagno_acquario_akashi_hipopo_papa_cafe-4446847.html\" title=\"La toilette? Dentro un acquario. E il locale giapponese fa il pieno di turisti\"><img decoding=\"async\" src=\"https:\/\/analyse.optim.biz\/wp-content\/uploads\/2025\/12\/4446847_1216_toilette_foto_di_yuri-kiwi_-1-6.jpg\" title=\"La toilette? Dentro un acquario. E il locale giapponese fa il pieno di turisti\" width=\"-16\" height=\"-9\"><\/a><\/figure>\n<div class=\"titolo\"><a href=\"http:\/\/ilmessaggero.it\/viaggi\/hotel_ristoranti\/giappone_bagno_acquario_akashi_hipopo_papa_cafe-4446847.html\" class=\"ml_primary_link\">La toilette? Dentro un acquario. E il locale giapponese fa il pieno di turisti<\/a><\/div>\n<p><span class=\"firma\"><span>di Sabrina Quartieri<\/span><\/span><\/div>\n<\/article>\n<article class=\"col-xs-12 html_base_bottom  viaggi speciale \">\n<div class=\"item_content\">\n<figure class=\"medium\"><a href=\"http:\/\/ilmessaggero.it\/viaggi\/speciale\/beverly_hills_90210_tour_luoghi_serie_tv-4431396.html\" title=\"Beverly Hills 90210, tour fai da te nei luoghi della serie cult anni Novanta\"><img decoding=\"async\" src=\"https:\/\/analyse.optim.biz\/wp-content\/uploads\/2025\/12\/4431396_1433_beverly_hills_90210_luoghi_tour-11.jpg\" title=\"Beverly Hills 90210, tour fai da te nei luoghi della serie cult anni Novanta\" width=\"-16\" height=\"-9\"><\/a><\/figure>\n<div class=\"titolo\"><a href=\"http:\/\/ilmessaggero.it\/viaggi\/speciale\/beverly_hills_90210_tour_luoghi_serie_tv-4431396.html\" class=\"ml_primary_link\">Beverly Hills 90210, tour fai da te nei luoghi della serie cult anni Novanta<\/a><a href=\"http:\/\/ilmessaggero.it\/fotogallery\/viaggi\/beverly_hills_90210_luoghi_serie-4431393.html\" class=\"ml_photogallery\"><span>Foto<\/span><\/a><\/div>\n<p><span class=\"firma\"><span>di Francesca Span\u00f2<\/span><\/span><\/div>\n<\/article>\n<article class=\"col-xs-12 html_base_right viaggi mondo \">\n<div class=\"item_content\">\n<div class=\"row middle-xs\">\n<div class=\"col-xs-6\">\n<figure class=\"medium\"><a href=\"http:\/\/ilmessaggero.it\/viaggi\/mondo\/utrecht_palazzo_libreria-4438787.html\" title=\"Utrecht, il palazzo libreria che strega turisti e cittadini\"><img decoding=\"async\" src=\"https:\/\/analyse.optim.biz\/wp-content\/uploads\/2025\/12\/4438787_1811_goed_formaat_boekenkast-11.jpg\" title=\"Utrecht, il palazzo libreria che strega turisti e cittadini\" width=\"-16\" height=\"-9\"><\/a><\/figure>\n<\/div>\n<div class=\"col-xs-6\">\n<div class=\"valign__content\">\n<div class=\"valign\">\n<div class=\"titolo\"><a href=\"http:\/\/ilmessaggero.it\/viaggi\/mondo\/utrecht_palazzo_libreria-4438787.html\" class=\"ml_primary_link\">Utrecht, il palazzo libreria che strega turisti e cittadini<\/a><a href=\"http:\/\/ilmessaggero.it\/fotogallery\/viaggi\/utrecht_palazzo_libreria-4438781.html\" class=\"ml_photogallery\"><span>Foto<\/span><\/a><\/div>\n<p><span class=\"firma\"><span>di Francesca Span\u00f2<\/span><\/span><\/div>\n<\/div>\n<\/div>\n<\/div>\n<\/div>\n<\/article>\n<article class=\"col-xs-12 html_base_right viaggi speciale \">\n<div class=\"item_content\">\n<div class=\"row middle-xs\">\n<div class=\"col-xs-6\">\n<figure class=\"medium\"><a href=\"http:\/\/ilmessaggero.it\/viaggi\/speciale\/beatrice_lorenzo_fidanzati_roma_giro_del_mondo-4304170.html\" title=\"Beatrice e Lorenzo, i fidanzati romani vendono tutto e fanno il giro del mondo\"><img decoding=\"async\" src=\"https:\/\/analyse.optim.biz\/wp-content\/uploads\/2025\/12\/4304170_1424_vetta_monte_bonete_5-100_m-1-7.jpg\" title=\"Beatrice e Lorenzo, i fidanzati romani vendono tutto e fanno il giro del mondo\" width=\"-16\" height=\"-9\"><\/a><\/figure>\n<\/div>\n<div class=\"col-xs-6\">\n<div class=\"valign__content\">\n<div class=\"valign\">\n<div class=\"titolo\"><a href=\"http:\/\/ilmessaggero.it\/viaggi\/speciale\/beatrice_lorenzo_fidanzati_roma_giro_del_mondo-4304170.html\" class=\"ml_primary_link\">Beatrice e Lorenzo, i fidanzati romani vendono tutto e fanno il giro del mondo<\/a><\/div>\n<p><span class=\"firma\"><span>di Raffaele Nappi<\/span><\/span><\/div>\n<\/div>\n<\/div>\n<\/div>\n<\/div>\n<\/article>\n<article class=\"col-xs-12 html_base_right viaggi speciale \">\n<div class=\"item_content\">\n<div class=\"row middle-xs\">\n<div class=\"col-xs-6\">\n<figure class=\"medium\"><a href=\"http:\/\/ilmessaggero.it\/viaggi\/speciale\/tenerife_plastica_spiaggia_video-4407673.html\" title=\"Tenerife, spiaggia invasa dalla plastica: la disperazione degli attivisti\"><img decoding=\"async\" src=\"https:\/\/analyse.optim.biz\/wp-content\/uploads\/2025\/12\/4407673_1214_f56-11.jpg\" title=\"Tenerife, spiaggia invasa dalla plastica: la disperazione degli attivisti\" width=\"-16\" height=\"-9\"><\/a><\/figure>\n<\/div>\n<div class=\"col-xs-6\">\n<div class=\"valign__content\">\n<div class=\"valign\">\n<div class=\"titolo\"><a href=\"http:\/\/ilmessaggero.it\/viaggi\/speciale\/tenerife_plastica_spiaggia_video-4407673.html\" class=\"ml_primary_link\">Tenerife, spiaggia invasa dalla plastica: la disperazione degli attivisti<\/a><\/div>\n<\/div>\n<\/div>\n<\/div>\n<\/div>\n<\/div>\n<\/article>\n<article class=\"col-xs-12 html_base_right viaggi speciale \">\n<div class=\"item_content\">\n<div class=\"row middle-xs\">\n<div class=\"col-xs-6\">\n<figure class=\"medium\"><a href=\"http:\/\/ilmessaggero.it\/viaggi\/speciale\/escrementi_umani_ghiacciai_alaska_denali-4407576.html\" title=\"Scioglimento ghiacciai, 66 tonnellate di escrementi umani minacciano l'Alaska\"><img decoding=\"async\" src=\"https:\/\/analyse.optim.biz\/wp-content\/uploads\/2025\/12\/4407576_1054_montagna1-11.jpg\" title=\"Scioglimento ghiacciai, 66 tonnellate di escrementi umani minacciano l'Alaska\" width=\"-16\" height=\"-9\"><\/a><\/figure>\n<\/div>\n<div class=\"col-xs-6\">\n<div class=\"valign__content\">\n<div class=\"valign\">\n<div class=\"titolo\"><a href=\"http:\/\/ilmessaggero.it\/viaggi\/speciale\/escrementi_umani_ghiacciai_alaska_denali-4407576.html\" class=\"ml_primary_link\">Scioglimento ghiacciai, 66 tonnellate di escrementi umani minacciano l&#8217;Alaska<\/a><\/div>\n<p><span class=\"firma\"><span>di Cristiano Sala<\/span><\/span><\/div>\n<\/div>\n<\/div>\n<\/div>\n<\/div>\n<\/article>\n<article class=\"col-xs-12 html_base_right viaggi speciale \">\n<div class=\"item_content video\">\n<div class=\"row middle-xs\">\n<div class=\"col-xs-6\">\n<figure class=\"medium\"><a href=\"http:\/\/ilmessaggero.it\/viaggi\/speciale\/ecco_vero_risveglio_perfetto_tutti_sogniamo-4402867.html\" title=\"Ecco il vero risveglio perfetto che tutti sogniamo\"><img decoding=\"async\" src=\"https:\/\/analyse.optim.biz\/wp-content\/uploads\/2025\/12\/4402867_1231_thumbnail_1881619-10.jpg\" title=\"Ecco il vero risveglio perfetto che tutti sogniamo\" width=\"-16\" height=\"-9\"><\/a><\/figure>\n<\/div>\n<div class=\"col-xs-6\">\n<div class=\"valign__content\">\n<div class=\"valign\">\n<div class=\"titolo\"><a href=\"http:\/\/ilmessaggero.it\/viaggi\/speciale\/ecco_vero_risveglio_perfetto_tutti_sogniamo-4402867.html\" class=\"ml_primary_link\">Ecco il vero risveglio perfetto che tutti sogniamo<\/a><\/div>\n<\/div>\n<\/div>\n<\/div>\n<\/div>\n<\/div>\n<\/article>\n<article class=\"col-xs-12 html_base_bottom  partner news \">\n<div class=\"item_content hyperlink\">\n<figure class=\"medium\"><a href=\"https:\/\/www.romevaticancard.com\/it\/omniacards\/omnia-card-72\/?ref=banner\" title=\"Omnia card 72h + Roma Pass: Musei Vaticani e Colosseo inclusi\"><img decoding=\"async\" src=\"https:\/\/analyse.optim.biz\/wp-content\/uploads\/2025\/12\/7769873_27111742_rome-266.jpg\" title=\"Omnia card 72h + Roma Pass: Musei Vaticani e Colosseo inclusi\" width=\"-16\" height=\"-9\"><\/a><\/figure>\n<div class=\"titolo\"><a href=\"https:\/\/www.romevaticancard.com\/it\/omniacards\/omnia-card-72\/?ref=banner\" class=\"ml_primary_link\">Omnia card 72h + Roma Pass: Musei Vaticani e Colosseo inclusi<\/a><\/div>\n<\/div>\n<\/article>\n<article class=\"col-xs-12 html_base_square\">\n<div class=\"item_content\">\n<div class=\"row\">\n<div class=\"square___content\">\n<figure><a href=\"https:\/\/www.moltofood.it\/tagliatelle-al-ragu-di-salsiccia-ricetta\/?utm_source=ilmessaggero&amp;utm_medium=strip_moltofood_flexible&amp;utm_campaign=right_articolo\" target=\"_blank\" title=\"Tagliatelle al rag\u00f9 di salsiccia, il piatto ricco e avvolgente che profuma di casa\"><img decoding=\"async\" src=\"https:\/\/analyse.optim.biz\/wp-content\/uploads\/2025\/12\/tagliatelle_al_ragu_di_salsiccia_copertina-150x150-2-1.jpeg\" title=\"Tagliatelle al rag\u00f9 di salsiccia, il piatto ricco e avvolgente che profuma di casa\"><\/a><\/figure>\n<\/div>\n<div class=\"col-xs valign__content\">\n<div class=\"valign\"><span class=\"testatina testatina-articolo\"><a href=\"https:\/\/www.moltofood.it\/tagliatelle-al-ragu-di-salsiccia-ricetta\/?utm_source=ilmessaggero&amp;utm_medium=strip_moltofood_flexible&amp;utm_campaign=right_articolo\"><br \/>\n                                                Primi                                                <\/a><\/span><\/p>\n<h2 class=\"titolo\"><a href=\"https:\/\/www.moltofood.it\/tagliatelle-al-ragu-di-salsiccia-ricetta\/?utm_source=ilmessaggero&amp;utm_medium=strip_moltofood_flexible&amp;utm_campaign=right_articolo\" title=\"Tagliatelle al rag\u00f9 di salsiccia, il piatto ricco e avvolgente che profuma di casa\" target=\"_blank\">Tagliatelle al rag\u00f9 di salsiccia, il piatto ricco e avvolgente che profuma di casa<\/a><\/h2>\n<p><span class=\"firma\">di Viola Massa<\/span><\/div>\n<\/div>\n<\/div>\n<\/div>\n<\/article>\n<article class=\"col-xs-12 html_base_square\">\n<div class=\"item_content\">\n<div class=\"row\">\n<div class=\"square___content\">\n<figure><a href=\"https:\/\/www.moltofood.it\/pettole-pugliesi-salate-ricetta\/?utm_source=ilmessaggero&amp;utm_medium=strip_moltofood_flexible&amp;utm_campaign=right_articolo\" target=\"_blank\" title=\"Pettole pugliesi, la ricetta che ti serve per le feste\"><img decoding=\"async\" src=\"https:\/\/analyse.optim.biz\/wp-content\/uploads\/2025\/12\/pettolepugliesi_cover-150x150-140.jpg\" title=\"Pettole pugliesi, la ricetta che ti serve per le feste\"><\/a><\/figure>\n<\/div>\n<div class=\"col-xs valign__content\">\n<div class=\"valign\"><span class=\"testatina testatina-articolo\"><a href=\"https:\/\/www.moltofood.it\/pettole-pugliesi-salate-ricetta\/?utm_source=ilmessaggero&amp;utm_medium=strip_moltofood_flexible&amp;utm_campaign=right_articolo\"><br \/>\n                                                Antipasti                                                <\/a><\/span><\/p>\n<h2 class=\"titolo\"><a href=\"https:\/\/www.moltofood.it\/pettole-pugliesi-salate-ricetta\/?utm_source=ilmessaggero&amp;utm_medium=strip_moltofood_flexible&amp;utm_campaign=right_articolo\" title=\"Pettole pugliesi, la ricetta che ti serve per le feste\" target=\"_blank\">Pettole pugliesi, la ricetta che ti serve per le feste<\/a><\/h2>\n<p><span class=\"firma\">di Francesco Palumbo<\/span><\/div>\n<\/div>\n<\/div>\n<\/div>\n<\/article>\n<article class=\"col-xs-12 html_base_bottom  video tecnologia \">\n<div class=\"item_content video\"><span class=\"testatina testatina-articolo\"><a href=\"http:\/\/ilmessaggero.it\/video\/tecnologia\/il_grande_no_dell_australia_stop_ai_social_media_per_gli_under_16-9237353.html\">TECNOLOGIA<\/a><\/span><\/p>\n<figure class=\"medium\"><a href=\"http:\/\/ilmessaggero.it\/video\/tecnologia\/il_grande_no_dell_australia_stop_ai_social_media_per_gli_under_16-9237353.html\" title=\"Il grande no dell'Australia: stop ai social media per gli under 16\"><img decoding=\"async\" src=\"https:\/\/analyse.optim.biz\/wp-content\/uploads\/2025\/12\/9237353_poster-4.jpg\" title=\"Il grande no dell'Australia: stop ai social media per gli under 16\" width=\"-16\" height=\"-9\"><\/a><\/figure>\n<div class=\"titolo\"><a href=\"http:\/\/ilmessaggero.it\/video\/tecnologia\/il_grande_no_dell_australia_stop_ai_social_media_per_gli_under_16-9237353.html\" class=\"ml_primary_link\">Il grande no dell&#8217;Australia: stop ai social media per gli under 16<\/a><\/div>\n<\/div>\n<\/article>\n<article class=\"col-xs-12 html_base_square  video motori \">\n<div class=\"item_content\">\n<div class=\"row  middle-xs\">\n<div class=\"square___content\">\n<figure class=\"thumbnail\"><a href=\"http:\/\/ilmessaggero.it\/video\/motori\/opel_mokka_gse_adrenalina_pura_e_divertimento_assicurato_grazie_ai_281_cv-9210158.html\" title=\"Opel Mokka GSE: adrenalina pura e divertimento assicurato grazie ai 281 cv\"><img loading=\"lazy\" decoding=\"async\" src=\"https:\/\/analyse.optim.biz\/wp-content\/uploads\/2025\/12\/9210158_poster-4.jpg\" title=\"Opel Mokka GSE: adrenalina pura e divertimento assicurato grazie ai 281 cv\" width=\"64\" height=\"64\"><\/a><\/figure>\n<\/div>\n<div class=\"col-xs valign__content\">\n<div class=\"valign\"><span class=\"testatina testatina-articolo\"><a href=\"http:\/\/ilmessaggero.it\/video\/motori\/opel_mokka_gse_adrenalina_pura_e_divertimento_assicurato_grazie_ai_281_cv-9210158.html\">MOTORI<\/a><\/span><\/p>\n<div class=\"titolo\"><a href=\"http:\/\/ilmessaggero.it\/video\/motori\/opel_mokka_gse_adrenalina_pura_e_divertimento_assicurato_grazie_ai_281_cv-9210158.html\" class=\"ml_primary_link\">Opel Mokka GSE: adrenalina pura e divertimento assicurato grazie ai 281 cv<\/a><\/div>\n<\/div>\n<\/div>\n<\/div>\n<\/div>\n<\/article>\n<article class=\"col-xs-12 html_base_square  video politica \">\n<div class=\"item_content\">\n<div class=\"row  middle-xs\">\n<div class=\"square___content\">\n<figure class=\"thumbnail\"><a href=\"http:\/\/ilmessaggero.it\/video\/politica\/cucina_italiana_patrimonio_unesco_mutti_ci_riempie_di_orgoglio-9237358.html\" title=\"Cucina italiana patrimonio Unesco, Mutti: ci riempie di orgoglio\"><img loading=\"lazy\" decoding=\"async\" src=\"https:\/\/analyse.optim.biz\/wp-content\/uploads\/2025\/12\/9237358_poster-4.jpg\" title=\"Cucina italiana patrimonio Unesco, Mutti: ci riempie di orgoglio\" width=\"64\" height=\"64\"><\/a><\/figure>\n<\/div>\n<div class=\"col-xs valign__content\">\n<div class=\"valign\"><span class=\"testatina testatina-articolo\"><a href=\"http:\/\/ilmessaggero.it\/video\/politica\/cucina_italiana_patrimonio_unesco_mutti_ci_riempie_di_orgoglio-9237358.html\">POLITICA<\/a><\/span><\/p>\n<div class=\"titolo\"><a href=\"http:\/\/ilmessaggero.it\/video\/politica\/cucina_italiana_patrimonio_unesco_mutti_ci_riempie_di_orgoglio-9237358.html\" class=\"ml_primary_link\">Cucina italiana patrimonio Unesco, Mutti: ci riempie di orgoglio<\/a><\/div>\n<\/div>\n<\/div>\n<\/div>\n<\/div>\n<\/article>\n<article class=\"col-xs-12 html_base_square  video mondo \">\n<div class=\"item_content\">\n<div class=\"row  middle-xs\">\n<div class=\"square___content\">\n<figure class=\"thumbnail\"><a href=\"http:\/\/ilmessaggero.it\/video\/mondo\/scontri_tra_cambogia_thailandia_migliaia_di_civili_in_fuga-9237307.html\" title=\"Scontri tra Cambogia-Thailandia, migliaia di civili in fuga\"><img loading=\"lazy\" decoding=\"async\" src=\"https:\/\/analyse.optim.biz\/wp-content\/uploads\/2025\/12\/9237307_poster-4.jpg\" title=\"Scontri tra Cambogia-Thailandia, migliaia di civili in fuga\" width=\"64\" height=\"64\"><\/a><\/figure>\n<\/div>\n<div class=\"col-xs valign__content\">\n<div class=\"valign\"><span class=\"testatina testatina-articolo\"><a href=\"http:\/\/ilmessaggero.it\/video\/mondo\/scontri_tra_cambogia_thailandia_migliaia_di_civili_in_fuga-9237307.html\">MONDO<\/a><\/span><\/p>\n<div class=\"titolo\"><a href=\"http:\/\/ilmessaggero.it\/video\/mondo\/scontri_tra_cambogia_thailandia_migliaia_di_civili_in_fuga-9237307.html\" class=\"ml_primary_link\">Scontri tra Cambogia-Thailandia, migliaia di civili in fuga<\/a><\/div>\n<\/div>\n<\/div>\n<\/div>\n<\/div>\n<\/article>\n<article class=\"col-xs-12 html_base_square  video politica \">\n<div class=\"item_content\">\n<div class=\"row  middle-xs\">\n<div class=\"square___content\">\n<figure class=\"thumbnail\"><a href=\"http:\/\/ilmessaggero.it\/video\/politica\/cucina_italiana_patrimonio_unesco_meloni_un_primato_che_ci_inorgoglisce-9237286.html\" title=\"Cucina italiana patrimonio Unesco, Meloni: \u00abUn primato che ci inorgoglisce\u00bb\"><img loading=\"lazy\" decoding=\"async\" src=\"https:\/\/analyse.optim.biz\/wp-content\/uploads\/2025\/12\/9237286_poster-6.jpg\" title=\"Cucina italiana patrimonio Unesco, Meloni: \u00abUn primato che ci inorgoglisce\u00bb\" width=\"64\" height=\"64\"><\/a><\/figure>\n<\/div>\n<div class=\"col-xs valign__content\">\n<div class=\"valign\"><span class=\"testatina testatina-articolo\"><a href=\"http:\/\/ilmessaggero.it\/video\/politica\/cucina_italiana_patrimonio_unesco_meloni_un_primato_che_ci_inorgoglisce-9237286.html\">POLITICA<\/a><\/span><\/p>\n<div class=\"titolo\"><a href=\"http:\/\/ilmessaggero.it\/video\/politica\/cucina_italiana_patrimonio_unesco_meloni_un_primato_che_ci_inorgoglisce-9237286.html\" class=\"ml_primary_link\">Cucina italiana patrimonio Unesco, Meloni: \u00abUn primato che ci inorgoglisce\u00bb<\/a><\/div>\n<\/div>\n<\/div>\n<\/div>\n<\/div>\n<\/article>\n<article class=\"col-xs-12 html_base_no_foto  abruzzo \">\n<div class=\"item_content\">\n<div class=\"titolo\"><a href=\"http:\/\/ilmessaggero.it\/abruzzo\/famiglia_bosco_figli_scuola_cosa_succede_adesso_ambasciata-9235258.html\" class=\"ml_primary_link\">La tutrice: \u00abRagioniamo con i genitori sull&#8217;obbligo scolastico\u00bb. E arriva il rappresentante dell&#8217;ambasciata<\/a><\/div>\n<div class=\"row item_content_moreinfo\">\n<div class=\"col-xs\"><span class=\"firma\">di Redazione web<\/span><\/div>\n<div class=\"col-xs-4\">\n<ul class=\"info-item\">\n<li class=\"has-trend\" title=\"Notizia di tendenza\"><\/ul>\n<\/div>\n<\/div>\n<\/div>\n<\/article>\n<article class=\"col-xs-12 html_base_no_foto  abruzzo \">\n<div class=\"item_content\">\n<div class=\"titolo\"><a href=\"http:\/\/ilmessaggero.it\/abruzzo\/famiglia_bosco_catherine_audio_amici_verita_mamma_bambini_affidati_zia_tornano_australia_perche_ultime_notizie-9233961.html\" class=\"ml_primary_link\">Spunta l&#8217;audio di mamma Catherine: \u00abLa verit\u00e0 verr\u00e0 fuori\u00bb. I bimbi forse affidati alla zia<\/a><a href=\"http:\/\/ilmessaggero.it\/abruzzo\/famiglia_bosco_figli_scuola_vaccini_lingua_cosa_sta_succedendo_nathan_e_catherine_oggi-9236818.html\" class=\"ml_articolo\"><u>Tutte le criticit\u00e0 irrisolte<\/u><\/a><\/div>\n<div class=\"row item_content_moreinfo\">\n<div class=\"col-xs\"><span class=\"firma\"><span>di Sonia Paglia<\/span><\/span><\/div>\n<div class=\"col-xs-4\">\n<ul class=\"info-item\">\n<li class=\"has-trend\" title=\"Notizia di tendenza\"><\/ul>\n<\/div>\n<\/div>\n<\/div>\n<\/article>\n<article class=\"col-xs-12 html_base_no_foto  schede \">\n<div class=\"item_content\">\n<div class=\"titolo\"><a href=\"http:\/\/ilmessaggero.it\/schede\/previsioni_meteo_natale_super_anticiclone_tropicale_italia_20_gradi_dove_temperature_anomale_ultime_notizie-9235080.html\" class=\"ml_primary_link\">Previsioni meteo verso Natale, super anticiclone tropicale sull&#8217;Italia: l&#8217;inverno anomalo con punte di 20\u00b0C<\/a><\/div>\n<div class=\"row item_content_moreinfo\">\n<div class=\"col-xs\"><span class=\"firma\">di Redazione web<\/span><\/div>\n<\/div>\n<\/div>\n<\/article>\n<article class=\"col-xs-12 html_base_no_foto  schede \">\n<div class=\"item_content\">\n<div class=\"titolo\"><a href=\"http:\/\/ilmessaggero.it\/schede\/oroscopo_oggi_9_dicembre_scorpione_bilancia_ariete_pesci_toro_capricorno_leone_acquario_cancro_vergine_sagittario_gemelli-9235416.html\" class=\"ml_primary_link\">Ecco l&#8217;oroscopo del 10 dicembre: Capricorno in sintonia, Vergine guidata dalle emozioni<\/a><\/div>\n<div class=\"row item_content_moreinfo\">\n<div class=\"col-xs\"><span class=\"firma\"><span>di Luca Nicolaj\u200b<\/span><\/span><\/div>\n<\/div>\n<\/div>\n<\/article>\n<article class=\"col-xs-12 html_base_no_foto  schede \">\n<div class=\"item_content\">\n<div class=\"titolo\"><a href=\"http:\/\/ilmessaggero.it\/schede\/oroscopo_oggi_9_dicembre_scorpione_bilancia_ariete_pesci_toro_capricorno_leone_acquario_cancro_vergine_sagittario_gemelli-9233786.html\" class=\"ml_primary_link\">Oroscopo 9 dicembre: Pesci determinato supera gli ostacoli, Ariete cresce nella sfida<\/a><\/div>\n<div class=\"row item_content_moreinfo\">\n<div class=\"col-xs\"><span class=\"firma\"><span>di Luca Nicolaj<\/span><\/span><\/div>\n<\/div>\n<\/div>\n<\/article>\n<p> Source URL: http:\/\/ilmessaggero.it\/viaggi\/speciale\/citta_piu_brutte_mondo-1200912.html<\/p>\n","protected":false},"excerpt":{"rendered":"<p>Ecco le citt\u00e0 pi\u00f9 brutte del mondo: una classifica discutibile di Luisa Mosello 3 Minuti di Lettura mercoled\u00ec 19 agosto 2015, 23:20 &#8211; Ultimo aggiornamento: 2 dicembre, 16:02 Viaggi &#8211; Newsletter Ogni Venerd\u00ec gli aggiornamenti su ViaggiIscriviti e ricevi le notizie via email .nl-optin-notext.nl-optinform .testata-bg { background: #b22222; } .nl-optin-notext.nl-optinform .bg-wrap&gt;div .nl-optin-bg { opacity: 1; [&hellip;]<\/p>\n","protected":false},"author":1,"featured_media":1016730,"comment_status":"open","ping_status":"","sticky":false,"template":"","format":"standard","meta":{"footnotes":""},"categories":[87],"tags":[124],"class_list":["post-1016729","post","type-post","status-publish","format-standard","has-post-thumbnail","hentry","category-italy","tag-ilmessaggero-it"],"_links":{"self":[{"href":"https:\/\/analyse.optim.biz\/index.php?rest_route=\/wp\/v2\/posts\/1016729","targetHints":{"allow":["GET"]}}],"collection":[{"href":"https:\/\/analyse.optim.biz\/index.php?rest_route=\/wp\/v2\/posts"}],"about":[{"href":"https:\/\/analyse.optim.biz\/index.php?rest_route=\/wp\/v2\/types\/post"}],"author":[{"embeddable":true,"href":"https:\/\/analyse.optim.biz\/index.php?rest_route=\/wp\/v2\/users\/1"}],"replies":[{"embeddable":true,"href":"https:\/\/analyse.optim.biz\/index.php?rest_route=%2Fwp%2Fv2%2Fcomments&post=1016729"}],"version-history":[{"count":0,"href":"https:\/\/analyse.optim.biz\/index.php?rest_route=\/wp\/v2\/posts\/1016729\/revisions"}],"wp:featuredmedia":[{"embeddable":true,"href":"https:\/\/analyse.optim.biz\/index.php?rest_route=\/wp\/v2\/media\/1016730"}],"wp:attachment":[{"href":"https:\/\/analyse.optim.biz\/index.php?rest_route=%2Fwp%2Fv2%2Fmedia&parent=1016729"}],"wp:term":[{"taxonomy":"category","embeddable":true,"href":"https:\/\/analyse.optim.biz\/index.php?rest_route=%2Fwp%2Fv2%2Fcategories&post=1016729"},{"taxonomy":"post_tag","embeddable":true,"href":"https:\/\/analyse.optim.biz\/index.php?rest_route=%2Fwp%2Fv2%2Ftags&post=1016729"}],"curies":[{"name":"wp","href":"https:\/\/api.w.org\/{rel}","templated":true}]}}