{"id":101055,"date":"2018-11-13T20:03:42","date_gmt":"2018-11-13T17:03:42","guid":{"rendered":"https:\/\/analyse.optim.biz\/?p=101055"},"modified":"2018-11-13T20:03:42","modified_gmt":"2018-11-13T17:03:42","slug":"finlanda-gata-sa-ia-presedintia-consiliului-ue-in-locul-romaniei-daca-va-fi-nevoie-reactia-mae","status":"publish","type":"post","link":"https:\/\/analyse.optim.biz\/?p=101055","title":{"rendered":"Finlanda, gata s\u0103 ia pre\u0219edin\u021bia Consiliului UE \u00een locul Rom\u00e2niei, dac\u0103 va fi nevoie. Reac\u021bia MAE"},"content":{"rendered":"<div class=\"entry data-app-meta data-app-meta-article\" data-embed-base-url-canonical=\"https:\/\/www.digi24.ro\/embed\/stiri\/externe\/ue\/finlanda-gata-sa-ia-presedintia-ue-in-locul-romaniei-1031839\">\n<p data-index=\"1\"><strong><span lang=\"ro-RO\">Scenariul \u00eengrijor\u0103tor pentru Rom\u00e2nia devine tot mai probabil. Rom\u00e2nia ar putea s\u0103 fie s\u0103rit\u0103 de la pre\u015fedin\u0163ia prin rota\u0163ie a Consiliului Uniunii Europene pentru c\u0103 este, dup\u0103 cum spunea pre\u015fedintele Klaus Iohannis, nepreg\u0103tit\u0103.\u00a0<\/span><\/strong><\/p>\n<p data-index=\"2\"><strong>UPDATE:\u00a0<a href=\"https:\/\/www.digi24.ro\/stiri\/actualitate\/politica\/reactia-mae-dupa-propunerea-finlandei-de-a-prelua-presedintia-consiliului-ue-in-locul-romaniei-1031857\" target=\"_blank\" rel=\"noopener\" data-skip-linkfix=\"1\">Reac\u021bia MAE dup\u0103 propunerea Finlandei de a prelua pre\u0219edin\u021bia Consiliului UE \u00een locul Rom\u00e2niei<\/a><\/strong><\/p>\n<p data-index=\"3\">\u00centr-un interviu ap\u0103rut la radioul public de la Helsinki, premierul finlandez <span lang=\"ro-RO\">Juha Sipil\u00e4\u00a0<\/span>spune c\u0103 nu-\u015fi dore\u015fte, dar, dac\u0103 ar fi nevoie, \u0163ara sa ar putea prelua pre\u015fedin\u0163ia Uniunii Europene de la 1 ianuarie 2019, \u00een loc de 1 iulie, cum e calendarul oficial. O asigurare pentru restul Uniunii Europene c\u0103 lucrurile vor merge bine \u00eentr-o perioad\u0103 extrem de dificil\u0103, \u00een care pe calendar se afl\u0103, \u00eentre altele, Brexit-ul.<\/p>\n<p data-index=\"4\"><span lang=\"ro-RO\">Premierul Finlandei anun\u0163\u0103 deja c\u0103 gr\u0103be\u015fte preg\u0103tirile pentru o eventual\u0103 preluare mai devreme a pre\u015fedin\u0163iei Consiliului Uniunii Europene. Asta \u00een cazul \u00een care va primi o solicitare \u00een acest sens din partea Bucure\u015ftiului. P\u00e2n\u0103 acum nu a primit.<\/span><\/p>\n<p data-index=\"5\"><span lang=\"ro-RO\">Un semnal de alarm\u0103 vine \u00eens\u0103 \u015fi de la pre\u015fedintele Comisiei pentru Afaceri Externe a Parlamentului European.<\/span><\/p>\n<p data-index=\"6\"><span lang=\"ro-RO\">\u201eCriticile pre\u015fedintelui Klaus Iohannis, conform c\u0103rora Rom\u00e2nia nu este preg\u0103tit\u0103 pentru preluarea pre\u015fedin\u0163iei Consiliului UE la 1 ianuarie, c\u00e2nt\u0103resc foarte greu. Pre\u015fedin\u0163ia este extrem de important\u0103 \u00een contextul \u00een care \u00een mai 2019 avem alegeri europarlamentare\u201d, a spus\u00a0<\/span><span lang=\"ro-RO\">David McAllister.<\/span><\/p>\n<p data-index=\"7\"><span lang=\"ro-RO\">Acela\u015fi europarlamentar mai avertizeaz\u0103 c\u0103 \u201epe l\u00e2ng\u0103 preg\u0103tirile logistice pentru pre\u015fedin\u0163ia Rom\u00e2niei a Consiliului UE, guvernul social-democrat ar trebuie s\u0103 aplice f\u0103r\u0103 excep\u0163ie recomand\u0103rile Comisiei Europene \u015fi ale Comisiei de la Vene\u0163ia a Consiliului Europei \u015fi s\u0103 nu fac\u0103 reforme care pun \u00een pericol statul de drept \u015fi independen\u0163a Justi\u0163iei.\u201d<\/span><\/p>\n<p data-index=\"8\"><strong>Cite\u0219te \u0219i<\/strong><\/p>\n<p data-index=\"9\"><a href=\"https:\/\/www.digi24.ro\/stiri\/actualitate\/justitie\/raportul-mcv-bulgaria-laudata-romania-criticata-e-regretabil-ca-a-sistat-reformele-bune-1031656\" data-skip-linkfix=\"1\"><strong>Raportul MCV: Cerem Rom\u00e2niei s\u0103 suspende implementarea legilor justi\u0163iei \u015fi procedurile de revocare \u0219i numire a procurorilor \u0219efi<\/strong><\/a><\/p>\n<p data-index=\"10\"><a href=\"https:\/\/www.digi24.ro\/stiri\/actualitate\/politica\/reactia-lui-klaus-iohannis-dupa-criticile-aspre-din-raportul-mcv-1031704\" data-skip-linkfix=\"1\"><strong>Reac\u021bia lui Klaus Iohannis dup\u0103 criticile aspre din raportul MCV<\/strong><\/a><\/p>\n<p data-index=\"11\"><a href=\"https:\/\/www.digi24.ro\/stiri\/actualitate\/justitie\/bulgaria-primeste-primul-termen-de-ridicare-a-mcv-in-cazul-romaniei-nu-se-poate-pune-problema-1031723\" data-skip-linkfix=\"1\"><strong>Bulgaria prime\u0219te primul termen de ridicare a MCV. \u00cen cazul Rom\u00e2niei, nu se pune problema<\/strong><\/a><\/p>\n<p data-index=\"12\"><a href=\"https:\/\/www.digi24.ro\/stiri\/externe\/ue\/cele-8-recomandari-ale-comisiei-europene-pentru-romania-1031665\" data-skip-linkfix=\"1\"><strong>Cele 8 recomand\u0103ri suplimentare ale Comisiei Europene pentru Rom\u00e2nia<\/strong><\/a><\/p>\n<p data-index=\"13\"><a href=\"https:\/\/www.digi24.ro\/stiri\/actualitate\/politica\/cum-au-votat-eurodeputatii-romani-rezolutia-care-critica-guvernul-psd-votul-care-a-atras-atentia-1031820\" data-skip-linkfix=\"1\"><strong>Cum au votat eurodeputa\u0163ii rom\u00e2ni rezolu\u0163ia care critic\u0103 Guvernul PSD. Votul care a atras aten\u0163ia<\/strong><\/a><\/p>\n<\/div>\n<p> Source URL: https:\/\/www.digi24.ro\/stiri\/externe\/ue\/finlanda-gata-sa-ia-presedintia-ue-in-locul-romaniei-1031839<\/p>\n","protected":false},"excerpt":{"rendered":"<p>Scenariul \u00eengrijor\u0103tor pentru Rom\u00e2nia devine tot mai probabil. Rom\u00e2nia ar putea s\u0103 fie s\u0103rit\u0103 de la pre\u015fedin\u0163ia prin rota\u0163ie a Consiliului Uniunii Europene pentru c\u0103 este, dup\u0103 cum spunea pre\u015fedintele Klaus Iohannis, nepreg\u0103tit\u0103.\u00a0 UPDATE:\u00a0Reac\u021bia MAE dup\u0103 propunerea Finlandei de a prelua pre\u0219edin\u021bia Consiliului UE \u00een locul Rom\u00e2niei \u00centr-un interviu ap\u0103rut la radioul public de la [&hellip;]<\/p>\n","protected":false},"author":1,"featured_media":101056,"comment_status":"open","ping_status":"","sticky":false,"template":"","format":"standard","meta":{"footnotes":""},"categories":[2],"tags":[11],"class_list":["post-101055","post","type-post","status-publish","format-standard","has-post-thumbnail","hentry","category-politics","tag-digi24"],"_links":{"self":[{"href":"https:\/\/analyse.optim.biz\/index.php?rest_route=\/wp\/v2\/posts\/101055","targetHints":{"allow":["GET"]}}],"collection":[{"href":"https:\/\/analyse.optim.biz\/index.php?rest_route=\/wp\/v2\/posts"}],"about":[{"href":"https:\/\/analyse.optim.biz\/index.php?rest_route=\/wp\/v2\/types\/post"}],"author":[{"embeddable":true,"href":"https:\/\/analyse.optim.biz\/index.php?rest_route=\/wp\/v2\/users\/1"}],"replies":[{"embeddable":true,"href":"https:\/\/analyse.optim.biz\/index.php?rest_route=%2Fwp%2Fv2%2Fcomments&post=101055"}],"version-history":[{"count":0,"href":"https:\/\/analyse.optim.biz\/index.php?rest_route=\/wp\/v2\/posts\/101055\/revisions"}],"wp:featuredmedia":[{"embeddable":true,"href":"https:\/\/analyse.optim.biz\/index.php?rest_route=\/wp\/v2\/media\/101056"}],"wp:attachment":[{"href":"https:\/\/analyse.optim.biz\/index.php?rest_route=%2Fwp%2Fv2%2Fmedia&parent=101055"}],"wp:term":[{"taxonomy":"category","embeddable":true,"href":"https:\/\/analyse.optim.biz\/index.php?rest_route=%2Fwp%2Fv2%2Fcategories&post=101055"},{"taxonomy":"post_tag","embeddable":true,"href":"https:\/\/analyse.optim.biz\/index.php?rest_route=%2Fwp%2Fv2%2Ftags&post=101055"}],"curies":[{"name":"wp","href":"https:\/\/api.w.org\/{rel}","templated":true}]}}