{"id":101052,"date":"2018-11-13T20:37:39","date_gmt":"2018-11-13T17:37:39","guid":{"rendered":"https:\/\/analyse.optim.biz\/?p=101052"},"modified":"2018-11-13T20:37:39","modified_gmt":"2018-11-13T17:37:39","slug":"reactia-mae-dupa-propunerea-finlandei-de-a-prelua-presedintia-consiliului-ue-in-locul-romaniei","status":"publish","type":"post","link":"https:\/\/analyse.optim.biz\/?p=101052","title":{"rendered":"Reac\u021bia MAE dup\u0103 propunerea Finlandei de a prelua pre\u0219edin\u021bia Consiliului UE \u00een locul Rom\u00e2niei"},"content":{"rendered":"<div class=\"entry data-app-meta data-app-meta-article\" data-embed-base-url-canonical=\"https:\/\/www.digi24.ro\/embed\/stiri\/actualitate\/politica\/reactia-mae-dupa-propunerea-finlandei-de-a-prelua-presedintia-consiliului-ue-in-locul-romaniei-1031857\">\n<p data-index=\"1\"><strong>\u201eRom\u00e2nia este preg\u0103tit\u0103 pentru preluarea, la 1 ianuarie 2019, a mandatului Pre\u0219edin\u021biei Consiliului Uniunii Europene, iar preg\u0103tirile se desf\u0103\u0219oar\u0103 conform calendarului\u201d, arat\u0103\u00a0Ministerul Afacerilor Externe de la Bucure\u0219ti, \u00eentr-un comunicat publicat mar\u021bi sear\u0103, ca r\u0103spuns la\u00a0<a href=\"https:\/\/www.digi24.ro\/stiri\/externe\/ue\/finlanda-gata-sa-ia-presedintia-ue-in-locul-romaniei-1031839\" target=\"_blank\" rel=\"noopener\" data-skip-linkfix=\"1\"> ideea lansat\u0103 de premierul Finlandei ca \u021bara sa s\u0103 preia mai devreme pre\u0219edin\u021bia rotativ\u0103 a Consiliului Uniunii Europene<\/a>, \u00een cazul \u00een care \u021bara noastr\u0103 o va cere.\u00a0<\/strong><strong>\u00cen plus, MAE arat\u0103 c\u0103 Guvernul D\u0103ncil\u0103 nu ini\u021bia o solicitare \u00een acest sens.<\/strong><\/p>\n<figure class=\"article-thumb\"><img decoding=\"async\" src=\"https:\/\/analyse.optim.biz\/wp-content\/uploads\/2024\/09\/ndcznty4njm3zjizn2q5mdg3yzrmn2ixyzdlnwjin2u-thumb_.jpg\" alt=\"maas heiko melescanu_Inquam Photos Octav Ganea (3)\" data-skip-htmlfix=\"1\" title=\"ndcznty4njm3zjizn2q5mdg3yzrmn2ixyzdlnwjin2u-thumb_\"><figcaption> Foto: InquamPhotos\/Octav Ganea <\/figcaption><\/figure>\n<p data-index=\"2\">Comunicatul MAE:<\/p>\n<p data-index=\"3\">\u201e\u00cen contextul apari\u021biei \u00een mass media a unor informa\u021bii conform c\u0103rora Rom\u00e2nia nu ar fi preg\u0103tit\u0103 s\u0103 preia mandatul Pre\u0219edin\u021biei Consiliului Uniunii Europene, iar guvernul finlandez \u0219i-ar fi exprimat disponibilitatea de a acorda sprijin, inclusiv prin devansarea exercit\u0103rii mandatului de c\u0103tre Finlanda a Pre\u0219edin\u021biei Consiliului Uniunii Europene, \u00eencep\u00e2nd cu 1 ianuarie 2019, Ministerul Afacerilor Externe face urm\u0103toarele preciz\u0103ri:<\/p>\n<p data-index=\"4\">A\u0219a cum Guvernul Rom\u00e2niei a reiterat \u00een nenum\u0103rate r\u00e2nduri, Rom\u00e2nia este preg\u0103tit\u0103 pentru preluarea, la 1 ianuarie 2019, a mandatului Pre\u0219edin\u021biei Consiliului Uniunii Europene, iar preg\u0103tirile se desf\u0103\u0219oar\u0103 conform calendarului.<\/p>\n<p data-index=\"5\">De asemenea, atragem aten\u021bia c\u0103 Guvernul finlandez apreciaz\u0103 c\u0103 preg\u0103tirea Rom\u00e2niei privind preluarea Pre\u0219edin\u021biei Consiliului Uniunii Europene este \u00een grafic, iar dialogul \u00een cadrul formatului TRIO confirm\u0103, \u00eenc\u0103 o dat\u0103, capacitatea Rom\u00e2niei de a exercita cu succes acest mandat.<\/p>\n<p data-index=\"6\">\u00cen urma clarific\u0103rilor oferite de Ambasada Rom\u00e2niei la Helsinki, principalul cotidian finlandez a publicat o actualizare a informa\u021biei care trateaz\u0103 declara\u021biile oficialilor finlandezi, actualizare ce cuprinde pozi\u021bia Executivului rom\u00e2n \u0219i clarific\u0103 faptul c\u0103 Rom\u00e2nia nu se afl\u0103 \u00een imposibilitatea de a-\u0219i exercita mandatul de Pre\u0219edin\u021bie a Consiliului UE \u0219i nu va solicita asisten\u021b\u0103, \u00een acest sens, Guvernului finlandez.<\/p>\n<p data-index=\"7\">Reiter\u0103m c\u0103 exercitarea \u00een bune condi\u021bii a mandatului privind Pre\u0219edin\u021bia Rom\u00e2niei a Consiliului Uniunii Europene este un exerci\u021biu comun, care trebuie s\u0103 aib\u0103 la baz\u0103 un consens politic \u00eentre toate institu\u021biile statului \u0219i un dialog deschis \u0219i onest, care s\u0103 permit\u0103 Rom\u00e2niei s\u0103 \u00eendeplineasc\u0103 cu succes aceast\u0103 responsabilitate. Acest mandat constituie o oportunitate pentru confirmarea angajamentului Rom\u00e2niei fa\u021b\u0103 de Uniunea European\u0103 \u0219i de promovarea valorilor sale, c\u00e2t \u0219i a consolid\u0103rii \u0219i articul\u0103rii rolului Rom\u00e2niei la nivelul statelor membre.<\/p>\n<p data-index=\"8\">Nu \u00een ultimul r\u00e2nd, subliniem importan\u021ba trat\u0103rii cu maturitate a unor informa\u021bii care nu sunt fundamentate pe demersuri reale \u0219i care pot afecta imaginea Rom\u00e2niei \u0219i influen\u021ba credibilitatea \u0219i statutul s\u0103u la nivel european.\u201d<\/p>\n<\/div>\n<p> Source URL: https:\/\/www.digi24.ro\/stiri\/actualitate\/politica\/reactia-mae-dupa-propunerea-finlandei-de-a-prelua-presedintia-consiliului-ue-in-locul-romaniei-1031857<\/p>\n","protected":false},"excerpt":{"rendered":"<p>\u201eRom\u00e2nia este preg\u0103tit\u0103 pentru preluarea, la 1 ianuarie 2019, a mandatului Pre\u0219edin\u021biei Consiliului Uniunii Europene, iar preg\u0103tirile se desf\u0103\u0219oar\u0103 conform calendarului\u201d, arat\u0103\u00a0Ministerul Afacerilor Externe de la Bucure\u0219ti, \u00eentr-un comunicat publicat mar\u021bi sear\u0103, ca r\u0103spuns la\u00a0 ideea lansat\u0103 de premierul Finlandei ca \u021bara sa s\u0103 preia mai devreme pre\u0219edin\u021bia rotativ\u0103 a Consiliului Uniunii Europene, \u00een cazul [&hellip;]<\/p>\n","protected":false},"author":1,"featured_media":101053,"comment_status":"open","ping_status":"","sticky":false,"template":"","format":"standard","meta":{"footnotes":""},"categories":[2],"tags":[11],"class_list":["post-101052","post","type-post","status-publish","format-standard","has-post-thumbnail","hentry","category-politics","tag-digi24"],"_links":{"self":[{"href":"https:\/\/analyse.optim.biz\/index.php?rest_route=\/wp\/v2\/posts\/101052","targetHints":{"allow":["GET"]}}],"collection":[{"href":"https:\/\/analyse.optim.biz\/index.php?rest_route=\/wp\/v2\/posts"}],"about":[{"href":"https:\/\/analyse.optim.biz\/index.php?rest_route=\/wp\/v2\/types\/post"}],"author":[{"embeddable":true,"href":"https:\/\/analyse.optim.biz\/index.php?rest_route=\/wp\/v2\/users\/1"}],"replies":[{"embeddable":true,"href":"https:\/\/analyse.optim.biz\/index.php?rest_route=%2Fwp%2Fv2%2Fcomments&post=101052"}],"version-history":[{"count":0,"href":"https:\/\/analyse.optim.biz\/index.php?rest_route=\/wp\/v2\/posts\/101052\/revisions"}],"wp:featuredmedia":[{"embeddable":true,"href":"https:\/\/analyse.optim.biz\/index.php?rest_route=\/wp\/v2\/media\/101053"}],"wp:attachment":[{"href":"https:\/\/analyse.optim.biz\/index.php?rest_route=%2Fwp%2Fv2%2Fmedia&parent=101052"}],"wp:term":[{"taxonomy":"category","embeddable":true,"href":"https:\/\/analyse.optim.biz\/index.php?rest_route=%2Fwp%2Fv2%2Fcategories&post=101052"},{"taxonomy":"post_tag","embeddable":true,"href":"https:\/\/analyse.optim.biz\/index.php?rest_route=%2Fwp%2Fv2%2Ftags&post=101052"}],"curies":[{"name":"wp","href":"https:\/\/api.w.org\/{rel}","templated":true}]}}