{"id":101041,"date":"2018-11-13T20:48:28","date_gmt":"2018-11-13T17:48:28","guid":{"rendered":"https:\/\/analyse.optim.biz\/?p=101041"},"modified":"2018-11-13T20:48:28","modified_gmt":"2018-11-13T17:48:28","slug":"c-t-popescu-mcv-arata-ca-romania-nu-are-ce-cauta-la-presedintia-consiliului-ue","status":"publish","type":"post","link":"https:\/\/analyse.optim.biz\/?p=101041","title":{"rendered":"C.T. Popescu: MCV arat\u0103 c\u0103 Rom\u00e2nia nu are ce c\u0103uta la pre\u015fedin\u0163ia Consiliului UE"},"content":{"rendered":"<div class=\"entry data-app-meta data-app-meta-article\" data-embed-base-url-canonical=\"https:\/\/www.digi24.ro\/embed\/stiri\/actualitate\/politica\/c-t-popescu-mcv-arata-ca-romania-nu-are-ce-cauta-la-presedintia-consiliului-ue-1031856\">\n<p align=\"LEFT\" data-index=\"1\"><strong>\u201eComisia va continua s\u0103 monitorizeze \u00eendeaproape situa\u021bia \u0219i va efectua o evaluare \u00een acest sens \u00eenainte de \u00eencheierea mandatului actualei Comisii. Punerea imediat\u0103 \u00een aplicare a m\u0103surilor suplimentare este esen\u021bial\u0103 pentru a readuce procesul de reform\u0103 pe calea cea bun\u0103 \u0219i pentru a permite revenirea la traiectoria care va permite \u00eencheierea procesului MCV, astfel cum se men\u021biona \u00een raportul din ianuarie 2017\u201d, a transmis<a href=\"https:\/\/www.digi24.ro\/stiri\/actualitate\/justitie\/raportul-mcv-bulgaria-laudata-romania-criticata-e-regretabil-ca-a-sistat-reformele-bune-1031656\" target=\"_blank\" rel=\"noopener\" data-skip-linkfix=\"1\">\u00a0Comisia European\u0103, mar\u021bi, \u00een raportul MCV<\/a>. Jurnalistul Cristian Tudor Popescu a f\u0103cut o analiz\u0103 dur\u0103 a reac\u0163iilor pe care politicienii puterii le-au avut cu privire la acest raport. &#8220;C\u00e2t se mai poate duce aceast\u0103 fanfaronad\u0103 cretin\u0103 f\u0103cut\u0103 pentru uzul publicului din Rom\u00e2nia?&#8221;, s-a \u00eentrebat jurnalistul care a subliniat c\u0103 raportul MCV\u00a0duce spre concluzia c\u0103 Rom\u00e2nia nu are ce c\u0103uta la pre\u015fedin\u0163ia Consiliului UE.<\/strong><\/p>\n<p align=\"LEFT\" data-index=\"2\">&#8220;Avem un breaking news ast\u0103zi, \u0219tim \u00een sf\u00e2r\u0219it, afl\u0103m un lucru extrem de important din Raport, cine este statul paralel, din cele 8 cerin\u021be transmise Rom\u00e2niei rezult\u0103 clar c\u0103 statul paralele este chiar UE. Ce Kovesi, Laz\u0103r, toate acestea nu sunt dec\u00e2t cozile de topor ale\u00a0 statului paralel Bruxelles, care, potrivit lui \u015eerban Nicolae, tocmai ne d\u0103 o lovitur\u0103 de stat mai tare dec\u00e2t cea din 10 august. A\u0219a spune senatorul PSD.<\/p>\n<p align=\"LEFT\" data-index=\"3\">M\u0103car \u0219tim acum cine este statul paralel, nu are rost s\u0103 se mai \u00eencurce Dragnea, T\u0103riceanu, se bat cu statul paralel de la Bruxelles.<\/p>\n<p align=\"LEFT\" data-index=\"4\">Octologul acesta, ori vor accepta aceste cerin\u021be, ori nu, \u0219i vor exclude Rom\u00e2nia din UE a\u0219a cum sunt exclu\u0219i puci\u0219tii din PSD.<\/p>\n<p align=\"LEFT\" data-index=\"5\">T\u0103riceanu e de p\u0103rere c\u0103 Comisia European\u0103 intr\u0103 \u00een zona politicului, iat\u0103 c\u0103 \u0219i Raportul Comisiei Europene este politic, spune T\u0103riceanu \u0219i rezult\u0103 c\u0103 este dezinformat\u0103 Comisia European\u0103. C\u00e2t se mai poate duce aceast\u0103 fanfaronad\u0103 cretin\u0103 f\u0103cut\u0103 pentru uzul publicului din Rom\u00e2nia?<\/p>\n<p align=\"LEFT\" data-index=\"6\">Dup\u0103 ce s-a dus la Strasbourg D\u0103ncil\u0103 \u0219i i-a sictirit pe europeni, dup\u0103 ce parlamentarii cei mai mul\u021bi au cerut s\u0103 nu fie o Rezolu\u021bie, pentru c\u0103 Rom\u00e2nia urmeaz\u0103 s\u0103 preia pre\u0219edin\u021bia Consiliului UE, ce logic\u0103 mimat\u0103, Iohannis a schimbat macazul, ini\u021bial a spus \u0219i el c\u0103 nu e bine s\u0103 fie rezolu\u021bie. Dimpotriv\u0103, tocmai pentru c\u0103 Rom\u00e2nia urmeaz\u0103 s\u0103 aib\u0103 aceast\u0103 func\u021bie \u00eengrozitor de important\u0103 \u00een UE, de aceea trebuie s\u0103 existe o analiz\u0103 din partea beneficiarilor, a europenilor.<\/p>\n<p align=\"LEFT\" data-index=\"7\">Aceast\u0103 analiz\u0103 arat\u0103 ce? C\u0103 dac\u0103 Rom\u00e2nia refuz\u0103 prin reprezentan\u021bii puterii ei s\u0103 implementeze aceste 8 cerin\u021be din partea Comisiei Europene nu are ce c\u0103uta la pre\u0219edin\u021bia Consiliului UE. De ce s\u0103 te mai duci, dac\u0103 Comisia European\u0103 este dezinformat\u0103, cum spune al doilea om \u00een stat din Rom\u00e2nia, ce s\u0103 mai caute?<\/p>\n<p align=\"LEFT\" data-index=\"8\">L-o fi auzit pe Dragnea, care a zis ce a zis ast\u0103zi, c\u0103 jurnalistul care a publicat undeva pe un site informa\u021bia c\u0103 \u00een precedentul Complet de 5 de la ICCJ, scorul era de 3, la 2. Jurnalistul a publicat ce crede c\u0103 \u0219tie. Nu a spus acolo c\u0103 Dragnea este criminal interna\u021bional, c\u0103 D\u0103ncil\u0103 a fugit cu trezoreria statului, drept care Dragnea, al treilea om \u00een stat, pronun\u021b\u0103 aceast\u0103 bezn\u0103 a min\u021bii c\u0103 jurnalistul respectiv trebuie tras la r\u0103spundere. \u00cen\u021belegem de ce vorbe\u0219te Timmermans despre libertatea presei \u00een Rom\u00e2nia.<\/p>\n<p align=\"LEFT\" data-index=\"9\">Aceste lucruri pe care le spune Comisia European\u0103 le-am spus \u0219i noi, jurnali\u0219tii \u0219i oamenii cu opinie din \u021bar\u0103 asta, am spus lucruri evidente. Cum s\u0103 nu fie de domeniul bunului simt ce spune Comisia European\u0103 c\u0103 trebuie s\u0103 \u021binem seama de avizul negativ al CSM, al organismului cel mai \u00eendrept\u0103\u021bit din bran\u0219\u0103, CSM, ce poate fi mai de bun sim\u0163? Dar, domnii ace\u0219tia Dragnea, T\u0103riceanu \u0219i asocia\u021bii nu vor \u021bine seama de aceste solicit\u0103ri dintr-un motiv foarte simplu: ei nu pot exista \u00eentr-o Rom\u00e2nie cu adev\u0103rat european\u0103, c\u00e2nd va fi Rom\u00e2nia o \u021bar\u0103 cu adev\u0103rat european\u0103, indivizi c\u0103 Dragnea, T\u0103riceanu vor disp\u0103rea c\u0103 \u0219i cum nici nu ar fi existat&#8221;, a declarat Cristian Tudor Popescu.<\/p>\n<h2 id=\"highlight-1031856-1\">Cele opt recomand\u0103ri suplimentare pentru Rom\u00e2nia:<\/h2>\n<p data-index=\"10\"><strong>1. Legile justi\u021biei<\/strong><\/p>\n<ul>\n<li>Suspendarea imediat\u0103 a punerii \u00een aplicare a legilor justi\u021biei \u0219i a ordonan\u021belor de urgen\u021b\u0103 ulterioare.<\/li>\n<li>Revizuirea legilor justi\u021biei \u021bin\u00e2nd seama pe deplin at\u00e2t de recomand\u0103rile formulate \u00een cadrul MCV, c\u00e2t \u0219i de cele formulate de Comisia de la Vene\u021bia \u0219i de Grupul de state \u00eempotriva corup\u021biei al Consiliului Europei (GRECO).<\/li>\n<\/ul>\n<p data-index=\"11\"><strong>2. Numirile\/revoc\u0103rile \u00een cadrul sistemului judiciar<\/strong><\/p>\n<ul>\n<li>Suspendarea imediat\u0103 a tuturor procedurilor de numire \u0219i revocare aflate \u00een curs care vizeaz\u0103 procurori \u00een func\u021bii-cheie.<\/li>\n<li>Relansarea procesului de numire a unui procuror-\u0219ef al DNA care s\u0103 aib\u0103 experien\u021b\u0103 dovedit\u0103 \u00een domeniul urm\u0103ririi penale a infrac\u021biunilor de corup\u021bie \u0219i un mandat clar pentru ca DNA s\u0103 continue efectuarea de anchete profesioniste, independente \u0219i impar\u021biale \u00een cazurile de corup\u021bie.<\/li>\n<li>Numirea imediat\u0103, de c\u0103tre Consiliul Superior al Magistraturii, a unei echipe interimare de conducere a Inspec\u021biei Judiciare \u0219i numirea, \u00een termen de trei luni, prin concurs, a unei noi conduceri a acestei institu\u021bii.<\/li>\n<li>Respectarea avizelor negative ale Consiliului Superior al Magistraturii referitoare la numirea sau revocarea unor procurori cu func\u021bii de conducere p\u00e2n\u0103 la intrarea \u00een vigoare a unui nou cadru legislativ, \u00een conformitate cu recomandarea 1 din ianuarie 2017.<\/li>\n<\/ul>\n<p data-index=\"12\"><strong>3. Codul penal \u0219i Codul de procedur\u0103 penal\u0103<\/strong><\/p>\n<ul>\n<li>\u00cenghe\u021barea intr\u0103rii \u00een vigoare a modific\u0103rilor propuse a fi aduse Codului penal \u0219i Codului de procedur\u0103 penal\u0103.<\/li>\n<li>Relansarea procesului de revizuire a Codului penal \u0219i a Codului de procedur\u0103 penal\u0103 \u021bin\u00e2nd seama pe deplin de necesitatea de a se asigura compatibilitatea acestor coduri cu dreptul UE \u0219i cu instrumentele interna\u021bionale \u00een materie de combatere a corup\u021biei, precum \u0219i cu recomand\u0103rile formulate \u00een cadrul MCV \u0219i cu avizul Comisiei de la Vene\u021bia.<\/li>\n<\/ul>\n<\/div>\n<p> Source URL: https:\/\/www.digi24.ro\/stiri\/actualitate\/politica\/c-t-popescu-mcv-arata-ca-romania-nu-are-ce-cauta-la-presedintia-consiliului-ue-1031856<\/p>\n","protected":false},"excerpt":{"rendered":"<p>\u201eComisia va continua s\u0103 monitorizeze \u00eendeaproape situa\u021bia \u0219i va efectua o evaluare \u00een acest sens \u00eenainte de \u00eencheierea mandatului actualei Comisii. Punerea imediat\u0103 \u00een aplicare a m\u0103surilor suplimentare este esen\u021bial\u0103 pentru a readuce procesul de reform\u0103 pe calea cea bun\u0103 \u0219i pentru a permite revenirea la traiectoria care va permite \u00eencheierea procesului MCV, astfel cum [&hellip;]<\/p>\n","protected":false},"author":1,"featured_media":101042,"comment_status":"open","ping_status":"","sticky":false,"template":"","format":"standard","meta":{"footnotes":""},"categories":[2],"tags":[11],"class_list":["post-101041","post","type-post","status-publish","format-standard","has-post-thumbnail","hentry","category-politics","tag-digi24"],"_links":{"self":[{"href":"https:\/\/analyse.optim.biz\/index.php?rest_route=\/wp\/v2\/posts\/101041","targetHints":{"allow":["GET"]}}],"collection":[{"href":"https:\/\/analyse.optim.biz\/index.php?rest_route=\/wp\/v2\/posts"}],"about":[{"href":"https:\/\/analyse.optim.biz\/index.php?rest_route=\/wp\/v2\/types\/post"}],"author":[{"embeddable":true,"href":"https:\/\/analyse.optim.biz\/index.php?rest_route=\/wp\/v2\/users\/1"}],"replies":[{"embeddable":true,"href":"https:\/\/analyse.optim.biz\/index.php?rest_route=%2Fwp%2Fv2%2Fcomments&post=101041"}],"version-history":[{"count":0,"href":"https:\/\/analyse.optim.biz\/index.php?rest_route=\/wp\/v2\/posts\/101041\/revisions"}],"wp:featuredmedia":[{"embeddable":true,"href":"https:\/\/analyse.optim.biz\/index.php?rest_route=\/wp\/v2\/media\/101042"}],"wp:attachment":[{"href":"https:\/\/analyse.optim.biz\/index.php?rest_route=%2Fwp%2Fv2%2Fmedia&parent=101041"}],"wp:term":[{"taxonomy":"category","embeddable":true,"href":"https:\/\/analyse.optim.biz\/index.php?rest_route=%2Fwp%2Fv2%2Fcategories&post=101041"},{"taxonomy":"post_tag","embeddable":true,"href":"https:\/\/analyse.optim.biz\/index.php?rest_route=%2Fwp%2Fv2%2Ftags&post=101041"}],"curies":[{"name":"wp","href":"https:\/\/api.w.org\/{rel}","templated":true}]}}