{"id":101028,"date":"2018-11-13T22:28:01","date_gmt":"2018-11-13T19:28:01","guid":{"rendered":"https:\/\/analyse.optim.biz\/?p=101028"},"modified":"2018-11-13T22:28:01","modified_gmt":"2018-11-13T19:28:01","slug":"g4media-dragnea-s-a-intalnit-cu-gabriel-oprea-pentru-o-posibila-alianta-psd-unpr","status":"publish","type":"post","link":"https:\/\/analyse.optim.biz\/?p=101028","title":{"rendered":"G4Media: Dragnea s-a \u00eent\u00e2lnit cu Gabriel Oprea pentru o posibil\u0103 alian\u021b\u0103 PSD-UNPR"},"content":{"rendered":"<div class=\"entry data-app-meta data-app-meta-article\" data-embed-base-url-canonical=\"https:\/\/www.digi24.ro\/embed\/stiri\/actualitate\/politica\/g4media-dragnea-s-a-intalnit-cu-gabriel-oprea-pentru-o-posibila-alianta-psd-unpr-1031896\">\n<p data-index=\"1\"><strong><span lang=\"ro-RO\">Liviu Dragnea \u0219i Gabriel Oprea s-au \u00eent\u00e2lnit la un restaurant din Bucure\u0219ti pentru a discuta despre o posibil\u0103 alian\u021b\u0103 dintre PSD \u0219i UNPR, relateaz\u0103 G4Media.ro cit\u00e2nd surse apropiate celor doi.<\/span><\/strong><\/p>\n<figure class=\"article-thumb\"><img decoding=\"async\" src=\"https:\/\/analyse.optim.biz\/wp-content\/uploads\/2024\/09\/ptgwmcz6yz0xjmhhc2g9nzi2odrkztrmowjlzjhmnmvhntniogqxnwyyzwe5zdk-thumb_.jpg\" alt=\"liviu dragnea gabriel oprea 20160204_psd_unpr_09_INQ_Octav_Ganea\" data-skip-htmlfix=\"1\" title=\"ptgwmcz6yz0xjmhhc2g9nzi2odrkztrmowjlzjhmnmvhntniogqxnwyyzwe5zdk-thumb_\"><figcaption> Foto: InquamPhotos\/Octav Ganea <\/figcaption><\/figure>\n<p data-index=\"2\"><span lang=\"ro-RO\">\u00cent\u00e2lnirea Dragnea-Oprea a avut loc pe 8 noiembrie. <\/span>Apropierea liderului PSD de Gabriel Oprea ar avea ca scop, pe l\u00e2ng\u0103 calculele de ordin politic, \u0219i\u00a0bunele rela\u021bii pe care acesta le-a \u00eentre\u021binut \u0219i \u00eenc\u0103 le-ar avea cu \u201estatul paralel\u201d, denun\u021bat \u0219i atacat de liderul PSD de c\u00e2te ori are ocazia, precizeaz\u0103 sursa citat\u0103.<\/p>\n<p data-index=\"3\">G4Media precizeaz\u0103 c\u0103 la \u00eent\u00e2lnie au participat \u0219i Codrin \u0218tef\u0103nescu\u00a0\u0219i\u00a0Marian Opri\u0219an.<\/p>\n<p data-index=\"4\">\u0218i la \u00eenceputul lui 2016, Liviu Dragnea a discutat cu Oprea despre o posibil\u0103 alian\u021b\u0103 cu UNPR, \u00eens\u0103 Oprea a decis atunci fuziunea cu PMP-ul lui Traian B\u0103sescu, pe care a denun\u021bat-o ulterior. Sursa citat\u0103 aminte\u0219te c\u0103 Liviu Dragnea l-a acuzat pe Oprea la \u00eenceputului anului \u00een repetate r\u00e2nduri c\u0103 ar fi omului \u201estatului paralel\u201d.<\/p>\n<p data-index=\"5\"><span lang=\"ro-RO\">Citi\u021bi mai multe pe <a href=\"https:\/\/www.g4media.ro\/exclusiv-dragnea-s-a-intalnit-la-un-restaurant-cu-omul-sistemului-gabriel-oprea-pentru-a-discuta-o-posibila-alianta-psd-unpr.html\" target=\"_blank\" rel=\"noopener\" data-skip-linkfix=\"1\">G4Media<\/a>.<\/span><\/p>\n<\/div>\n<p> Source URL: https:\/\/www.digi24.ro\/stiri\/actualitate\/politica\/g4media-dragnea-s-a-intalnit-cu-gabriel-oprea-pentru-o-posibila-alianta-psd-unpr-1031896<\/p>\n","protected":false},"excerpt":{"rendered":"<p>Liviu Dragnea \u0219i Gabriel Oprea s-au \u00eent\u00e2lnit la un restaurant din Bucure\u0219ti pentru a discuta despre o posibil\u0103 alian\u021b\u0103 dintre PSD \u0219i UNPR, relateaz\u0103 G4Media.ro cit\u00e2nd surse apropiate celor doi. Foto: InquamPhotos\/Octav Ganea \u00cent\u00e2lnirea Dragnea-Oprea a avut loc pe 8 noiembrie. Apropierea liderului PSD de Gabriel Oprea ar avea ca scop, pe l\u00e2ng\u0103 calculele de [&hellip;]<\/p>\n","protected":false},"author":1,"featured_media":101029,"comment_status":"open","ping_status":"","sticky":false,"template":"","format":"standard","meta":{"footnotes":""},"categories":[2],"tags":[11],"class_list":["post-101028","post","type-post","status-publish","format-standard","has-post-thumbnail","hentry","category-politics","tag-digi24"],"_links":{"self":[{"href":"https:\/\/analyse.optim.biz\/index.php?rest_route=\/wp\/v2\/posts\/101028","targetHints":{"allow":["GET"]}}],"collection":[{"href":"https:\/\/analyse.optim.biz\/index.php?rest_route=\/wp\/v2\/posts"}],"about":[{"href":"https:\/\/analyse.optim.biz\/index.php?rest_route=\/wp\/v2\/types\/post"}],"author":[{"embeddable":true,"href":"https:\/\/analyse.optim.biz\/index.php?rest_route=\/wp\/v2\/users\/1"}],"replies":[{"embeddable":true,"href":"https:\/\/analyse.optim.biz\/index.php?rest_route=%2Fwp%2Fv2%2Fcomments&post=101028"}],"version-history":[{"count":0,"href":"https:\/\/analyse.optim.biz\/index.php?rest_route=\/wp\/v2\/posts\/101028\/revisions"}],"wp:featuredmedia":[{"embeddable":true,"href":"https:\/\/analyse.optim.biz\/index.php?rest_route=\/wp\/v2\/media\/101029"}],"wp:attachment":[{"href":"https:\/\/analyse.optim.biz\/index.php?rest_route=%2Fwp%2Fv2%2Fmedia&parent=101028"}],"wp:term":[{"taxonomy":"category","embeddable":true,"href":"https:\/\/analyse.optim.biz\/index.php?rest_route=%2Fwp%2Fv2%2Fcategories&post=101028"},{"taxonomy":"post_tag","embeddable":true,"href":"https:\/\/analyse.optim.biz\/index.php?rest_route=%2Fwp%2Fv2%2Ftags&post=101028"}],"curies":[{"name":"wp","href":"https:\/\/api.w.org\/{rel}","templated":true}]}}