{"id":100754,"date":"2018-11-14T00:02:50","date_gmt":"2018-11-13T21:02:50","guid":{"rendered":"https:\/\/analyse.optim.biz\/?p=100754"},"modified":"2018-11-14T00:02:50","modified_gmt":"2018-11-13T21:02:50","slug":"legea-pensiilor-votata-de-toti-senatorii-din-comisia-de-munca-pensiile-speciale-s-au-pastrat","status":"publish","type":"post","link":"https:\/\/analyse.optim.biz\/?p=100754","title":{"rendered":"Legea pensiilor, votat\u0103 de to\u0163i senatorii din Comisia de Munc\u0103. Pensiile speciale s-au p\u0103strat"},"content":{"rendered":"<div class=\"entry data-app-meta data-app-meta-article\" data-embed-base-url-canonical=\"https:\/\/www.digi24.ro\/embed\/stiri\/actualitate\/social\/legea-pensiilor-votata-de-toti-senatorii-din-comisia-de-munca-pensiile-speciale-s-au-pastrat-1031967\">\n<p data-index=\"1\"><strong><a href=\"https:\/\/www.digi24.ro\/stiri\/economie\/finante-economie\/pensii-pe-card-din-2019-tot-ce-trebuie-sa-stii-despre-pensia-pe-card-si-comisioane-1017931\" data-skip-linkfix=\"1\">Legea pensiilor<\/a> a primit und\u0103 verde din partea senatorilor din Comisia de Munc\u0103. S-a dat raport favorabil. Urmeaz\u0103 votul \u00een plenul Senatului. Decizia final\u0103 le apar\u0163ine, \u00eens\u0103, deputa\u0163ilor. Nu s-au f\u0103cut modific\u0103ri semnificative fa\u0163\u0103 de varianta propus\u0103 de Guvern pentru a nu exista riscul ca aceast\u0103 lege s\u0103 devin\u0103 imposibil de aplicat, spune ministrul Olgu\u0163a Vasilescu. \u00cen acela\u015fi timp, ale\u015fii din opozi\u0163ie critic\u0103 faptul c\u0103 s-au p\u0103strat <a href=\"https:\/\/www.digi24.ro\/stiri\/actualitate\/politica\/pensie-speciala-pentru-avocatul-poporului-cat-ar-urma-sa-primeasca-ciorbea-1014070\" data-skip-linkfix=\"1\">pensiile speciale<\/a>.<\/strong><\/p>\n<p data-index=\"2\">Niciun senator din Comisia de Munc\u0103 nu a votat \u00eempotriva noii legi a pensiilor, iar proiectul a avut doar mici modific\u0103ri astfel \u00eenc\u00e2t s\u0103 nu dea peste cap bugetul asigur\u0103rilor sociale.<\/p>\n<p data-index=\"3\"><span lang=\"ro-RO\">Olgu\u0163a Vasilescu, ministrul Muncii: \u201eNu am acceptat niciun fel de amendament care \u00eensemna un impact mai mare al legii pentru c\u0103 orice ban \u00een plus peste suma deja dubl\u0103 a bugetului asigur\u0103rilor ar duce la inaplicarea legii.<\/span><\/p>\n<p data-index=\"4\">Ne dorim pensii dublate fa\u0163\u0103 de anul 2016 \u015fi prin aceast\u0103 lege asta se \u00eent\u00e2mpl\u0103\u201d.<\/p>\n<p data-index=\"5\">Legea nu este sus\u0163inut\u0103 de opozi\u0163ie pentru c\u0103, potrivit celor de la PNL \u015fi USR, nu va face dec\u00e2t s\u0103 ad\u00e2nceasc\u0103 deficitul bugetar.<\/p>\n<p data-index=\"6\"><span lang=\"ro-RO\">Florina Presad\u0103, senator USR: \u201eNu am v\u0103zut nic\u0103ieri o justificare pentru existen\u0163a unei noi legi a pensiilor. Noi consider\u0103m c\u0103 cea veche putea fi \u00eembun\u0103t\u0103\u0163it\u0103. <\/span><\/p>\n<p data-index=\"7\">Nu s-a specificat nic\u0103ieri, concret, care este costul administrativ al recalcul\u0103rii celor peste 5 milioande de dosare de pensie\u201d.<\/p>\n<p data-index=\"8\"><span lang=\"ro-RO\">Carmen Har\u0103u, senator PNL: \u201eSuntem foarte nemul\u0163umi\u0163i c\u0103 \u00een continuare se p\u0103streaz\u0103 pensiile speciale. <\/span>Nu putem fi de acord cu aceast\u0103 lege f\u0103cut\u0103 \u00een trap \u015fi galop \u00een comisia de munc\u0103 a Senatului\u201d.<\/p>\n<p data-index=\"9\"><span lang=\"ro-RO\">Luna trecut\u0103, Executivul a aprobat proiectul noii legi a pensiilor, al c\u0103rei impact financiar va fi \u00een 2019 de 8,4 miliarde de lei, iar \u00een 2020 ar urma s\u0103 ajung\u0103 la aproape 25 de miliarde de lei. Proiectul de lege prevede cre\u015fteri etapizate ale punctului de pensie, p\u00e2n\u0103 \u00een anul 2021. Punctul de pensie va ajunge la 45% din valoarea salariului mediu brut pe economie. Ministrul Muncii d\u0103 asigur\u0103ri c\u0103 nicio pensie aflat\u0103 \u00een plat\u0103 nu va sc\u0103dea. <\/span><\/p>\n<\/div>\n<p> Source URL: https:\/\/www.digi24.ro\/stiri\/actualitate\/social\/legea-pensiilor-votata-de-toti-senatorii-din-comisia-de-munca-pensiile-speciale-s-au-pastrat-1031967<\/p>\n","protected":false},"excerpt":{"rendered":"<p>Legea pensiilor a primit und\u0103 verde din partea senatorilor din Comisia de Munc\u0103. S-a dat raport favorabil. Urmeaz\u0103 votul \u00een plenul Senatului. Decizia final\u0103 le apar\u0163ine, \u00eens\u0103, deputa\u0163ilor. Nu s-au f\u0103cut modific\u0103ri semnificative fa\u0163\u0103 de varianta propus\u0103 de Guvern pentru a nu exista riscul ca aceast\u0103 lege s\u0103 devin\u0103 imposibil de aplicat, spune ministrul Olgu\u0163a [&hellip;]<\/p>\n","protected":false},"author":1,"featured_media":100755,"comment_status":"open","ping_status":"","sticky":false,"template":"","format":"standard","meta":{"footnotes":""},"categories":[2],"tags":[11],"class_list":["post-100754","post","type-post","status-publish","format-standard","has-post-thumbnail","hentry","category-politics","tag-digi24"],"_links":{"self":[{"href":"https:\/\/analyse.optim.biz\/index.php?rest_route=\/wp\/v2\/posts\/100754","targetHints":{"allow":["GET"]}}],"collection":[{"href":"https:\/\/analyse.optim.biz\/index.php?rest_route=\/wp\/v2\/posts"}],"about":[{"href":"https:\/\/analyse.optim.biz\/index.php?rest_route=\/wp\/v2\/types\/post"}],"author":[{"embeddable":true,"href":"https:\/\/analyse.optim.biz\/index.php?rest_route=\/wp\/v2\/users\/1"}],"replies":[{"embeddable":true,"href":"https:\/\/analyse.optim.biz\/index.php?rest_route=%2Fwp%2Fv2%2Fcomments&post=100754"}],"version-history":[{"count":0,"href":"https:\/\/analyse.optim.biz\/index.php?rest_route=\/wp\/v2\/posts\/100754\/revisions"}],"wp:featuredmedia":[{"embeddable":true,"href":"https:\/\/analyse.optim.biz\/index.php?rest_route=\/wp\/v2\/media\/100755"}],"wp:attachment":[{"href":"https:\/\/analyse.optim.biz\/index.php?rest_route=%2Fwp%2Fv2%2Fmedia&parent=100754"}],"wp:term":[{"taxonomy":"category","embeddable":true,"href":"https:\/\/analyse.optim.biz\/index.php?rest_route=%2Fwp%2Fv2%2Fcategories&post=100754"},{"taxonomy":"post_tag","embeddable":true,"href":"https:\/\/analyse.optim.biz\/index.php?rest_route=%2Fwp%2Fv2%2Ftags&post=100754"}],"curies":[{"name":"wp","href":"https:\/\/api.w.org\/{rel}","templated":true}]}}