{"id":100751,"date":"2018-11-14T08:56:05","date_gmt":"2018-11-14T05:56:05","guid":{"rendered":"https:\/\/analyse.optim.biz\/?p=100751"},"modified":"2018-11-14T08:56:05","modified_gmt":"2018-11-14T05:56:05","slug":"pnl-a-depus-solicitarea-de-revocarea-a-lui-dragnea-de-la-sefia-camerei-deputatilor","status":"publish","type":"post","link":"https:\/\/analyse.optim.biz\/?p=100751","title":{"rendered":"PNL a depus solicitarea de revocarea a lui Dragnea de la \u0219efia Camerei Deputa\u021bilor"},"content":{"rendered":"<div class=\"entry data-app-meta data-app-meta-article\" data-embed-base-url-canonical=\"https:\/\/www.digi24.ro\/embed\/stiri\/actualitate\/politica\/pnl-a-depus-solicitarea-de-revocarea-a-lui-liviu-dragnea-de-la-sefia-camerei-deputatilor-1032018\">\n<p data-index=\"1\"><strong><span lang=\"ro-RO\">Raluca Turcan, liderul PNL, a depus mar\u021bi la Biroul Permanent al Camerei Deputa\u021bilor solicitarea de revocare a lui Liviu Dragnea din func\u021bia de pre\u0219edinte al Camerei Deputa\u021bilor. Demersul este semnat de parlamentarii PNL, USR, PMP \u0219i cei independen\u021bi afilia\u021bi partidului lui Victor Ponta, Pro Rom\u00e2nia, scrie\u00a0<a href=\"https:\/\/www.g4media.ro\/pnl-a-depus-solicitarea-de-revocarea-a-lui-liviu-dragnea-de-la-sefia-camerei-deputatilor-acuzatii-refuzul-convocarii-unei-sesiuni-extraordinare-folosirea-functiei-in-interes-propriu-declaratii-fa.html\" target=\"_blank\" rel=\"noopener\" data-skip-linkfix=\"1\">G4Media.ro<\/a>.<\/span><\/strong><\/p>\n<figure class=\"article-thumb\"><img decoding=\"async\" src=\"https:\/\/analyse.optim.biz\/wp-content\/uploads\/2024\/09\/ptemagfzad03mtyzyza2otexogu3nwjmnmvmodnlytm2ywu4zgzkmq-thumb_.jpg\" alt=\"liviu dragnea, lider psd\" data-skip-htmlfix=\"1\" title=\"ptemagfzad03mtyzyza2otexogu3nwjmnmvmodnlytm2ywu4zgzkmq-thumb_\"><figcaption> Raluca Turcan a depus solicitarea de revocare a lui Liviu Dragnea <\/figcaption><\/figure>\n<p data-index=\"2\"><span lang=\"ro-RO\">Solicitarea se bazeaz\u0103 pe o serie de acuza\u021bii de \u00eenc\u0103lcare a Constitu\u021biei \u0219i a regulamentului Camerei Deputa\u021bilor:<\/span><\/p>\n<ul>\n<li>\n<p data-index=\"3\">refuzul convoc\u0103rii sesiunii extraordinare, solicitat\u0103 de PNL, USR \u0219i PMP pentru 20-24 august 2018;<\/p>\n<\/li>\n<li>\n<p data-index=\"4\">\u00eenc\u0103lcarea principiului constitu\u021bional al separa\u021biei puterilor \u00een stat, al independen\u021bei justi\u021biei \u0219i folosirea func\u021biei \u00een interes propriu;<\/p>\n<\/li>\n<li>\n<p data-index=\"5\">declara\u021bii f\u0103r\u0103 mandat, \u00een numele Camerei Deputa\u021bilor, \u00eempotriva SUA, UE \u0219i NATO;<\/p>\n<\/li>\n<li>\n<p data-index=\"6\">blocarea abuziv\u0103 a ini\u021biativelor parlamentare ale partidelor din Opozi\u021bie.<\/p>\n<\/li>\n<\/ul>\n<p data-index=\"7\">\u201dToate considerentele expuse mai sus relev\u0103 o \u00eenc\u0103lcare grav\u0103 a Constitu\u021biei Rom\u00e2niei de c\u0103tre pre\u0219edintele Camerei Deputa\u021bilor, domnul Liviu Dragnea. Sanc\u021biunea aplicabil\u0103 pentru \u00eenc\u0103lcarea grav\u0103 a Constitu\u021biei este\u00a0revocarea din func\u021bie, pe motive de natur\u0103 juridic\u0103 \u00een temeiul art. 64 alin (2) din Constitu\u021bia Rom\u00e2niei.\u00a0Potrivit jurispruden\u021bei constitu\u021bionale revocarea din func\u021bie a pre\u0219edintelui Camerei Deputa\u021bilor se poate realiza \u00een dou\u0103 situa\u021bii: ca urmare a pierderii sprijinului politic din partea grupului parlamentar care l-a propus sau, a doua situa\u021bie, pe motiv de natur\u0103 juridic\u0103 dac\u0103 se constat\u0103 \u00eenc\u0103lcarea grav\u0103 a Constitu\u021biei (\u2026) Suntem \u00een prezen\u021ba situa\u021biei de revocare din func\u021bie pentru motive de natur\u0103 juridic\u0103\u201d, se arat\u0103 \u00een solicitarea de revocare a lui Liviu Dragnea din func\u021bia de pre\u0219edinte al Camerei Deputa\u021bilor.<\/p>\n<p data-index=\"8\">PNL subliniaz\u0103 c\u0103 revocarea din func\u021bie pentru motive de natur\u0103 juridic\u0103 se face cu votul a jum\u0103tate plus unu dintre deputa\u021bii prezen\u021bi.<\/p>\n<p data-index=\"9\">\u00a0<\/p>\n<\/div>\n<p> Source URL: https:\/\/www.digi24.ro\/stiri\/actualitate\/politica\/pnl-a-depus-solicitarea-de-revocarea-a-lui-liviu-dragnea-de-la-sefia-camerei-deputatilor-1032018<\/p>\n","protected":false},"excerpt":{"rendered":"<p>Raluca Turcan, liderul PNL, a depus mar\u021bi la Biroul Permanent al Camerei Deputa\u021bilor solicitarea de revocare a lui Liviu Dragnea din func\u021bia de pre\u0219edinte al Camerei Deputa\u021bilor. Demersul este semnat de parlamentarii PNL, USR, PMP \u0219i cei independen\u021bi afilia\u021bi partidului lui Victor Ponta, Pro Rom\u00e2nia, scrie\u00a0G4Media.ro. Raluca Turcan a depus solicitarea de revocare a lui [&hellip;]<\/p>\n","protected":false},"author":1,"featured_media":100752,"comment_status":"open","ping_status":"","sticky":false,"template":"","format":"standard","meta":{"footnotes":""},"categories":[2],"tags":[11],"class_list":["post-100751","post","type-post","status-publish","format-standard","has-post-thumbnail","hentry","category-politics","tag-digi24"],"_links":{"self":[{"href":"https:\/\/analyse.optim.biz\/index.php?rest_route=\/wp\/v2\/posts\/100751","targetHints":{"allow":["GET"]}}],"collection":[{"href":"https:\/\/analyse.optim.biz\/index.php?rest_route=\/wp\/v2\/posts"}],"about":[{"href":"https:\/\/analyse.optim.biz\/index.php?rest_route=\/wp\/v2\/types\/post"}],"author":[{"embeddable":true,"href":"https:\/\/analyse.optim.biz\/index.php?rest_route=\/wp\/v2\/users\/1"}],"replies":[{"embeddable":true,"href":"https:\/\/analyse.optim.biz\/index.php?rest_route=%2Fwp%2Fv2%2Fcomments&post=100751"}],"version-history":[{"count":0,"href":"https:\/\/analyse.optim.biz\/index.php?rest_route=\/wp\/v2\/posts\/100751\/revisions"}],"wp:featuredmedia":[{"embeddable":true,"href":"https:\/\/analyse.optim.biz\/index.php?rest_route=\/wp\/v2\/media\/100752"}],"wp:attachment":[{"href":"https:\/\/analyse.optim.biz\/index.php?rest_route=%2Fwp%2Fv2%2Fmedia&parent=100751"}],"wp:term":[{"taxonomy":"category","embeddable":true,"href":"https:\/\/analyse.optim.biz\/index.php?rest_route=%2Fwp%2Fv2%2Fcategories&post=100751"},{"taxonomy":"post_tag","embeddable":true,"href":"https:\/\/analyse.optim.biz\/index.php?rest_route=%2Fwp%2Fv2%2Ftags&post=100751"}],"curies":[{"name":"wp","href":"https:\/\/api.w.org\/{rel}","templated":true}]}}