{"id":1005742,"date":"2025-12-09T00:00:00","date_gmt":"2025-12-08T21:00:00","guid":{"rendered":"https:\/\/analyse.optim.biz\/?p=1005742"},"modified":"2025-12-09T00:00:00","modified_gmt":"2025-12-08T21:00:00","slug":"aznar-destruye-el-relato-de-sanchez-con-una-bateria-de-preguntas-que-retratan-el-populismo-socialista-periodista-digital","status":"publish","type":"post","link":"https:\/\/analyse.optim.biz\/?p=1005742","title":{"rendered":"Aznar destruye el relato de S\u00e1nchez con una bater\u00eda de preguntas que retratan el populismo socialista &#8211; Periodista Digital"},"content":{"rendered":"<div class=\"m4p-post-content\">\n<div class=\"block-vertical-align-right\">\n<div class=\"m4p-relations-group\">\n<div class=\"m4p-group-vertical-title\">\n<h2>M\u00e1s informaci\u00f3n<\/h2>\n<\/div>\n<div class=\"m4p-summary-news\">\n<figure class=\"m4p-image m4p-crop-medium-1\"><a href=\"https:\/\/www.periodistadigital.com\/periodismo\/tv\/20251209\/ana-rosa-sopapea-charos-gobierno-sanchez-burda-estrategia-tapar-escandalo-guarretes-psoe-video-689405161313\/\"><img loading=\"lazy\" decoding=\"async\" src=\"https:\/\/analyse.optim.biz\/wp-content\/uploads\/2025\/12\/anarosapsoe-320x214-2.jpg\" width=\"320\" height=\"214\" alt=\"Ana Rosa sopapea a las 'charos' del Gobierno por intentar tapar el esc\u00e1ndalo de los &quot;guarretes&quot; del PSOE\" title=\"anarosapsoe-320x214-2\"><\/a><\/figure>\n<div class=\"m4p-summary-news-title\">\n<h3><a href=\"https:\/\/www.periodistadigital.com\/periodismo\/tv\/20251209\/ana-rosa-sopapea-charos-gobierno-sanchez-burda-estrategia-tapar-escandalo-guarretes-psoe-video-689405161313\/\">Ana Rosa sopapea a las &#8216;charos&#8217; del Gobierno por intentar tapar el esc\u00e1ndalo de los &#8220;guarretes&#8221; del PSOE<\/a><\/h3>\n<\/div>\n<\/div>\n<div class=\"m4p-summary-news\">\n<figure class=\"m4p-image m4p-crop-medium-1\"><a href=\"https:\/\/www.periodistadigital.com\/politica\/20251209\/abalos-revela-psoe-incluido-sanchez-cobraban-efectivo-noticia-689405161247\/\"><img loading=\"lazy\" decoding=\"async\" src=\"https:\/\/analyse.optim.biz\/wp-content\/uploads\/2025\/12\/koldo-abalos-sanchez-el-psoe-y-el-peugeot-320x214-2.jpg\" width=\"320\" height=\"214\" alt=\"Koldo, Abalos, Sa\u0301nchez, el PSOE y el Peugeot\" title=\"koldo-abalos-sanchez-el-psoe-y-el-peugeot-320x214-2\"><\/a><\/figure>\n<div class=\"m4p-summary-news-title\">\n<h3><a href=\"https:\/\/www.periodistadigital.com\/politica\/20251209\/abalos-revela-psoe-incluido-sanchez-cobraban-efectivo-noticia-689405161247\/\">\u00c1balos revela que todos en el PSOE, incluido S\u00e1nchez, cobraban en efectivo<\/a><\/h3>\n<\/div>\n<\/div>\n<\/div>\n<\/div>\n<p>El expresidente del Gobierno, <strong>Jos\u00e9 Mar\u00eda Aznar,<\/strong> ha participado en el programa Espejo P\u00fablico para presentar su \u00faltimo libro, <em>Orden y libertad<\/em>, y analizar la actualidad pol\u00edtica.<\/p>\n<p>El popular se pregunta cu\u00e1ntos hombres y mujeres del n\u00facleo duro de <strong>Pedro S\u00e1nchez<\/strong> caer\u00e1n por sus chanchullos y casos de acoso sexual.<\/p>\n<blockquote>\n<p>\u00ab\u00bfHasta d\u00f3nde puede llegar la corrupci\u00f3n en Espa\u00f1a? \u00bfY hasta d\u00f3nde se puede estar sin mayor\u00eda en el Gobierno? \u00bfHasta d\u00f3nde se puede vivir en el Gobierno con una coalici\u00f3n anticonstitucional? \u00bfHasta d\u00f3nde se quiere aguantar la situaci\u00f3n? \u00bfHasta qu\u00e9 punto se quieren da\u00f1ar las instituciones a cambio de estar unas cuantas semanas, meses o un tiempo m\u00e1s en el poder?\u00bb.<\/p>\n<\/blockquote>\n<p>Aznar carga contra el populismo impulsado por S\u00e1nchez, incidiendo en que esa forma de hacer pol\u00edtica siempre termina en reg\u00edmenes corruptos y totalitarios.<\/p>\n<blockquote>\n<p>\u00abNo creo en el populismo. Me da igual que sea de izquierda o de derecha; detesto el populismo porque est\u00e1 fundamentado en la impostura. Fundamentalmente, acaba en la autocracia o en la corrupci\u00f3n, como estamos viviendo en Espa\u00f1a\u00bb.<\/p>\n<\/blockquote>\n<p>Explica que, como el populismo se sustenta en entregar dinero a costa de los que producen en el pa\u00eds para conseguir votos, conduce inevitablemente a situaciones econ\u00f3micas que no son sanas, sostenibles ni equilibradas. Para evitar estas situaciones, incide en la importancia de que el gobierno de turno sea capaz de aprobar los Presupuestos Generales del Estado.<\/p>\n<blockquote>\n<p>\u00abNo se puede gobernar ni estar en el Gobierno si no se tienen Presupuestos durante tres a\u00f1os consecutivos. Si no hay Presupuestos, no hay plan\u00bb.<\/p>\n<\/blockquote>\n<p>Aznar derriba el relato econ\u00f3mico que difunden Moncloa y sus terminales, se\u00f1alando que ni los j\u00f3venes ni las clases medias consideran que la situaci\u00f3n va bien, que pagamos m\u00e1s impuestos que nunca, que los fondos europeos se han invertido mal y que estamos m\u00e1s endeudados que nunca como naci\u00f3n.<\/p>\n<p>Explica que este populismo que ha llevado a la degradaci\u00f3n institucional, se ve reflejado en las pr\u00f3ximas elecciones de Extremadura:<\/p>\n<blockquote>\n<p>\u00abEl Partido Socialista presenta en Extremadura a un candidato procesado, llamado para un juicio oral. \u00bfC\u00f3mo es posible? Este Gobierno ha llevado al l\u00edmite al fiscal general del Estado, que ha sido condenado por el Tribunal Supremo. \u00bfC\u00f3mo no se va a alimentar el populismo en Espa\u00f1a? Todo lo que significa desprestigio institucional, ataque constitucional y falta de confianza en las instituciones es alimento para el populismo\u00bb.<\/p>\n<\/blockquote>\n<p>Tambi\u00e9n desarm\u00f3 el relato de Moncloa y Ferraz, que usan su frase \u00abel que pueda hacer, que haga\u00bb como una excusa para cualquier decisi\u00f3n judicial contraria a sus intereses, alentando la falacia del <em>lawfare.<\/em><\/p>\n<blockquote>\n<p>\u00abYo no tengo esperanza de que quien no tiene capacidad para entender las cosas, lo haga. El concepto de ciudadano responsable, preocupado por las cosas p\u00fablicas, viene de Grecia, donde nace el concepto de ciudadan\u00eda. Yo creo en ese concepto, en los ciudadanos que se preocupan de las cosas que pasan en su pa\u00eds\u00bb.<\/p>\n<\/blockquote>\n<p>Incide en que hay que luchar contra la indiferencia de las personas y que se requieren ciudadanos activos, preocupados por los asuntos p\u00fablicos, y que ese era el mensaje.<\/p>\n<p>Por \u00faltimo, lanz\u00f3 una advertencia sobre el riesgo que implica el desgobierno de Pedro S\u00e1nchez y la \u2018ineptocracia\u2019 que ha impuesto en estos a\u00f1os.<\/p>\n<blockquote>\n<p>\u00abNo podemos pasar de una ineptocracia corrupta a un pa\u00eds ingobernable; ahora no se est\u00e1 gobernando. Espa\u00f1a necesita una mayor\u00eda s\u00f3lida a la derecha y a la izquierda en torno a un protagonista que debe saber manejar la situaci\u00f3n\u00bb.<\/p>\n<\/blockquote>\n<\/div>\n<p> Source URL: https:\/\/www.periodistadigital.com\/television\/20251209\/aznar-destruye-relato-sanchez-bateria-preguntas-retratan-populismo-socialista-video-689405161384\/<\/p>\n","protected":false},"excerpt":{"rendered":"<p>M\u00e1s informaci\u00f3n Ana Rosa sopapea a las &#8216;charos&#8217; del Gobierno por intentar tapar el esc\u00e1ndalo de los &#8220;guarretes&#8221; del PSOE \u00c1balos revela que todos en el PSOE, incluido S\u00e1nchez, cobraban en efectivo El expresidente del Gobierno, Jos\u00e9 Mar\u00eda Aznar, ha participado en el programa Espejo P\u00fablico para presentar su \u00faltimo libro, Orden y libertad, y [&hellip;]<\/p>\n","protected":false},"author":1,"featured_media":1005743,"comment_status":"open","ping_status":"","sticky":false,"template":"","format":"standard","meta":{"footnotes":""},"categories":[88],"tags":[112],"class_list":["post-1005742","post","type-post","status-publish","format-standard","has-post-thumbnail","hentry","category-spain","tag-periodistadigital-com"],"_links":{"self":[{"href":"https:\/\/analyse.optim.biz\/index.php?rest_route=\/wp\/v2\/posts\/1005742","targetHints":{"allow":["GET"]}}],"collection":[{"href":"https:\/\/analyse.optim.biz\/index.php?rest_route=\/wp\/v2\/posts"}],"about":[{"href":"https:\/\/analyse.optim.biz\/index.php?rest_route=\/wp\/v2\/types\/post"}],"author":[{"embeddable":true,"href":"https:\/\/analyse.optim.biz\/index.php?rest_route=\/wp\/v2\/users\/1"}],"replies":[{"embeddable":true,"href":"https:\/\/analyse.optim.biz\/index.php?rest_route=%2Fwp%2Fv2%2Fcomments&post=1005742"}],"version-history":[{"count":0,"href":"https:\/\/analyse.optim.biz\/index.php?rest_route=\/wp\/v2\/posts\/1005742\/revisions"}],"wp:featuredmedia":[{"embeddable":true,"href":"https:\/\/analyse.optim.biz\/index.php?rest_route=\/wp\/v2\/media\/1005743"}],"wp:attachment":[{"href":"https:\/\/analyse.optim.biz\/index.php?rest_route=%2Fwp%2Fv2%2Fmedia&parent=1005742"}],"wp:term":[{"taxonomy":"category","embeddable":true,"href":"https:\/\/analyse.optim.biz\/index.php?rest_route=%2Fwp%2Fv2%2Fcategories&post=1005742"},{"taxonomy":"post_tag","embeddable":true,"href":"https:\/\/analyse.optim.biz\/index.php?rest_route=%2Fwp%2Fv2%2Ftags&post=1005742"}],"curies":[{"name":"wp","href":"https:\/\/api.w.org\/{rel}","templated":true}]}}