{"id":100240,"date":"2018-11-20T16:49:49","date_gmt":"2018-11-20T13:49:49","guid":{"rendered":"https:\/\/analyse.optim.biz\/?p=100240"},"modified":"2018-11-20T16:49:49","modified_gmt":"2018-11-20T13:49:49","slug":"dragos-benea-ar-putea-fi-propunerea-de-ministru-al-transporturilor","status":"publish","type":"post","link":"https:\/\/analyse.optim.biz\/?p=100240","title":{"rendered":"Drago\u0219 Benea ar putea fi propunerea de ministru al Transporturilor"},"content":{"rendered":"<div class=\"entry data-app-meta data-app-meta-article\" data-embed-base-url-canonical=\"https:\/\/www.digi24.ro\/embed\/stiri\/economie\/transporturi\/dragos-benea-ar-putea-fi-propunerea-de-ministru-al-transporturilor-1035452\">\n<p data-index=\"1\">Acesta a fost \u0219i pre\u0219edinte al CJ Bac\u0103u, p\u00e2n\u0103 \u00een 2016. \u00cen prezent este senator PSD.<\/p>\n<p data-index=\"2\"><img loading=\"lazy\" decoding=\"async\" class=\"alignnone size-full wp-image-277398\" src=\"https:\/\/analyse.optim.biz\/wp-content\/uploads\/2024\/09\/oti1ywe3owfinjjimjmyzddhnwuxngm5ma-thumb_.jpg\" width=\"800\" height=\"541\" data-skip-htmlfix=\"1\" title=\"oti1ywe3owfinjjimjmyzddhnwuxngm5ma-thumb_\"><\/p>\n<p data-index=\"3\">Drago\u0219 Benea, viitorul ministru al Transporturilor este originar din jude\u021bul Bac\u0103u, asemenea predecesorului s\u0103u Lucian \u0218ova. El a absolvit universitatea &#8220;Vasile Alecsandri&#8221; din Bac\u0103u, Facultatea de litere \u015fi \u015ftiin\u0163e, Sec\u0163ia Comer\u0163\u2011Marketing. Desemnarea sa vine dup\u0103 ce pre\u0219edintele Klaus Iohannis a refuzat numirea lui Olgu\u021ba Vasilescu la minister.<\/p>\n<p data-index=\"4\"><strong>Citi\u021bi \u0219i: <a href=\"https:\/\/www.digi24.ro\/opinii\/un-guvern-resapat-si-o-decizie-care-complica-rafuiala-din-psd-1035400\" data-skip-linkfix=\"1\">Un guvern re\u0219apat \u0219i o decizie care complic\u0103 r\u0103fuiala din PSD<\/a><\/strong><\/p>\n<\/div>\n<p> Source URL: https:\/\/www.digi24.ro\/stiri\/economie\/transporturi\/dragos-benea-ar-putea-fi-propunerea-de-ministru-al-transporturilor-1035452<\/p>\n","protected":false},"excerpt":{"rendered":"<p>Acesta a fost \u0219i pre\u0219edinte al CJ Bac\u0103u, p\u00e2n\u0103 \u00een 2016. \u00cen prezent este senator PSD. Drago\u0219 Benea, viitorul ministru al Transporturilor este originar din jude\u021bul Bac\u0103u, asemenea predecesorului s\u0103u Lucian \u0218ova. El a absolvit universitatea &#8220;Vasile Alecsandri&#8221; din Bac\u0103u, Facultatea de litere \u015fi \u015ftiin\u0163e, Sec\u0163ia Comer\u0163\u2011Marketing. Desemnarea sa vine dup\u0103 ce pre\u0219edintele Klaus Iohannis [&hellip;]<\/p>\n","protected":false},"author":1,"featured_media":100241,"comment_status":"open","ping_status":"","sticky":false,"template":"","format":"standard","meta":{"footnotes":""},"categories":[2],"tags":[11],"class_list":["post-100240","post","type-post","status-publish","format-standard","has-post-thumbnail","hentry","category-politics","tag-digi24"],"_links":{"self":[{"href":"https:\/\/analyse.optim.biz\/index.php?rest_route=\/wp\/v2\/posts\/100240","targetHints":{"allow":["GET"]}}],"collection":[{"href":"https:\/\/analyse.optim.biz\/index.php?rest_route=\/wp\/v2\/posts"}],"about":[{"href":"https:\/\/analyse.optim.biz\/index.php?rest_route=\/wp\/v2\/types\/post"}],"author":[{"embeddable":true,"href":"https:\/\/analyse.optim.biz\/index.php?rest_route=\/wp\/v2\/users\/1"}],"replies":[{"embeddable":true,"href":"https:\/\/analyse.optim.biz\/index.php?rest_route=%2Fwp%2Fv2%2Fcomments&post=100240"}],"version-history":[{"count":0,"href":"https:\/\/analyse.optim.biz\/index.php?rest_route=\/wp\/v2\/posts\/100240\/revisions"}],"wp:featuredmedia":[{"embeddable":true,"href":"https:\/\/analyse.optim.biz\/index.php?rest_route=\/wp\/v2\/media\/100241"}],"wp:attachment":[{"href":"https:\/\/analyse.optim.biz\/index.php?rest_route=%2Fwp%2Fv2%2Fmedia&parent=100240"}],"wp:term":[{"taxonomy":"category","embeddable":true,"href":"https:\/\/analyse.optim.biz\/index.php?rest_route=%2Fwp%2Fv2%2Fcategories&post=100240"},{"taxonomy":"post_tag","embeddable":true,"href":"https:\/\/analyse.optim.biz\/index.php?rest_route=%2Fwp%2Fv2%2Ftags&post=100240"}],"curies":[{"name":"wp","href":"https:\/\/api.w.org\/{rel}","templated":true}]}}