{"id":100234,"date":"2018-11-20T17:24:14","date_gmt":"2018-11-20T14:24:14","guid":{"rendered":"https:\/\/analyse.optim.biz\/?p=100234"},"modified":"2018-11-20T17:24:14","modified_gmt":"2018-11-20T14:24:14","slug":"benea-propunerea-pentru-transporturi-autostrada-tg-mures-iasi-nu-se-va-face-niciodata","status":"publish","type":"post","link":"https:\/\/analyse.optim.biz\/?p=100234","title":{"rendered":"Benea, propunerea pentru Transporturi: Autostrada Tg Mure\u0219 &#8211; Ia\u0219i nu se va face niciodat\u0103"},"content":{"rendered":"<div class=\"entry data-app-meta data-app-meta-article\" data-embed-base-url-canonical=\"https:\/\/www.digi24.ro\/embed\/stiri\/economie\/transporturi\/benea-propunerea-pentru-transporturi-autostrada-tg-mures-iasi-nu-se-va-face-niciodata-1035469\">\n<p data-index=\"1\"><strong>Acum un an senatorul PSD Drago\u0219 Benea pleda pentru o autostrad\u0103 Moldova &#8211; Transilvania care s\u0103 treac\u0103 pe la Bac\u0103u, pe ruta Ia\u0219i &#8211; T\u00e2rgu Neam\u021b &#8211; Pa\u0219cani, deci f\u0103r\u0103 traversarea mun\u021bilor.<\/strong><\/p>\n<figure class=\"article-thumb\"><img decoding=\"async\" src=\"https:\/\/analyse.optim.biz\/wp-content\/uploads\/2024\/09\/ptemagfzad00mmmwodm0mje3ndi4mdnknte0mmm5nznhndm2owu1mq-thumb_-1.jpg\" alt=\"protest masini autostrada moldova - inquam - george calin 20180519173020__MG_5826-01\" data-skip-htmlfix=\"1\" title=\"ptemagfzad00mmmwodm0mje3ndi4mdnknte0mmm5nznhndm2owu1mq-thumb_-1\"><figcaption> Foto: InquamPhotos\/George C\u0103lin <\/figcaption><\/figure>\n<p data-index=\"2\">Senatorul Drago\u015f Benea, pre\u015fedintele Organiza\u0163iei jude\u0163ene a PSD Bac\u0103u, declarat \u00een noiembrie 2017\u00a0 c\u0103 nu va vota aprobarea proiectului de demarare a lucr\u0103rilor pentru Autostrada T\u00e2rgu Mure\u015f-Ia\u015fi-Ungheni. \u201cE un proiect foarte scump care nu va fi realizat niciodat\u0103. Acest proiect este o plas\u0103 \u00eentins\u0103 \u00een mod deliberat\u201d, spunea senatorul PSD.\u00a0 Opiniile sale veneau dup\u0103 ce\u00a0Comisia pentru buget \u015fi finan\u0163e din cadrul Senatului Rom\u00e2niei avizase proiectul de realizare a autostr\u0103zii.<\/p>\n<p data-index=\"3\">\u201cDin 2006 de c\u00e2nd exta acest proiect nu s a \u00eent\u00e2mplat nimic \u015fi teoria mea e c\u0103 nici nu o s\u0103 se \u00eent\u00e2mple ceva. S\u0103 fim reali\u015fti, nu sunt bani pentru Autostrada T\u00e2rgu Mure\u015f-Ia\u015fi-Ungheni. Nu o permite nici formele de relief, nici rezerva\u0163iile naturale, nici costurile\u201d, spunea Drago\u0219 Benea, potrivit <a href=\"https:\/\/www.hotnews.ro\/stiri-esential-22129030-senatorul-psd-dragos-benea-despre-proiectul-lege-privind-autostrada-targu-mures-iasi-ungheni-proiect-foarte-scump-care-nu-realizat-niciodata.htm\" data-skip-linkfix=\"1\"><strong>Hotnews.ro<\/strong><\/a>. O opinie de sus\u021binere a autostr\u0103zii Ia\u0219i &#8211; T\u00e2rgu Neam\u021b- T\u00e2rgu Mure\u0219 nu a avut-o nici actualul ministru al Transporturilor, Lucian \u0218ova. Ultimul \u00eens\u0103 nu a fost revocat din func\u021bie deci este \u00een continuare ministru al Transporturilor.<\/p>\n<\/div>\n<p> Source URL: https:\/\/www.digi24.ro\/stiri\/economie\/transporturi\/benea-propunerea-pentru-transporturi-autostrada-tg-mures-iasi-nu-se-va-face-niciodata-1035469<\/p>\n","protected":false},"excerpt":{"rendered":"<p>Acum un an senatorul PSD Drago\u0219 Benea pleda pentru o autostrad\u0103 Moldova &#8211; Transilvania care s\u0103 treac\u0103 pe la Bac\u0103u, pe ruta Ia\u0219i &#8211; T\u00e2rgu Neam\u021b &#8211; Pa\u0219cani, deci f\u0103r\u0103 traversarea mun\u021bilor. Foto: InquamPhotos\/George C\u0103lin Senatorul Drago\u015f Benea, pre\u015fedintele Organiza\u0163iei jude\u0163ene a PSD Bac\u0103u, declarat \u00een noiembrie 2017\u00a0 c\u0103 nu va vota aprobarea proiectului de [&hellip;]<\/p>\n","protected":false},"author":1,"featured_media":100235,"comment_status":"open","ping_status":"","sticky":false,"template":"","format":"standard","meta":{"footnotes":""},"categories":[2],"tags":[11],"class_list":["post-100234","post","type-post","status-publish","format-standard","has-post-thumbnail","hentry","category-politics","tag-digi24"],"_links":{"self":[{"href":"https:\/\/analyse.optim.biz\/index.php?rest_route=\/wp\/v2\/posts\/100234","targetHints":{"allow":["GET"]}}],"collection":[{"href":"https:\/\/analyse.optim.biz\/index.php?rest_route=\/wp\/v2\/posts"}],"about":[{"href":"https:\/\/analyse.optim.biz\/index.php?rest_route=\/wp\/v2\/types\/post"}],"author":[{"embeddable":true,"href":"https:\/\/analyse.optim.biz\/index.php?rest_route=\/wp\/v2\/users\/1"}],"replies":[{"embeddable":true,"href":"https:\/\/analyse.optim.biz\/index.php?rest_route=%2Fwp%2Fv2%2Fcomments&post=100234"}],"version-history":[{"count":0,"href":"https:\/\/analyse.optim.biz\/index.php?rest_route=\/wp\/v2\/posts\/100234\/revisions"}],"wp:featuredmedia":[{"embeddable":true,"href":"https:\/\/analyse.optim.biz\/index.php?rest_route=\/wp\/v2\/media\/100235"}],"wp:attachment":[{"href":"https:\/\/analyse.optim.biz\/index.php?rest_route=%2Fwp%2Fv2%2Fmedia&parent=100234"}],"wp:term":[{"taxonomy":"category","embeddable":true,"href":"https:\/\/analyse.optim.biz\/index.php?rest_route=%2Fwp%2Fv2%2Fcategories&post=100234"},{"taxonomy":"post_tag","embeddable":true,"href":"https:\/\/analyse.optim.biz\/index.php?rest_route=%2Fwp%2Fv2%2Ftags&post=100234"}],"curies":[{"name":"wp","href":"https:\/\/api.w.org\/{rel}","templated":true}]}}